{"id":91221,"date":"2025-11-08T12:59:10","date_gmt":"2025-11-08T12:59:10","guid":{"rendered":"https:\/\/www.europesays.com\/pl\/91221\/"},"modified":"2025-11-08T12:59:10","modified_gmt":"2025-11-08T12:59:10","slug":"olek-sikora-z-kamera-halo-tu-polsat-odwiedzil-dom-joanny-kurowskiej-na-sniadaniu-pojawili-sie-tez-corka-gwiazdy-i-jej-przyjaciele","status":"publish","type":"post","link":"https:\/\/www.europesays.com\/pl\/91221\/","title":{"rendered":"Olek Sikora z kamer\u0105 &#8222;halo tu polsat&#8221; odwiedzi\u0142 dom Joanny Kurowskiej. Na \u015bniadaniu pojawili si\u0119 te\u017c c\u00f3rka gwiazdy i jej przyjaciele"},"content":{"rendered":"<p class=\"typography ids-typeset-body ids-typeset-body--preset-large link paragraph ids-paragraph ids-paragraph--default\">Dom Joanny Kurowskiej emanuje ciep\u0142em i dobr\u0105 energi\u0105. A wszystko za spraw\u0105 pani tego, kt\u00f3ra otwiera na o\u015bcie\u017c drzwi dla go\u015bci. Tym razem na \u015bniadanie przy pi\u0119knie zastawionym stole gwiazda zaprosi\u0142a nie tylko c\u00f3rk\u0119 i przyjaci\u00f3\u0142, ale i gospodarza &#8222;halo tu\u00a0polsat&#8221;, Olka Sikor\u0119.<\/p>\n<p>To ona stoi za metamorfoz\u0105 Joanny Kurowskiej. Dr Barbara Jerschina jest sta\u0142ym go\u015bciem w domu gwiazdy<\/p>\n<p class=\"typography ids-typeset-body ids-typeset-body--preset-large link paragraph ids-paragraph ids-paragraph--default\">Jaki\u015b czas temu Joanna Kurowska przesz\u0142a niebywa\u0142\u0105 metamorfoz\u0119\u00a0&#8211; aktorka straci\u0142a 17 kilogram\u00f3w. Przemiana odbywa\u0142a si\u0119 pod okiem fachowca &#8211; nad diet\u0105 i stylem \u017cycia aktorki czuwa\u0142a dr Barbara\u00a0Jerschina. Joanna Kurowska nie kry\u0142a w wywiadach, \u017ce dzi\u0119ki wsparciu ekspertki, kt\u00f3ra zaordynowa\u0142a diet\u0119\u00a0bogat\u0105\u00a0w warzywa, ryby\u00a0i chude mi\u0119so oraz zaleci\u0142a unikanie pieczywa, makaronu i produkt\u00f3w m\u0105cznych, wr\u00f3ci\u0142a do formy. Pani doktor zaleci\u0142a te\u017c aktorce odpowiedni\u0105 dawk\u0119 ruchu, a ten sta\u0142 si\u0119 nieodzownym elementem jej \u017cycia. Dzi\u015b Joanna Kurowska znajduje przyjemno\u015b\u0107 cho\u0107by we wsp\u00f3lnych spacerach z\u00a0zaprzyja\u017anion\u0105 ju\u017c dr Barbar\u0105.<\/p>\n<p class=\"typography ids-typeset-body ids-typeset-body--preset-large link paragraph ids-paragraph ids-paragraph--default\">Na pytanie Olka Sikory, jak panie trafi\u0142y na siebie, Joanna Kurowska odpar\u0142a: &#8222;Z\u0142ama\u0142am nog\u0119 i lekarz mi kaza\u0142 zrzuci\u0107 10 kilogram\u00f3w.\u00a0No i odnalaz\u0142am Barbar\u0119, kt\u00f3ra jest jedyna w swoim rodzaju,\u00a0robi to najlepiej i odchudzi\u0142a mnie&#8221;.<\/p>\n<p class=\"typography ids-typeset-body ids-typeset-body--preset-large link paragraph ids-paragraph ids-paragraph--default\">A jej przyjaci\u00f3\u0142ka doda\u0142a: &#8222;To, co dla mnie by\u0142o najwa\u017cniejsze, to, co kocham w Joasi\u00a0i to, co te\u017c jakby jest tak\u0105 my\u015bl\u0105 przewodni\u0105 dla mnie,\u00a0kiedy [pracuj\u0119 z &#8211; przyp. red.] aktorkami, to \u017ce b\u0119d\u0105 mog\u0142y gra\u0107 wszystkie role,\u00a0jakie tylko b\u0119d\u0105 chcia\u0142y, a nie charakterystyczne,\u00a0do kt\u00f3rych pasuj\u0105 z jakich\u015b tam powod\u00f3w fizjonomii&#8221; &#8211; podkre\u015bli\u0142a.<\/p>\n<p class=\"typography ids-typeset-body ids-typeset-body--preset-large link paragraph ids-paragraph ids-paragraph--default\">Dzi\u015b pani doktor nie tylko czuwa nad form\u0105 i zdrowiem Joanny Kurowskiej (bywa przy tym surowa, co zauwa\u017cy\u0142a gwiazda), ale i sp\u0119dza z ni\u0105 wolny czas &#8211; na przyk\u0142ad maszeruj\u0105c po okolicy wok\u00f3\u0142 domu aktorki: &#8222;Pani doktor jest moj\u0105 serdeczn\u0105 przyjaci\u00f3\u0142k\u0105.\u00a0Dba o moje zdrowie, dba o moj\u0105 wag\u0119 (&#8230;).\u00a0Jest wybitnym fachowcem .\u00a0I bardzo cz\u0119sto mnie odwiedza, bo lubi chodzi\u0107 na spacery&#8221; &#8211; wyzna\u0142a Joanna Kurowska. &#8211; &#8222;Jak Basia do mnie przyje\u017cd\u017ca,\u00a0mam tu pi\u0119kny las i chodzimy sobie na\u00a0nordic\u00a0walking&#8221; &#8211; doda\u0142a.<\/p>\n<p>Zar\u0119czyny pod d\u0119bem, czyli jak Jacek Kopczy\u0144ski o\u015bwiadczy\u0142 si\u0119 ukochanej przed domem Joanny Kurowskiej<\/p>\n<p class=\"typography ids-typeset-body ids-typeset-body--preset-large link paragraph ids-paragraph ids-paragraph--default\">Na \u015bniadanie u gwiazdy zostali te\u017c zaproszeni jej przyjaciele &#8211; Jacek Kopczy\u0144ski z narzeczon\u0105, Agnieszk\u0105 Kustosz. Para niedawno si\u0119 zar\u0119czy\u0142a, a Jacek poprosi\u0142 ukochan\u0105 o r\u0119k\u0119 pod d\u0119bem,\u00a0kt\u00f3ry\u00a0ro\u015bnie w ogrodzie Joanny Kurowskiej.\u00a0<\/p>\n<p class=\"typography ids-typeset-body ids-typeset-body--preset-large link paragraph ids-paragraph ids-paragraph--default\">&#8222;To by\u0142o co\u015b\u00a0cudownego.\u00a0Jacek przyszed\u0142 z pier\u015bcieniem z brylantem i to si\u0119 odbywa\u0142o pod tym d\u0119bem.\u00a0By\u0142y zapalone lampki&#8230;&#8221; &#8211; wspomina\u0142a Joanna Kurowska, kt\u00f3ra\u00a0b\u0119dzie \u015bwiadkow\u0105 na ich \u015blubie, a przysz\u0142a panna m\u0142oda pokaza\u0142a wszystkim przepi\u0119kny pier\u015bcionek, kt\u00f3ry dosta\u0142a od Jacka.<\/p>\n<p>C\u00f3rka Joanny Kurowskiej do mamy: &#8222;Ci\u0105gle mnie pytasz, czy b\u0119d\u0119 mia\u0142a m\u0119\u017ca&#8221;<\/p>\n<p class=\"typography ids-typeset-body ids-typeset-body--preset-large link paragraph ids-paragraph ids-paragraph--default\">Na \u015bniadaniu w domu Joanny Kurowskiej nie mog\u0142o zabrakn\u0105\u0107 c\u00f3rki gwiazdy. Olek Sikora by\u0142 ciekaw,\u00a0czy\u00a0Zofia \u015awi\u0105tkiewicz bywa pytana przez mam\u0119 o ewentualny \u015blub.<\/p>\n<p class=\"typography ids-typeset-body ids-typeset-body--preset-large link paragraph ids-paragraph ids-paragraph--default\">&#8222;Mama ci\u0119 ponagla, szuka ci kawalera?&#8221; &#8211; pyta\u0142 Olek, a panie jednocze\u015bnie odpar\u0142y: &#8222;Tak&#8221; (kt\u00f3re pad\u0142o z ust Zosi) i &#8222;Nie&#8221; (pad\u0142o z ust\u00a0Joanny\u00a0Kurowskiej), a r\u00f3\u017cnic\u0119 zda\u0144 Olek skwitowa\u0142\u00a0\u017cartobliwym\u00a0stwierdzeniem: &#8222;O, no to musicie dziewczyny ustali\u0107 jedn\u0105 wersj\u0119 odpowiedzi&#8221;.<\/p>\n<p><img decoding=\"async\" class=\"ids-image-holder__img\" loading=\"lazy\" alt=\"Joanna Kurowska z c\u00f3rk\u0105, Zofi\u0105 \u015awi\u0105tkiewicz\" title=\"\" width=\"1280\" height=\"800\" src=\"https:\/\/www.europesays.com\/pl\/wp-content\/uploads\/2025\/11\/000LWDUWTMNE3A4P-C322-F4.webp.webp\"\/><\/p>\n<p>Joanna Kurowska z c\u00f3rk\u0105, Zofi\u0105 \u015awi\u0105tkiewiczAKPA<\/p>\n<p class=\"typography ids-typeset-body ids-typeset-body--preset-large link paragraph ids-paragraph ids-paragraph--default\">Joanna Kurowska nie kry\u0142a zaskoczenia: &#8222;C\u00f3reczko, jak to ci szukam kawalera?&#8221; &#8211; dopytywa\u0142a Zofi\u0119, kt\u00f3ra wyja\u015bni\u0142a: &#8211; &#8222;Ci\u0105gle mnie pytasz, czy b\u0119d\u0119 mia\u0142a m\u0119\u017ca i dzieci&#8221; &#8211; przypomnia\u0142a mamie Zosia. &#8211; &#8222;Na przyk\u0142ad ostatnio by\u0142a taka sytuacja, \u017ce\u00a0[mama]\u00a0si\u0119 strasznie zm\u0119czy\u0142a.\u00a0Ja\u00a0pytam\u00a0&gt;&gt;czym si\u0119\u00a0zm\u0119czy\u0142a\u015b?\u00a0&gt;&gt;bo sadzi\u0142am pod twoim oknem dla twoich dzieci kwiaty&#8221; &#8211; \u015bmia\u0142a si\u0119 Zosia.<\/p>\n<p class=\"typography ids-typeset-body ids-typeset-body--preset-large link paragraph ids-paragraph ids-paragraph--default\">Tymczasem Olek zmieni\u0142 temat do porannej kawy i zapyta\u0142 Zosi\u0119, kiedy poczu\u0142a, \u017ce chce p\u00f3j\u015b\u0107 w \u015blady mamy i zosta\u0107 aktork\u0105.<\/p>\n<p class=\"typography ids-typeset-body ids-typeset-body--preset-large link paragraph ids-paragraph ids-paragraph--default\">&#8222;Tak to wypad\u0142o, \u017ce zagra\u0142am w filmie\u00a0&gt;&gt;Ostatni komers<\/p>\n<p class=\"typography ids-typeset-body ids-typeset-body--preset-large link paragraph ids-paragraph ids-paragraph--default\">C\u00f3rka gwiazdy zdradzi\u0142a te\u017c, \u017ce od zawsze wiedzia\u0142a, \u017ce jej mama jest aktork\u0105 i jest rozpoznawalna. Przyzna\u0142a, \u017ce\u00a0poniewa\u017c zar\u00f3wno jej mama, jak i tata (kt\u00f3ry by\u0142 redaktorem sportowym) wyst\u0119powali w TV,\u00a0jeszcze zanim posz\u0142a do szko\u0142y,\u00a0by\u0142a przekonana, \u017ce praca w telewizji jest domen\u0105 wszystkich rodzic\u00f3w.<\/p>\n<p>Masz sugestie, uwagi albo widzisz b\u0142\u0105d? Napisz do nas<\/p>\n","protected":false},"excerpt":{"rendered":"Dom Joanny Kurowskiej emanuje ciep\u0142em i dobr\u0105 energi\u0105. A wszystko za spraw\u0105 pani tego, kt\u00f3ra otwiera na o\u015bcie\u017c&hellip;\n","protected":false},"author":2,"featured_media":91222,"comment_status":"","ping_status":"","sticky":false,"template":"","format":"standard","meta":{"footnotes":""},"categories":[22],"tags":[122,42,38,40,39,41,123],"class_list":{"0":"post-91221","1":"post","2":"type-post","3":"status-publish","4":"format-standard","5":"has-post-thumbnail","7":"category-rozrywka","8":"tag-entertainment","9":"tag-pl","10":"tag-poland","11":"tag-polish","12":"tag-polska","13":"tag-polski","14":"tag-rozrywka"},"share_on_mastodon":{"url":"https:\/\/pubeurope.com\/@pl\/115514203426077652","error":""},"_links":{"self":[{"href":"https:\/\/www.europesays.com\/pl\/wp-json\/wp\/v2\/posts\/91221","targetHints":{"allow":["GET"]}}],"collection":[{"href":"https:\/\/www.europesays.com\/pl\/wp-json\/wp\/v2\/posts"}],"about":[{"href":"https:\/\/www.europesays.com\/pl\/wp-json\/wp\/v2\/types\/post"}],"author":[{"embeddable":true,"href":"https:\/\/www.europesays.com\/pl\/wp-json\/wp\/v2\/users\/2"}],"replies":[{"embeddable":true,"href":"https:\/\/www.europesays.com\/pl\/wp-json\/wp\/v2\/comments?post=91221"}],"version-history":[{"count":0,"href":"https:\/\/www.europesays.com\/pl\/wp-json\/wp\/v2\/posts\/91221\/revisions"}],"wp:featuredmedia":[{"embeddable":true,"href":"https:\/\/www.europesays.com\/pl\/wp-json\/wp\/v2\/media\/91222"}],"wp:attachment":[{"href":"https:\/\/www.europesays.com\/pl\/wp-json\/wp\/v2\/media?parent=91221"}],"wp:term":[{"taxonomy":"category","embeddable":true,"href":"https:\/\/www.europesays.com\/pl\/wp-json\/wp\/v2\/categories?post=91221"},{"taxonomy":"post_tag","embeddable":true,"href":"https:\/\/www.europesays.com\/pl\/wp-json\/wp\/v2\/tags?post=91221"}],"curies":[{"name":"wp","href":"https:\/\/api.w.org\/{rel}","templated":true}]}}