{"id":91425,"date":"2025-11-08T15:27:06","date_gmt":"2025-11-08T15:27:06","guid":{"rendered":"https:\/\/www.europesays.com\/pl\/91425\/"},"modified":"2025-11-08T15:27:06","modified_gmt":"2025-11-08T15:27:06","slug":"test-blackview-gamibook-8-dobry-i-swietnie-wyceniony-laptop-z-amd-ryzen-7-7735hs-i-windows-11-pro","status":"publish","type":"post","link":"https:\/\/www.europesays.com\/pl\/91425\/","title":{"rendered":"Test Blackview GamiBook 8 &#8211; Dobry i \u015bwietnie wyceniony laptop z AMD Ryzen 7 7735HS i Windows 11 Pro"},"content":{"rendered":"<p><img decoding=\"async\" class=\"teaserfoto\" src=\"https:\/\/www.europesays.com\/pl\/wp-content\/uploads\/2025\/11\/48868.png\" alt=\"Test Blackview GamiBook 8 - Dobry i \u015bwietnie wyceniony laptop z AMD Ryzen 7 7735HS i Windows 11 Pro\"\/>Zazwyczaj na PurePC.pl testujemy znacznie dro\u017csze notebooki, g\u0142\u00f3wnie te przeznaczone do gier lub pracy. Od czasu do czasu do naszych r\u0105k trafi jednak ta\u0144sze urz\u0105dzenie, kt\u00f3rym zainteresowane mo\u017ce by\u0107 wi\u0119ksze grono potencjalnych odbior\u00f3w. Dzisiaj prezentujemy jedno z takich urz\u0105dze\u0144 od firmy Blackview. Zazwyczaj producent ten kojarzony jest ze smartfonami czy tabletami, jednak okazuje si\u0119, \u017ce pojawiaj\u0105 si\u0119 r\u00f3wnie\u017c coraz to nowsze notebooki. Jedn\u0105 z takich nowo\u015bci jest Blackview GamiBook 8. Cho\u0107 bazuje na nie najnowszym ju\u017c procesorze od AMD, to nadal kawa\u0142ek porz\u0105dnego APU. To z kolei wp\u0142ywa na wyra\u017anie ni\u017csz\u0105 cen\u0119 ko\u0144cow\u0105, bowiem mowa o okolicach 3000 z\u0142otych.<\/p>\n<p class=\"right\">Autor: Damian Marusiak<\/p>\n<p>Blackview GamiBook 8 jest przedstawicielem typowych, konsumenckich laptop\u00f3w, kt\u00f3re mog\u0105 by\u0107 wykorzystane na co dzie\u0144 np. do lekkiej pracy, przegl\u0105dania Internetu czy pogrania w ma\u0142o wymagaj\u0105ce gry. Oferuje do\u015b\u0107 du\u017cy, 16-calowy wy\u015bwietlacz, 8-rdzeniowy procesor <a href=\"https:\/\/www.purepc.pl\/tagi\/ryzen-7-7735hs\" rel=\"nofollow noopener\" target=\"_blank\">AMD Ryzen 7 7735HS<\/a> ze zintegrowanym uk\u0142adem graficznym <a href=\"https:\/\/www.purepc.pl\/tagi\/radeon-680m\" rel=\"nofollow noopener\" target=\"_blank\">AMD Radeon 680M<\/a>, 32 GB RAM oraz system <a href=\"https:\/\/www.purepc.pl\/tagi\/windows-11-pro\" rel=\"nofollow noopener\" target=\"_blank\">Windows 11 Pro<\/a>. To ostatnie jest ciekawe, bowiem w\u015br\u00f3d laptop\u00f3w za oko\u0142o 3 tysi\u0105ce z\u0142otych rzadko kiedy spotykana jest konkretnie ta wersja systemu. Do tego notebook niemal w ca\u0142o\u015bci wykonany zosta\u0142 z aluminium, wi\u0119c trzymaj\u0105c go w r\u0119ku, tak\u017ce nie ma uczucia, jakby\u015bmy obcowali z czym\u015b wyra\u017anie ta\u0144szym i gorzej wykonanym. Oczywi\u015bcie Blackview GamiBook 8 ma tu i \u00f3wdzie ci\u0119cia bud\u017cetowe i z tego powodu mimo wszystko nie mam o tym sprz\u0119cie tak dobrej opinii, jak chcia\u0142bym mie\u0107.<\/p>\n<p>Blackview GamiBook 8 to do\u015b\u0107 dobrze wyceniony laptop, gdzie w cenie poni\u017cej 3000 z\u0142otych mo\u017cemy liczy\u0107 na solidny, 8-rdzeniowy procesor AMD Ryzen 7 7735HS, 32 GB RAM i system Windows 11 Pro.\u00a0<\/p>\n<p><a class=\"colorbox\" href=\"https:\/\/www.purepc.pl\/image\/artykul\/2025\/11\/07_test_blackview_gamibook_8_dobry_i_swietnie_wyceniony_laptop_z_amd_ryzen_7_7735hs_i_windows_11_pro_57_b.jpg\" rel=\"nofollow noopener\" target=\"_blank\"><img decoding=\"async\" src=\"https:\/\/www.europesays.com\/pl\/wp-content\/uploads\/2025\/11\/07_test_blackview_gamibook_8_dobry_i_swietnie_wyceniony_laptop_z_amd_ryzen_7_7735hs_i_windows_11_pro.jpeg\" alt=\"Test Blackview GamiBook 8 - Dobry i \u015bwietnie wyceniony laptop z AMD Ryzen 7 7735HS i Windows 11 Pro [nc1]\"\/><\/a><\/p>\n<p>Procesory <a href=\"https:\/\/www.purepc.pl\/tagi\/rembrandt\" rel=\"nofollow noopener\" target=\"_blank\">AMD Rembrandt<\/a> pod wieloma wzgl\u0119dami s\u0105 du\u017co bardziej zaawansowanymi kawa\u0142kami krzemu, ni\u017c mia\u0142o to miejsce przy APU Renoir czy Cezanne. Ze wzgl\u0119du na rozbudowanie zintegrowanych uk\u0142ad\u00f3w graficznych, powierzchnia chip\u00f3w Rembrandt jest nieco wi\u0119ksza w stosunku do wcze\u015bniejszych generacji i wynosi 210 mm\u00b2. Dla por\u00f3wnania APU Cezanne ma powierzchnie 180 mm\u00b2. Procesory AMD z serii Rembrandt sk\u0142adaj\u0105 si\u0119 z rdzeni Zen 3+, w kt\u00f3rych wprowadzono ponad 50 mniejszych lub wi\u0119kszych modyfikacji &#8211; ich g\u0142\u00f3wnym zamierzeniem by\u0142o zwi\u0119kszenie efektywno\u015bci energetycznej. Do tego dochodz\u0105 zintegrowane uk\u0142ady graficzne, oparte na architekturze RDNA 2. Testowany notebook BlackView GamiBook 8 oferuje dok\u0142adnie jednostk\u0119 AMD Ryzen 7 7735HS, kt\u00f3r\u0105 mo\u017cna okre\u015bli\u0107 jako od\u015bwie\u017cenie modelu Ryzen 7 6800HS, wi\u0119c uk\u0142adu maj\u0105cego ju\u017c kilka lat na karku.<\/p>\n<tr>\n<td style=\"width: 8.96132%;\">\u00a0<\/td>\n<td style=\"width: 16.4405%;\">AMD Ryzen 7 7735HS<\/td>\n<td style=\"width: 16.7493%;\">Intel Core Ultra 7 155H<\/td>\n<td style=\"width: 14.9798%;\">AMD Ryzen 7 8840HS<\/td>\n<\/tr>\n<tr>\n<td style=\"width: 8.96132%;\">Generacja<\/td>\n<td style=\"width: 16.4405%;\">Rembrandt<\/td>\n<td style=\"width: 16.7493%;\">Meteor Lake<\/td>\n<td style=\"width: 14.9798%;\">Hawk Point<\/td>\n<\/tr>\n<tr>\n<td style=\"width: 8.96132%;\">Architektura<\/td>\n<td style=\"width: 16.4405%;\">Zen 3+ (CPU)<br \/>RDNA 2 (iGPU)<\/td>\n<td style=\"width: 16.7493%;\">Redwood Cove (CPU)<br \/>Crestmont (CPU)<br \/>Xe-LPG (GPU)<\/td>\n<td style=\"width: 14.9798%;\">Zen 4 (CPU)<br \/>RDNA 3 (iGPU)<br \/>XDNA (NPU)<\/td>\n<\/tr>\n<tr>\n<td style=\"width: 8.96132%;\">Litografia<\/td>\n<td style=\"width: 16.4405%;\">TSMC 6 nm<\/td>\n<td style=\"width: 16.7493%;\">Intel 4 (CPU)<br \/>TSMC 5 nm (GPU)<\/td>\n<td style=\"width: 14.9798%;\">TSMC 4 nm<\/td>\n<\/tr>\n<tr>\n<td style=\"width: 8.96132%;\">Rdzenie \/ w\u0105tki<\/td>\n<td style=\"width: 16.4405%;\">8C\/16T<\/td>\n<td style=\"width: 16.7493%;\">16C\/22T<\/td>\n<td style=\"width: 14.9798%;\">8C\/16T<\/td>\n<\/tr>\n<tr>\n<td style=\"width: 8.96132%;\">Konfiguracja rdzeni<\/td>\n<td style=\"width: 16.4405%;\">8C\/16T &#8211; Zen 3+<\/td>\n<td style=\"width: 16.7493%;\">6C\/12T &#8211; P-Core<br \/>8C\/8T &#8211; E-Core<br \/>2C\/2T &#8211; E-Core (SoC)<\/td>\n<td style=\"width: 14.9798%;\">8C\/16T &#8211; Zen 4<\/td>\n<\/tr>\n<tr>\n<td style=\"width: 8.96132%;\">Taktowanie bazowe<\/td>\n<td style=\"width: 16.4405%;\">3,2 GHz<\/td>\n<td style=\"width: 16.7493%;\">1,4 GHz (P-Core)<br \/>0,9 GHz (E-Core)<\/td>\n<td style=\"width: 14.9798%;\">3,3 GHz<\/td>\n<\/tr>\n<tr>\n<td style=\"width: 8.96132%;\">Taktowanie Turbo<\/td>\n<td style=\"width: 16.4405%;\">4,75 GHz<\/td>\n<td style=\"width: 16.7493%;\">4,8 GHz (P-Core)<br \/>3,5 GHz (E-Core)<\/td>\n<td style=\"width: 14.9798%;\">5,1 GHz<\/td>\n<\/tr>\n<tr>\n<td style=\"width: 8.96132%;\">Uk\u0142ad graficzny<\/td>\n<td style=\"width: 16.4405%;\">AMD Radeon 680M<\/td>\n<td style=\"width: 16.7493%;\">Intel ARC Graphics<\/td>\n<td style=\"width: 14.9798%;\">AMD Radeon 780M<\/td>\n<\/tr>\n<tr>\n<td style=\"width: 8.96132%;\">Budowa iGPU<\/td>\n<td style=\"width: 16.4405%;\">12 CU<br \/>768 SP<\/td>\n<td style=\"width: 16.7493%;\">8 Xe-Core<br \/>1024 SP<\/td>\n<td style=\"width: 14.9798%;\">12 CU<br \/>768 SP<\/td>\n<\/tr>\n<tr>\n<td style=\"width: 8.96132%;\">Taktowanie iGPU<\/td>\n<td style=\"width: 16.4405%;\">Do 2200 MHz<\/td>\n<td style=\"width: 16.7493%;\">Do 2250 MHz<\/td>\n<td style=\"width: 14.9798%;\">Do 2700 MHz<\/td>\n<\/tr>\n<tr>\n<td style=\"width: 8.96132%;\">Kontroler pami\u0119ci<\/td>\n<td style=\"width: 16.4405%;\">DDR5 4800 MT\/s<br \/>LPDDR5 6400 MT\/s<\/td>\n<td style=\"width: 16.7493%;\">DDR5 5600 MHz<br \/>LPDDR5X 7467 MHz<\/td>\n<td style=\"width: 14.9798%;\">DDR5 5600 MT\/s<br \/>LPDDR5X 7500 MT\/s<\/td>\n<\/tr>\n<tr>\n<td style=\"width: 8.96132%;\">Maks. RAM<\/td>\n<td style=\"width: 16.4405%;\">Do 64 GB<\/td>\n<td style=\"width: 16.7493%;\">Do 96 GB (DDR5)<br \/>Do 64 GB (LPDDR5X)<\/td>\n<td style=\"width: 14.9798%;\">Do 256 GB<\/td>\n<\/tr>\n<tr>\n<td style=\"width: 8.96132%;\">Uk\u0142ad AI<\/td>\n<td style=\"width: 16.4405%;\">&#8211;<\/td>\n<td style=\"width: 16.7493%;\">Intel NPU 3.gen<\/td>\n<td style=\"width: 14.9798%;\">Ryzen AI (XDNA)<\/td>\n<\/tr>\n<tr>\n<td style=\"width: 8.96132%;\">TDP (PL1)<\/td>\n<td style=\"width: 16.4405%;\">35 W<\/td>\n<td style=\"width: 16.7493%;\">28 W<\/td>\n<td style=\"width: 14.9798%;\">28 W<\/td>\n<\/tr>\n<tr>\n<td style=\"width: 8.96132%;\">PL2<\/td>\n<td style=\"width: 16.4405%;\">54 W<\/td>\n<td style=\"width: 16.7493%;\">64 W<\/td>\n<td style=\"width: 14.9798%;\">30 W<\/td>\n<\/tr>\n<p>Zintegrowane uk\u0142ady graficzne RDNA 2 s\u0105 mocno zmodyfikowane wzgl\u0119dem tego, co otrzymali\u015bmy przy okazji architektury Vega. Zwi\u0119kszono m.in. o 50% liczb\u0119 blok\u00f3w obliczeniowych &#8211; z 8 CU w Vega do 12 CU w RDNA 2. Do tego dochodz\u0105 odr\u0119bne jednostki do obs\u0142ugi Ray Tracingu, dwukrotnie poszerzony backend czy dwukrotnie zwi\u0119kszona pami\u0119\u0107 cache poziomu L2 &#8211; z 1 MB (Vega) do 2 MB (RDNA 2). Zmiany zasz\u0142y tak\u017ce w potoku grafiki, co umo\u017cliwi\u0142o zwi\u0119kszenie zegar\u00f3w rdzenia graficznego &#8211; dla Radeona 680M w procesorze Ryzen 7 7735HS jest to maksymalnie 2200 MHz. Dzi\u0119ki nowszym kontrolerom DDR5 4800 MHz oraz LPDDR5 6400 MHz, mo\u017cliwe by\u0142o tak\u017ce zwi\u0119kszenie przepustowo\u015bci o 50% wzgl\u0119dem uk\u0142ad\u00f3w graficznych opartych na architekturze Vega oraz z pami\u0119ciami DDR4\/LPDDR4x. Te wszystkie zmiany skutkuj\u0105 nawet 2-krotnie wy\u017csz\u0105 wydajno\u015bci\u0105 w grach. Do tego dochodzi oczywi\u015bcie wsparcie dla upscalingu AMD FSR, w wersji do 3.1 w\u0142\u0105cznie.<\/p>\n<p class=\"center\">\n","protected":false},"excerpt":{"rendered":"Zazwyczaj na PurePC.pl testujemy znacznie dro\u017csze notebooki, g\u0142\u00f3wnie te przeznaczone do gier lub pracy. Od czasu do czasu&hellip;\n","protected":false},"author":2,"featured_media":91426,"comment_status":"","ping_status":"","sticky":false,"template":"","format":"standard","meta":{"footnotes":""},"categories":[20],"tags":[323,21281,21282,1140,5161,120,118,119,13813,42,38,40,39,41,21283,21284,6068,21285,21286,116,114,115,329,121,117,643,21287,21288,21289],"class_list":{"0":"post-91425","1":"post","2":"type-post","3":"status-publish","4":"format-standard","5":"has-post-thumbnail","7":"category-nauka-i-technika","8":"tag-amd","9":"tag-blackview","10":"tag-blackview-gamibook-8","11":"tag-cena","12":"tag-laptop","13":"tag-nauka","14":"tag-nauka-i-technika","15":"tag-naukatechnika","16":"tag-notebook","17":"tag-pl","18":"tag-poland","19":"tag-polish","20":"tag-polska","21":"tag-polski","22":"tag-radeon-680m","23":"tag-rembrandt","24":"tag-ryzen","25":"tag-ryzen-7","26":"tag-ryzen-7-7735hs","27":"tag-science","28":"tag-science-and-technology","29":"tag-sciencetechnology","30":"tag-specyfikacja","31":"tag-technika","32":"tag-technology","33":"tag-test","34":"tag-test-blackview-gamibook-8","35":"tag-windows-11-pro","36":"tag-zen-3"},"share_on_mastodon":{"url":"","error":""},"_links":{"self":[{"href":"https:\/\/www.europesays.com\/pl\/wp-json\/wp\/v2\/posts\/91425","targetHints":{"allow":["GET"]}}],"collection":[{"href":"https:\/\/www.europesays.com\/pl\/wp-json\/wp\/v2\/posts"}],"about":[{"href":"https:\/\/www.europesays.com\/pl\/wp-json\/wp\/v2\/types\/post"}],"author":[{"embeddable":true,"href":"https:\/\/www.europesays.com\/pl\/wp-json\/wp\/v2\/users\/2"}],"replies":[{"embeddable":true,"href":"https:\/\/www.europesays.com\/pl\/wp-json\/wp\/v2\/comments?post=91425"}],"version-history":[{"count":0,"href":"https:\/\/www.europesays.com\/pl\/wp-json\/wp\/v2\/posts\/91425\/revisions"}],"wp:featuredmedia":[{"embeddable":true,"href":"https:\/\/www.europesays.com\/pl\/wp-json\/wp\/v2\/media\/91426"}],"wp:attachment":[{"href":"https:\/\/www.europesays.com\/pl\/wp-json\/wp\/v2\/media?parent=91425"}],"wp:term":[{"taxonomy":"category","embeddable":true,"href":"https:\/\/www.europesays.com\/pl\/wp-json\/wp\/v2\/categories?post=91425"},{"taxonomy":"post_tag","embeddable":true,"href":"https:\/\/www.europesays.com\/pl\/wp-json\/wp\/v2\/tags?post=91425"}],"curies":[{"name":"wp","href":"https:\/\/api.w.org\/{rel}","templated":true}]}}