{"id":91427,"date":"2025-11-08T15:28:11","date_gmt":"2025-11-08T15:28:11","guid":{"rendered":"https:\/\/www.europesays.com\/pl\/91427\/"},"modified":"2025-11-08T15:28:11","modified_gmt":"2025-11-08T15:28:11","slug":"dobre-wiesci-z-black-red-white","status":"publish","type":"post","link":"https:\/\/www.europesays.com\/pl\/91427\/","title":{"rendered":"Dobre wie\u015bci z Black Red White"},"content":{"rendered":"<ul>&#13;<\/p>\n<li>&#13;<br \/>\n\tGrupa Black Red White planuje wzrost EBITDA o 100 mln PLN do ko\u0144ca 2026 roku&#13;\n\t<\/li>\n<p>&#13;<\/p>\n<li>&#13;<br \/>\n\tBlack Red White S.A., jeden z najwi\u0119kszych producent\u00f3w i dystrybutor\u00f3w mebli w Polsce i Europie \u015arodkowoWschodniej, zapowiada wzrost wyniku finansowego EBITDA o 100 mln PLN do ko\u0144ca 2026 roku w por\u00f3wnaniu z prognozowanym wykonaniem roku 2025.&#13;\n\t<\/li>\n<p>&#13;\n<\/ul>\n<p>Tak przynajmniej wynika z komunikatu jaki zosta\u0142 przes\u0142any do naszej Redakcji.<\/p>\n<p>[ZT]55963[\/ZT]<\/p>\n<p>Jak zapewniaj\u0105 w\u0142adze sp\u00f3\u0142ki, celem przyj\u0119tego planu jest wzmocnienie rentowno\u015bci i stabilno\u015bci finansowej Grupy po zako\u0144czonej transformacji w\u0142a\u015bcicielskiej. Sprzeda\u017c aktyw\u00f3w niepracuj\u0105cych pozwoli\u0142a Sp\u00f3\u0142ce skoncentrowa\u0107 si\u0119 na najbardziej dochodowych obszarach dzia\u0142alno\u015bci.<\/p>\n<p>W efekcie BRW zak\u0142ada popraw\u0119 p\u0142ynno\u015bci finansowej o co najmniej 85 mln z\u0142 w 2025 roku i ponad 150 mln z\u0142 (\u0142\u0105cznie) do ko\u0144ca 2026 roku.<\/p>\n<p>[ZT]55556[\/ZT]<\/p>\n<p>Wskazane kluczowe kierunki strategii BRW. Zaliczono do nich:<\/p>\n<ul>&#13;<\/p>\n<li>Wzrost przychod\u00f3w &#8211;\u00a0rozw\u00f3j sprzeda\u017cy krajowej i eksportowej oraz dalsza wsp\u00f3\u0142pracy z Grup\u0105 XXXLutz, Grup\u0105 BEGA i sieci\u0105 kontrahenck\u0105 licz\u0105c\u0105 ponad 300 punkt\u00f3w w Polsce.<\/li>\n<p>&#13;<\/p>\n<li>Rozw\u00f3j kana\u0142\u00f3w online &#8211;\u00a0(wg. zapowiedzi marketplace BRW osi\u0105gnie w 2027 roku poziom oko\u0142o\u00a0650 tys. dost\u0119pnych SKU, staj\u0105c si\u0119 jednym z najwi\u0119kszych tego typu kana\u0142\u00f3w sprzeda\u017cy mebli w Polsce).<\/li>\n<p>&#13;<\/p>\n<li>Popraw\u0119\u00a0efektywno\u015bci operacyjnej w tym optymalizacja zatrudnienia, lepsze wykorzystanie mocy produkcyjnych i logistyki, restrukturyzacja sieci w\u0142asnych salon\u00f3w detalicznych (m\u00f3wi si\u0119 o zwolnienia cz\u0119\u015bci pracownik\u00f3w &#8211; przyp. Red.).<\/li>\n<p>&#13;<\/p>\n<li>Wzmocnienie \u0142a\u0144cuch\u00f3w dostaw &#8211; wsp\u00f3\u0142praca z polskimi producentami i dostawcami, podkre\u015blaj\u0105ca\u00a0rola BRW jako ambasadora polskiej jako\u015bci.<\/li>\n<p>&#13;<\/p>\n<li>Popraw\u0119 struktury finansowej, w tym\u00a0redukcj\u0119\u00a0zobowi\u0105za\u0144 kr\u00f3tko- i d\u0142ugoterminowych oraz kontynuacj\u0119\u00a0dzia\u0142a\u0144 ograniczaj\u0105cych koszty operacyjne.<\/li>\n<p>&#13;\n<\/ul>\n<p>Dariusz Formela prezes Zarz\u0105du Black Red White S.A.\u00a0przyznaje, i\u017c plan finansowy zosta\u0142 pozytywnie oceniony przez banki finansuj\u0105ce Sp\u00f3\u0142k\u0119, kt\u00f3re przed\u0142u\u017cy\u0142y obowi\u0105zywanie kredyt\u00f3w obrotowych do 31 marca 2027 roku. Otwiera to drog\u0119 do dalszej odbudowy zaufania partner\u00f3w biznesowych i wzmocnienia pozycji rynkowej BRW.<\/p>\n<p>&#8211; Nowa struktura w\u0142a\u015bcicielska i koncentracja na efektywno\u015bci kosztowej pozwalaj\u0105 na szybkie i zdecydowane dzia\u0142ania. Optymalizacja sieci sprzeda\u017cy, rozw\u00f3j marketplace, zacie\u015bnianie wsp\u00f3\u0142pracy z kontrahentami i polskimi producentami to filary wzrostu przychod\u00f3w i dalszego umacniania pozycji BRW w Polsce i Europie \u015arodkowoWschodniej &#8211; zapewnia Dariusz Formela.<\/p>\n<p>Do\u0142\u0105cz do nas na Facebooku!Publikujemy najciekawsze artyku\u0142y, wydarzenia i fotorelacje. Jeste\u015bmy tam, gdzie nasi czytelnicy!<\/p>\n<p>Przypomnijmy,\u00a0Black Red White (BRW )to polska firma, zajmuj\u0105ce si\u0119 produkcj\u0105 mebli. Za\u0142o\u017cona zosta\u0142a przez jednego z najbogatszych Polak\u00f3w, Tadeusza Chmiela na pocz\u0105tku lat 90. XX wieku.. Zarz\u0105d sp\u00f3\u0142ki znajduje si\u0119 w Bi\u0142goraju, g\u0142\u00f3wne miejsca produkcji to, opr\u00f3cz Bi\u0142goraja, m.in. Mielec. Z publicznych danych wynika, \u017ce na rok 2024, w sk\u0142ad Grupy Kapita\u0142owej wchodzi Black Red White S.A. i 11 sp\u00f3\u0142ek zale\u017cnych. Od 5 &#8211; 6 lat sp\u00f3\u0142ka znajduje si\u0119 w trudnej sytuacji finansowej. Tylko w 2024 roku, przy przychodach ponad 1,55 mld z\u0142 odnotowano ujemny wynik netto na kwot\u0119 oko\u0142o 130 mln z\u0142.<\/p>\n<p>W 2022 roku 50% udzia\u0142\u00f3w w sp\u00f3\u0142ce BRW przej\u0119\u0142a (w ramach umowy partnerskiej) austriacka grupa meblarska XXXLutz GmBH. Jednocze\u015bnie w\u0142a\u015bcicielem BRW przesta\u0142 by\u0107 Tadeusz Chmiel, a do akcjonariatu sp\u00f3\u0142ki wszed\u0142 Dariusz Formela. Ostatnie\u00a0XXXLutz GmBH wycofa\u0142 si\u0119 z zakupu polskiego giganta meblowego, a BRW trafi\u0142o do polskich sp\u00f3\u0142ek.<\/p>\n<p>[ZT]50897[\/ZT]<\/p>\n<p>Jak czytamy na oficjalnej stronie sp\u00f3\u0142ki,\u00a0w sk\u0142ad Grupy Kapita\u0142owej wchodzi BLACK RED WHITE S.A. oraz 10 sp\u00f3\u0142ek zale\u017cnych, w tym 4 polskich i 6 podmiot\u00f3w zagranicznych. Dzia\u0142alno\u015b\u0107 produkcyjna na rzecz Black Red White prowadzona jest w 16 zak\u0142adach produkcyjnych. Grupa Kapita\u0142owa dysponuje fabrykami wyposa\u017conymi w nowoczesne parki maszynowe oraz w\u0142asnym transportem, logistyk\u0105 i magazynami o \u0142\u0105cznej powierzchni 130 tys. m\u00b2.<\/p>\n<p>Produkty Black Red White mo\u017cna znale\u017a\u0107 w salonach meblowych na terenie ca\u0142ej Polski, zar\u00f3wno w najwi\u0119kszych miastach, jak i mniejszych miejscowo\u015bciach. Marka prowadzi sprzeda\u017c w 76 salonach firmowych oraz wielu punktach partnerskich. W 13 najwi\u0119kszych sklepach marki, zlokalizowanych m.in. we Wroc\u0142awiu, \u0141odzi, Warszawie, Zabrzu, B\u0119dzinie, Chorzowie, Bydgoszczy, Gda\u0144sku, Lublinie, Poznaniu, Rzeszowie i Krakowie, dost\u0119pna jest pe\u0142na oferta produkt\u00f3w. Asortyment producenta obecny jest r\u00f3wnie\u017c w multibrandowych punktach handlowych. Ponadto oferta BRW jest obecna na ponad 40 rynkach zagranicznych, m.in. w Austrii, Belgii, Chorwacji, Czechach, Francji, Grecji, Hiszpanii, Irlandii, Kanadzie, Mongolii, Niemczech, Norwegii, Rumunii, S\u0142owacji, S\u0142owenii, Stanach Zjednoczonych, Szwajcarii, Szwecji, Tunezji, w Wielkiej Brytanii czy W\u0142oszech.<\/p>\n<p>Do\u0142\u0105cz do nas na Facebooku!Publikujemy najciekawsze artyku\u0142y, wydarzenia i fotorelacje. Jeste\u015bmy tam, gdzie nasi czytelnicy!<\/p>\n","protected":false},"excerpt":{"rendered":"&#13; &#13; Grupa Black Red White planuje wzrost EBITDA o 100 mln PLN do ko\u0144ca 2026 roku&#13; &#13;&hellip;\n","protected":false},"author":2,"featured_media":91428,"comment_status":"","ping_status":"","sticky":false,"template":"","format":"standard","meta":{"footnotes":""},"categories":[16],"tags":[113,21292,21291,21294,112,21293,17846,42,38,40,39,41,2849,1086,13853,21290],"class_list":{"0":"post-91427","1":"post","2":"type-post","3":"status-publish","4":"format-standard","5":"has-post-thumbnail","7":"category-biznes","8":"tag-biznes","9":"tag-black-red-white","10":"tag-brw","11":"tag-brw-zwolnienia","12":"tag-business","13":"tag-dariusz-formela","14":"tag-meble","15":"tag-pl","16":"tag-poland","17":"tag-polish","18":"tag-polska","19":"tag-polski","20":"tag-prezes","21":"tag-produkcja","22":"tag-restrukturyzacja","23":"tag-wiadomosci-bilgoraj"},"share_on_mastodon":{"url":"https:\/\/pubeurope.com\/@pl\/115514789346353716","error":""},"_links":{"self":[{"href":"https:\/\/www.europesays.com\/pl\/wp-json\/wp\/v2\/posts\/91427","targetHints":{"allow":["GET"]}}],"collection":[{"href":"https:\/\/www.europesays.com\/pl\/wp-json\/wp\/v2\/posts"}],"about":[{"href":"https:\/\/www.europesays.com\/pl\/wp-json\/wp\/v2\/types\/post"}],"author":[{"embeddable":true,"href":"https:\/\/www.europesays.com\/pl\/wp-json\/wp\/v2\/users\/2"}],"replies":[{"embeddable":true,"href":"https:\/\/www.europesays.com\/pl\/wp-json\/wp\/v2\/comments?post=91427"}],"version-history":[{"count":0,"href":"https:\/\/www.europesays.com\/pl\/wp-json\/wp\/v2\/posts\/91427\/revisions"}],"wp:featuredmedia":[{"embeddable":true,"href":"https:\/\/www.europesays.com\/pl\/wp-json\/wp\/v2\/media\/91428"}],"wp:attachment":[{"href":"https:\/\/www.europesays.com\/pl\/wp-json\/wp\/v2\/media?parent=91427"}],"wp:term":[{"taxonomy":"category","embeddable":true,"href":"https:\/\/www.europesays.com\/pl\/wp-json\/wp\/v2\/categories?post=91427"},{"taxonomy":"post_tag","embeddable":true,"href":"https:\/\/www.europesays.com\/pl\/wp-json\/wp\/v2\/tags?post=91427"}],"curies":[{"name":"wp","href":"https:\/\/api.w.org\/{rel}","templated":true}]}}