{"id":91431,"date":"2025-11-08T15:30:05","date_gmt":"2025-11-08T15:30:05","guid":{"rendered":"https:\/\/www.europesays.com\/pl\/91431\/"},"modified":"2025-11-08T15:30:05","modified_gmt":"2025-11-08T15:30:05","slug":"kinga-rusin-o-dzialaniach-karola-nawrockiego-to-bylo-do-przewidzenia-onet","status":"publish","type":"post","link":"https:\/\/www.europesays.com\/pl\/91431\/","title":{"rendered":"Kinga Rusin o dzia\u0142aniach Karola Nawrockiego. &quot;To by\u0142o do przewidzenia&#8230;&quot; &#8211; Onet"},"content":{"rendered":"<ol>\n<li><a href=\"https:\/\/news.google.com\/rss\/articles\/CBMiwgFBVV95cUxPVzlSSmk3ZjJpRFJXT0EzaTRCVGJUbHZUZjVQN09NdF9ud2l2WEw0Mk9TTHd4UmdXM1JnSWRLRmlHNU1YUktvZ3FQM2dVU1h0cFR4NDlHQU1uUkxEdGJnZHVITFk0c05SRFB2LXJaRjcycXFlRzAxRi1QNE5vNXlRS1h6SmdQMTFacC1DQmc1Z2tHWjdzVVlEek92WFVGU3dHRFhyLUVra1V4aG50THZpZk4xZHlCaFBOT3d2Vm9pMXlMdw?oc=5\" target=\"_blank\" rel=\"nofollow noopener\">Kinga Rusin o dzia\u0142aniach Karola Nawrockiego. &#8222;To by\u0142o do przewidzenia&#8230;&#8221;<\/a>&nbsp;&nbsp;Onet<\/li>\n<li><a href=\"https:\/\/news.google.com\/rss\/articles\/CBMisAFBVV95cUxPRkZxcloxZW55bGwtcXl0YWx2VGVrY1I3UEJYRWhDOF96c3ctNG5DU21pU1g2dGhVbC00MjFMeklzcFVOYWtWUDgtcnBRU094QWZiM1NJZEJsbHljNUVNbzB1M2lhOHg3QS13ajhiSDhuQkIxU09oT1R1ek5felhoVWg3TGV6a0NjSFdidVZUVHEzdFBsR1VYYXlDM3pnMWJQdnNnMDNNZkZtSWJhM1llMw?oc=5\" target=\"_blank\" rel=\"nofollow noopener\">&#8222;K\u0142amliwe argumenty o niemieckich interesach&#8221;. Jest reakcja na weto prezydenta<\/a>&nbsp;&nbsp;Business Insider Polska<\/li>\n<li><a href=\"https:\/\/news.google.com\/rss\/articles\/CBMi4wFBVV95cUxPYTNzTnZFYVlHSzI5VkxDaTBEdWZ1ZzZ0RjBTQURUNXcxQ2FFZlFGbnFrdHkybmlzZFp2bW5laE9WYUs4b0VzNHBFVlZ5TTV4RkQ1akxlMl9XMDZQLVBBdDV2bVY3N2x1S0dnQzBrRVVBSzZCeEZJdTQ2SWQySEU3dkRWNW15Y19EMENsZWp2YmRwQkxQSEQ0ekN0Zm9SY0FuSUo1Wm44amtjYkR5cWFpdDhBSl9nMHFHdjJWZVFiWHBHWWJaMU5xN3ZXSXJ4TWFkd2ZjRTNtVl90VzMxT3BleW85UQ?oc=5\" target=\"_blank\" rel=\"nofollow noopener\">Odpowied\u017a ministry Pauliny Hennig-Kloski na uzasadnienie weta prezydenta do ustawy o Parku Narodowym Doliny Dolnej Odry<\/a>&nbsp;&nbsp;Gov.pl<\/li>\n<li><a href=\"https:\/\/news.google.com\/rss\/articles\/CBMipAFBVV95cUxOaFo0MUZfanVnbXBmVVAwTW1UcTY2WGlMRVkxSDRMTDRkQVcyQldrb0ZGbmlNSEEzanhSOW5IVVJsRmphRU41eUwxbkxPMldDaUpMandJdWU3aFNlbk1YUGxEWm9zLWFqY0YxeFItdnk5TlhieVVaMk9oQ3pKVHBDWGFRUmpVMWIzM01OeUxTYVBwVUEyQlRQOGZvUURuTmVrZlZrVg?oc=5\" target=\"_blank\" rel=\"nofollow noopener\">Park Doliny Odry ofiar\u0105 politycznej wojny<\/a>&nbsp;&nbsp;Krytyka Polityczna<\/li>\n<li><a href=\"https:\/\/news.google.com\/rss\/articles\/CBMipgFBVV95cUxPZmpqLW1RaXBBZnZQWVk1VmNISGcwX2NmNjhETDBOaEp6ZGFTSnVWZENmZU5SbG00cVhyaG5Kd0x5cXVQOGd4SHBwOWdGejNtdmd5bmJkb0pqRUI1T1VZTHRaNmdoZVN6WFNpM1RqalU3eDM0QnVXSnh2R2x0OURmd3ZSUFRNaEU1RW1OQ2xURTV0MmNBYXpHaGNSQ2FDUVd2aVBFb3V3?oc=5\" target=\"_blank\" rel=\"nofollow noopener\">Prezydent Karol Nawrocki zawetowa\u0142 cztery ustawy \\ Aktualno\u015bci \\ Wydarzenia<\/a>&nbsp;&nbsp;Oficjalna strona Prezydenta Rzeczypospolitej Polskiej<\/li>\n<\/ol>\n","protected":false},"excerpt":{"rendered":"Kinga Rusin o dzia\u0142aniach Karola Nawrockiego. &#8222;To by\u0142o do przewidzenia&#8230;&#8221;&nbsp;&nbsp;Onet &#8222;K\u0142amliwe argumenty o niemieckich interesach&#8221;. Jest reakcja na&hellip;\n","protected":false},"author":2,"featured_media":91432,"comment_status":"","ping_status":"","sticky":false,"template":"","format":"standard","meta":{"footnotes":""},"categories":[12],"tags":[32,33,36,37,27,67,240,15423,34,35,28,31,53,25,52,68,51,55,42,38,40,39,41,47,591,29,30,65,50,26],"class_list":{"0":"post-91431","1":"post","2":"type-post","3":"status-publish","4":"format-standard","5":"has-post-thumbnail","7":"category-polska","8":"tag-breaking-news","9":"tag-breakingnews","10":"tag-featured-news","11":"tag-featurednews","12":"tag-headlines","13":"tag-intextvideo_splayer","14":"tag-karol_nawrocki_prezydent","15":"tag-kinga_rusin","16":"tag-latest-news","17":"tag-latestnews","18":"tag-naglowki","19":"tag-najwazniejsze-artykuly","20":"tag-new_header","21":"tag-news","22":"tag-onet3","23":"tag-onet3d","24":"tag-onet3d_2i","25":"tag-phx","26":"tag-pl","27":"tag-poland","28":"tag-polish","29":"tag-polska","30":"tag-polski","31":"tag-screening_general","32":"tag-srodowisko","33":"tag-top-stories","34":"tag-topstories","35":"tag-update_me","36":"tag-v2021","37":"tag-wiadomosci"},"share_on_mastodon":{"url":"https:\/\/pubeurope.com\/@pl\/115514797270627911","error":""},"_links":{"self":[{"href":"https:\/\/www.europesays.com\/pl\/wp-json\/wp\/v2\/posts\/91431","targetHints":{"allow":["GET"]}}],"collection":[{"href":"https:\/\/www.europesays.com\/pl\/wp-json\/wp\/v2\/posts"}],"about":[{"href":"https:\/\/www.europesays.com\/pl\/wp-json\/wp\/v2\/types\/post"}],"author":[{"embeddable":true,"href":"https:\/\/www.europesays.com\/pl\/wp-json\/wp\/v2\/users\/2"}],"replies":[{"embeddable":true,"href":"https:\/\/www.europesays.com\/pl\/wp-json\/wp\/v2\/comments?post=91431"}],"version-history":[{"count":0,"href":"https:\/\/www.europesays.com\/pl\/wp-json\/wp\/v2\/posts\/91431\/revisions"}],"wp:featuredmedia":[{"embeddable":true,"href":"https:\/\/www.europesays.com\/pl\/wp-json\/wp\/v2\/media\/91432"}],"wp:attachment":[{"href":"https:\/\/www.europesays.com\/pl\/wp-json\/wp\/v2\/media?parent=91431"}],"wp:term":[{"taxonomy":"category","embeddable":true,"href":"https:\/\/www.europesays.com\/pl\/wp-json\/wp\/v2\/categories?post=91431"},{"taxonomy":"post_tag","embeddable":true,"href":"https:\/\/www.europesays.com\/pl\/wp-json\/wp\/v2\/tags?post=91431"}],"curies":[{"name":"wp","href":"https:\/\/api.w.org\/{rel}","templated":true}]}}