{"id":91477,"date":"2025-11-08T15:53:08","date_gmt":"2025-11-08T15:53:08","guid":{"rendered":"https:\/\/www.europesays.com\/pl\/91477\/"},"modified":"2025-11-08T15:53:08","modified_gmt":"2025-11-08T15:53:08","slug":"pko-bp-ekstraklasa-lechia-gdansk-widzew-lodz-relacja-na-zywo-przeglad-sportowy-onet","status":"publish","type":"post","link":"https:\/\/www.europesays.com\/pl\/91477\/","title":{"rendered":"PKO BP Ekstraklasa: Lechia Gda\u0144sk &#8211; Widzew \u0141\u00f3d\u017a [RELACJA NA \u017bYWO] &#8211; Przegl\u0105d Sportowy Onet"},"content":{"rendered":"<ol>\n<li><a href=\"https:\/\/news.google.com\/rss\/articles\/CBMixgFBVV95cUxNM2l6ajdLelljdW11MDMzdmlwa1NNdU1zNDVHaXJPbVNOcl9MdHk1UzAzcVNSQTJpaEpycmZoX3EyUlFYY0dTLWJfTDFrNVllSnUxTkd5eHB0TGZPRERRdUJYQjJHVTFtQ3hCa3RSSENFNXhITm1Xd2poNnhZU2d2SkxEb2RndnJjY1ZQMUZrZUlZQ1daemwtcThJb2VpS1daQUNLNkhibkdhTm1pUm8xTTNGYks0REV2QTRQbF9fdnhHaHNHRGc?oc=5\" target=\"_blank\" rel=\"nofollow noopener\">PKO BP Ekstraklasa: Lechia Gda\u0144sk &#8211; Widzew \u0141\u00f3d\u017a [RELACJA NA \u017bYWO]<\/a>&nbsp;&nbsp;Przegl\u0105d Sportowy Onet<\/li>\n<li><a href=\"https:\/\/news.google.com\/rss\/articles\/CBMiqwFBVV95cUxQTE1QMUtoLTZHa0NXcHphZmhJc1JDZFotaDFrb0xjRmhNYjFlN2FkUE15ajdpNnZYZWtvQ1VUdXpFOGg5V2xFQTdiMDNReHdjYUpRYkxTVVZqYWNBdm1icWJUNzd3R3RxQmFZbWF6YnQ4NkhiOG1uU3BBd0V0OWlKS0x0SWtERVF3MlJvM1pWTms4ZWFlV3ZfZzZfZEVGUGowcXk5TG5sb3dVVzA?oc=5\" target=\"_blank\" rel=\"nofollow noopener\">Co za cios dla Lechii Gda\u0144sk. Kluczowy zawodnik kontuzjowany<\/a>&nbsp;&nbsp;SportoweFakty<\/li>\n<li><a href=\"https:\/\/news.google.com\/rss\/articles\/CBMibkFVX3lxTFBuVkZFRUpGVFphTkgzZmRJQUdDZ2t5bzZjRVB0SE5ITWkwdk84THRUS05lb3BXZlBuOUgzYjRuV014YUNEcEZWN3IxbHRfLU1jUjhYNHpDUm1iZy14RjNzMzk2V3NDVC1SckUwbEpR?oc=5\" target=\"_blank\" rel=\"nofollow noopener\">Niezdobyte Miasto Gda\u0144sk<\/a>&nbsp;&nbsp;Widzew \u0141\u00f3d\u017a<\/li>\n<li><a href=\"https:\/\/news.google.com\/rss\/articles\/CBMiugFBVV95cUxOSkMxRnhqUkJzTDVCcVFQejB3NHBrSXVPVGsxT0JLM0JsYjRmMVBqUW9jd1dNNzAxb25iLTdaSE5ic1B6Zm9JbGxyUjltbFlZRWFEU0hRMnYyLTF4NC1iUEVRaXlHREd6ZnZOZUhicEswS2VfWmVweTlISkRDZEhPajlOX2lmS2JTeWdWeWl4SGFvbUwzbVBnV3FIZnduQU9oN0pnd1JBdFRlQWM1SDk3azlIaTJFVmJJN1E?oc=5\" target=\"_blank\" rel=\"nofollow noopener\">Lechia Gda\u0144sk &#8211; Widzew \u0141\u00f3d\u017a. Punktowa\u0107 u siebie jak na wiosn\u0119, mimo problem\u00f3w<\/a>&nbsp;&nbsp;Trojmiasto.pl<\/li>\n<li><a href=\"https:\/\/news.google.com\/rss\/articles\/CBMimgFBVV95cUxQU0NVZzlQaDk3MGctNGQ0RThSTWJ5N2tlR0JPeDFRZENYSkxpRFg4cjd0ekpkT05ZZGI0SkNSNm5UNjEzNkNKdUlHSlZqdE5jUTYzMVZtRXFPdm5oOUdWRlBJUmU3WU9YX3IwbXhWLU5Pam9MSHhoZU92OUpCdTdTVE8zUGxfX09uRkVjaFZPQURabjJDb3BQX0xR?oc=5\" target=\"_blank\" rel=\"nofollow noopener\">Lechia vs Widzew \u0141\u00f3d\u017a &#8211; graj\u0105 dzisiaj. Co m\u00f3wi trener Carver<\/a>&nbsp;&nbsp;Gda\u0144sk &#8211; oficjalny portal miasta<\/li>\n<\/ol>\n","protected":false},"excerpt":{"rendered":"PKO BP Ekstraklasa: Lechia Gda\u0144sk &#8211; Widzew \u0141\u00f3d\u017a [RELACJA NA \u017bYWO]&nbsp;&nbsp;Przegl\u0105d Sportowy Onet Co za cios dla Lechii&hellip;\n","protected":false},"author":2,"featured_media":91478,"comment_status":"","ping_status":"","sticky":false,"template":"","format":"standard","meta":{"footnotes":""},"categories":[24],"tags":[274,551,188,186,42,38,40,39,41,136,128,47,127,135,126,130,3469],"class_list":{"0":"post-91477","1":"post","2":"type-post","3":"status-publish","4":"format-standard","5":"has-post-thumbnail","7":"category-sport","8":"tag-ekstraklasa","9":"tag-lechia_gdansk","10":"tag-liveblog","11":"tag-na_zywo","12":"tag-pl","13":"tag-poland","14":"tag-polish","15":"tag-polska","16":"tag-polski","17":"tag-ps_detal_new","18":"tag-psv2","19":"tag-screening_general","20":"tag-sport","21":"tag-sport_sport","22":"tag-sports","23":"tag-wiadomosci_sportowe","24":"tag-widzew_lodz"},"share_on_mastodon":{"url":"https:\/\/pubeurope.com\/@pl\/115514887736651733","error":""},"_links":{"self":[{"href":"https:\/\/www.europesays.com\/pl\/wp-json\/wp\/v2\/posts\/91477","targetHints":{"allow":["GET"]}}],"collection":[{"href":"https:\/\/www.europesays.com\/pl\/wp-json\/wp\/v2\/posts"}],"about":[{"href":"https:\/\/www.europesays.com\/pl\/wp-json\/wp\/v2\/types\/post"}],"author":[{"embeddable":true,"href":"https:\/\/www.europesays.com\/pl\/wp-json\/wp\/v2\/users\/2"}],"replies":[{"embeddable":true,"href":"https:\/\/www.europesays.com\/pl\/wp-json\/wp\/v2\/comments?post=91477"}],"version-history":[{"count":0,"href":"https:\/\/www.europesays.com\/pl\/wp-json\/wp\/v2\/posts\/91477\/revisions"}],"wp:featuredmedia":[{"embeddable":true,"href":"https:\/\/www.europesays.com\/pl\/wp-json\/wp\/v2\/media\/91478"}],"wp:attachment":[{"href":"https:\/\/www.europesays.com\/pl\/wp-json\/wp\/v2\/media?parent=91477"}],"wp:term":[{"taxonomy":"category","embeddable":true,"href":"https:\/\/www.europesays.com\/pl\/wp-json\/wp\/v2\/categories?post=91477"},{"taxonomy":"post_tag","embeddable":true,"href":"https:\/\/www.europesays.com\/pl\/wp-json\/wp\/v2\/tags?post=91477"}],"curies":[{"name":"wp","href":"https:\/\/api.w.org\/{rel}","templated":true}]}}