{"id":91515,"date":"2025-11-08T16:12:08","date_gmt":"2025-11-08T16:12:08","guid":{"rendered":"https:\/\/www.europesays.com\/pl\/91515\/"},"modified":"2025-11-08T16:12:08","modified_gmt":"2025-11-08T16:12:08","slug":"ekspertka-o-stroju-marty-nawrockiej-w-paryzu-wrecz-smutne-onet","status":"publish","type":"post","link":"https:\/\/www.europesays.com\/pl\/91515\/","title":{"rendered":"Ekspertka o stroju Marty Nawrockiej w Pary\u017cu. &quot;Wr\u0119cz smutne&quot; &#8211; Onet"},"content":{"rendered":"<ol>\n<li><a href=\"https:\/\/news.google.com\/rss\/articles\/CBMiswFBVV95cUxOVUtyZWJ0ek5URWVvY3VLaHE3SjB2YUlrYVlZS3Iza0RwdzJYM2ZqVnJmT0U1M3lhaUoyOEhRSmQtRDdZRzVQRV9kQ09OTmk0SEUxM1h4MGhYSXZnYzFmbkE3Nlgzc0JVMmJ0dzVCMVU1dk5RYS1MTWJaMy1wamQwSFBRVmtyQXo3TXdHOUZiVl9MRGx2ckpTeXQ1WWNlRWNwTVEtRFF6WXdpODBiS2U2RXlZNA?oc=5\" target=\"_blank\" rel=\"nofollow noopener\">Ekspertka o stroju Marty Nawrockiej w Pary\u017cu. &#8222;Wr\u0119cz smutne&#8221;<\/a>&nbsp;&nbsp;Onet<\/li>\n<li><a href=\"https:\/\/news.google.com\/rss\/articles\/CBMiqwFBVV95cUxOVnloejJRVHVDV0ZBNGpYam95d25XbGlIUXFFQ1haWFdnSGVTZzZvU0pfS01lSVZhVzdlU01maGd0ckFRWktGeTN2dGRmZXZjcmJmQTY3VnFXQjBzSFNabmpST1NuVWF5cGlxc0F0aVJBWjZLLXpOM2lQX1Y0aGtFLXpSMFAzQTVfMVduWnVkZmdpRi05cFRDOFEzY0R0LWtVS0VKSi1mbm5JWVU?oc=5\" target=\"_blank\" rel=\"nofollow noopener\">Wizyta Pierwszej Damy w Republice Francuskiej<\/a>&nbsp;&nbsp;Oficjalna strona Prezydenta Rzeczypospolitej Polskiej<\/li>\n<li><a href=\"https:\/\/news.google.com\/rss\/articles\/CBMisAFBVV95cUxPZXJPYlQ4Z2NuWGNGRTcxdnpSQTNpMkt4cm5jVGVMQVE1LVJ4ejZWMnBtT2N3RjNzQ3JRMkNLNDBNTnRfZDF0LU1DOUJGbTJlaXpkRDNVR2s1R3pnMUc3Ui1LYWwzTjJPYU1RTWd4VjB3SzA3UFFBLXdTTC1LbjJFU1hnNGd3VlJjZnpMWUd6aldPLUVXVTNyVHR2bTNLcTlndWtaZWRWYk5ZYWlxTW9WWQ?oc=5\" target=\"_blank\" rel=\"nofollow noopener\">Marta Nawrocka ma wa\u017cne zadanie w Pary\u017cu. Pokaza\u0142a si\u0119 w eleganckiej stylizacji w Notre-Dame<\/a>&nbsp;&nbsp;Plejada<\/li>\n<li><a href=\"https:\/\/news.google.com\/rss\/articles\/CBMi1AFBVV95cUxOcXYyZE1YQlJlamJpRGROUktlZzNpaDBibEhiZjd0eTVpVjlqa1FuUlhFc2hQcnlTTHBBZmU5LUc5TUttZnN0UTk1RTAtbjhyejlyaXRtZWNyOTZoWE80Q19XY1FFWWI3a1FZRW04bmh0Wlh0Q3ItaXk1TjNCdnZmQmV0MXlqdE1fX1JnUTl5S2l4TjRRTEU0NnF6c2JsM2x1WDY0QS1EbDlaT0xIWVFpdkVOMDdHdEVwN3g1TDJQR2hhTncxWTN4TGlBVm84VEhneWZHNg?oc=5\" target=\"_blank\" rel=\"nofollow noopener\">Francja: Polonia uczestniczy\u0142a w uroczysto\u015bci ponownej inauguracji polskiej kaplicy w Notre Dame<\/a>&nbsp;&nbsp;wnp.pl<\/li>\n<li><a href=\"https:\/\/news.google.com\/rss\/articles\/CBMipgFBVV95cUxNNWVhTDk5eFcwcGRKWmlwSEdkVm5qeHhrMWpCS1Q1SEdLV1diSDhDaVloV3RMQUgtUUZXeEhNU18yUWtUOUxfYlNjdWNwaVBfbE5NdjJsbE9KME9ZRjRtR3hWd05CeEt2LW1ndlJpbDJiZDB3T0k2bW0tN2VqZlNNMnZXZzNvZnpQVkZlWXhmWXRJcFhsQkE2Z1VvcWFvRDBJMlpLMmN3?oc=5\" target=\"_blank\" rel=\"nofollow noopener\">O tej stylizacji Marty Nawrockiej b\u0119dzie g\u0142o\u015bno. Stylistka nie ma z\u0142udze\u0144<\/a>&nbsp;&nbsp;Fakt<\/li>\n<\/ol>\n","protected":false},"excerpt":{"rendered":"Ekspertka o stroju Marty Nawrockiej w Pary\u017cu. &#8222;Wr\u0119cz smutne&#8221;&nbsp;&nbsp;Onet Wizyta Pierwszej Damy w Republice Francuskiej&nbsp;&nbsp;Oficjalna strona Prezydenta Rzeczypospolitej&hellip;\n","protected":false},"author":2,"featured_media":91516,"comment_status":"","ping_status":"","sticky":false,"template":"","format":"standard","meta":{"footnotes":""},"categories":[12],"tags":[32,33,3697,36,37,27,67,261,34,35,1661,28,31,53,25,52,68,51,55,42,38,40,39,41,47,29,30,341,338,65,50,26],"class_list":{"0":"post-91515","1":"post","2":"type-post","3":"status-publish","4":"format-standard","5":"has-post-thumbnail","7":"category-polska","8":"tag-breaking-news","9":"tag-breakingnews","10":"tag-dorota_goldpoint","11":"tag-featured-news","12":"tag-featurednews","13":"tag-headlines","14":"tag-intextvideo_splayer","15":"tag-kultura","16":"tag-latest-news","17":"tag-latestnews","18":"tag-marta_nawrocka","19":"tag-naglowki","20":"tag-najwazniejsze-artykuly","21":"tag-new_header","22":"tag-news","23":"tag-onet3","24":"tag-onet3d","25":"tag-onet3d_2i","26":"tag-phx","27":"tag-pl","28":"tag-poland","29":"tag-polish","30":"tag-polska","31":"tag-polski","32":"tag-screening_general","33":"tag-top-stories","34":"tag-topstories","35":"tag-tylko_w_onecie","36":"tag-tylko_w_plejadzie","37":"tag-update_me","38":"tag-v2021","39":"tag-wiadomosci"},"share_on_mastodon":{"url":"https:\/\/pubeurope.com\/@pl\/115514962399012601","error":""},"_links":{"self":[{"href":"https:\/\/www.europesays.com\/pl\/wp-json\/wp\/v2\/posts\/91515","targetHints":{"allow":["GET"]}}],"collection":[{"href":"https:\/\/www.europesays.com\/pl\/wp-json\/wp\/v2\/posts"}],"about":[{"href":"https:\/\/www.europesays.com\/pl\/wp-json\/wp\/v2\/types\/post"}],"author":[{"embeddable":true,"href":"https:\/\/www.europesays.com\/pl\/wp-json\/wp\/v2\/users\/2"}],"replies":[{"embeddable":true,"href":"https:\/\/www.europesays.com\/pl\/wp-json\/wp\/v2\/comments?post=91515"}],"version-history":[{"count":0,"href":"https:\/\/www.europesays.com\/pl\/wp-json\/wp\/v2\/posts\/91515\/revisions"}],"wp:featuredmedia":[{"embeddable":true,"href":"https:\/\/www.europesays.com\/pl\/wp-json\/wp\/v2\/media\/91516"}],"wp:attachment":[{"href":"https:\/\/www.europesays.com\/pl\/wp-json\/wp\/v2\/media?parent=91515"}],"wp:term":[{"taxonomy":"category","embeddable":true,"href":"https:\/\/www.europesays.com\/pl\/wp-json\/wp\/v2\/categories?post=91515"},{"taxonomy":"post_tag","embeddable":true,"href":"https:\/\/www.europesays.com\/pl\/wp-json\/wp\/v2\/tags?post=91515"}],"curies":[{"name":"wp","href":"https:\/\/api.w.org\/{rel}","templated":true}]}}