{"id":91517,"date":"2025-11-08T16:13:09","date_gmt":"2025-11-08T16:13:09","guid":{"rendered":"https:\/\/www.europesays.com\/pl\/91517\/"},"modified":"2025-11-08T16:13:09","modified_gmt":"2025-11-08T16:13:09","slug":"wypadek-na-drodze-ekspresowej-ranne-dzieci-ladowal-smiglowiec-lpr-onet","status":"publish","type":"post","link":"https:\/\/www.europesays.com\/pl\/91517\/","title":{"rendered":"Wypadek na drodze ekspresowej. Ranne dzieci, l\u0105dowa\u0142 \u015bmig\u0142owiec LPR &#8211; Onet"},"content":{"rendered":"<ol>\n<li><a href=\"https:\/\/news.google.com\/rss\/articles\/CBMixAFBVV95cUxOYlpTd04tRTFZRUFUaFo2cV9hUmg4MklfNHdyTjJfREpjb0JRb3VzVjU1OVdMWjNtekRxS0ZOOUh3Y2U1QnNCWDhPNlJBckxTMTlReFV4N2oxV0trNGEzS2NpclNyWjgtbWMxbkhnNnJWWnRaZ1lQS3BKSXJJdWs4VlhvLTNZeDYtYlpMZGdjMS1hRnZHMjQ1S1RyOEY1TzVMQUZKZUJkdFhxell1cUxSbUZiZmJlZjVtcGFJczlGdXhkRjN5?oc=5\" target=\"_blank\" rel=\"nofollow noopener\">Wypadek na drodze ekspresowej. Ranne dzieci, l\u0105dowa\u0142 \u015bmig\u0142owiec LPR<\/a>&nbsp;&nbsp;Onet<\/li>\n<li><a href=\"https:\/\/news.google.com\/rss\/articles\/CBMixgFBVV95cUxQWld5NVFYWGVLZjFVSWFWX0pQRmc3SncySnFiTU00VEdVY0xPcWQ3T0l3Q08tSjNnMmpTMUtqRng4RmVPNGxQMUxTSzFNeFpXcmZJMndTLVpmamtoZEk5NzMydWxIc1gtUE5jRzFCcUVJNWNZbnZZYUJBbFdvVUVFbzZ1a2NOTWJfZ1lLMTUzOGJWMmhmdy1qajgySVA1amNjMFZybEdYNFFRdVlTUHNJaEFWUXljNDd5dzRGeWZVd01IZWhoNGc?oc=5\" target=\"_blank\" rel=\"nofollow noopener\">Gro\u017any wypadek na S3. W\u015br\u00f3d rannych dzieci, l\u0105dowa\u0142 \u015bmig\u0142owiec LPR<\/a>&nbsp;&nbsp;Wydarzenia Interia<\/li>\n<li><a href=\"https:\/\/news.google.com\/rss\/articles\/CBMitAFBVV95cUxQY2Zxbk1JTDhrWURVYWI1Zll2akg4ZUtBUjNocjhYcF9vVXJFZFNmVlhRRF9Ub202bHBVU01qMXgyOVBzY2V1QU5YclR2bTR1TXVINm90TU9GUEhnUnZwRUREVEJuYV9FMkFDbnFoRXJ3V2VNT3ZPZjZpQ21TT2pGNWRuSWxkVG52RW5MM09JMEpjS2dHNmQ4LXdTVlR4TzA4OGxqdXlacUgtcVczQk9QY2FvejA?oc=5\" target=\"_blank\" rel=\"nofollow noopener\">Zablokowana S3 w kierunku Szczecina mi\u0119dzy w\u0119z\u0142ami My\u015blib\u00f3rz i Pyrzyce (akt. 2)<\/a>&nbsp;&nbsp;Kurier Szczeci\u0144ski<\/li>\n<li><a href=\"https:\/\/news.google.com\/rss\/articles\/CBMixwFBVV95cUxNb1hXZzJVUll0VjBmOFNpNk54REljZjVNdzZMQUhSanFrUG9uelhoTWMwb19SLVRsYjAtMFVfSTVydEpyR2pxY2VxN3Q0WFBvMTJBQmczYnkzYndGVWp3LUdtR0JjZzl6dHJjU1p2b3ZuNjNQYnlDdlE1WnRVSFNsMkhwVTd2V0h4VW9xMnFCb0dHUUx2eldPWncyQkJkalFDcy01bEdvQk1ueWdibFEyaUpieGYtS3czeFdLLXVlNTJWeHNDaDNJ?oc=5\" target=\"_blank\" rel=\"nofollow noopener\">Dramat rodziny pod Szczecinem. Ranna mama i dzieci. \u015amig\u0142owiec ratowniczy pilnie zabra\u0142 trzylatka<\/a>&nbsp;&nbsp;Fakt<\/li>\n<li><a href=\"https:\/\/news.google.com\/rss\/articles\/CBMifkFVX3lxTE5XYUhBWEpWTTFzcXNJa1lUQWNSTTJfX0ljWWkweFlJczBLdWh3SGdwdDZIUWhMaGdQNmtNN29rN3hkNU81OG1sd0JieWozTGVVc24tbVlucmREQlliQkVSM1FsTVNnclFiYW9uZUF6TkwxY0RVejdEUGtzOC1LZw?oc=5\" target=\"_blank\" rel=\"nofollow noopener\">Wypadek na S3, droga zablokowana [ZDJ\u0118CIA]<\/a>&nbsp;&nbsp;Radio Szczecin<\/li>\n<\/ol>\n","protected":false},"excerpt":{"rendered":"Wypadek na drodze ekspresowej. Ranne dzieci, l\u0105dowa\u0142 \u015bmig\u0142owiec LPR&nbsp;&nbsp;Onet Gro\u017any wypadek na S3. W\u015br\u00f3d rannych dzieci, l\u0105dowa\u0142 \u015bmig\u0142owiec&hellip;\n","protected":false},"author":2,"featured_media":90951,"comment_status":"","ping_status":"","sticky":false,"template":"","format":"standard","meta":{"footnotes":""},"categories":[5],"tags":[32,33,15404,36,37,27,34,35,14273,28,31,53,25,19862,52,68,51,55,42,38,40,39,41,3197,47,29,30,50,26],"class_list":{"0":"post-91517","1":"post","2":"type-post","3":"status-publish","4":"format-standard","5":"has-post-thumbnail","7":"category-naglowki","8":"tag-breaking-news","9":"tag-breakingnews","10":"tag-droga_ekspresowa_s3","11":"tag-featured-news","12":"tag-featurednews","13":"tag-headlines","14":"tag-latest-news","15":"tag-latestnews","16":"tag-lpr_lotnicze_pogotowie_ratunkowe","17":"tag-naglowki","18":"tag-najwazniejsze-artykuly","19":"tag-new_header","20":"tag-news","21":"tag-no_layer_tst1","22":"tag-onet3","23":"tag-onet3d","24":"tag-onet3d_2i","25":"tag-phx","26":"tag-pl","27":"tag-poland","28":"tag-polish","29":"tag-polska","30":"tag-polski","31":"tag-ruch_drogowy_korek_korki_wypadek_karambol_katastrofa_drogowa_kodeks_przepisy_mandat_kontrola_drogowa_jazda_samochodem","32":"tag-screening_general","33":"tag-top-stories","34":"tag-topstories","35":"tag-v2021","36":"tag-wiadomosci"},"share_on_mastodon":{"url":"","error":"Validation failed: Text character limit of 500 exceeded"},"_links":{"self":[{"href":"https:\/\/www.europesays.com\/pl\/wp-json\/wp\/v2\/posts\/91517","targetHints":{"allow":["GET"]}}],"collection":[{"href":"https:\/\/www.europesays.com\/pl\/wp-json\/wp\/v2\/posts"}],"about":[{"href":"https:\/\/www.europesays.com\/pl\/wp-json\/wp\/v2\/types\/post"}],"author":[{"embeddable":true,"href":"https:\/\/www.europesays.com\/pl\/wp-json\/wp\/v2\/users\/2"}],"replies":[{"embeddable":true,"href":"https:\/\/www.europesays.com\/pl\/wp-json\/wp\/v2\/comments?post=91517"}],"version-history":[{"count":0,"href":"https:\/\/www.europesays.com\/pl\/wp-json\/wp\/v2\/posts\/91517\/revisions"}],"wp:featuredmedia":[{"embeddable":true,"href":"https:\/\/www.europesays.com\/pl\/wp-json\/wp\/v2\/media\/90951"}],"wp:attachment":[{"href":"https:\/\/www.europesays.com\/pl\/wp-json\/wp\/v2\/media?parent=91517"}],"wp:term":[{"taxonomy":"category","embeddable":true,"href":"https:\/\/www.europesays.com\/pl\/wp-json\/wp\/v2\/categories?post=91517"},{"taxonomy":"post_tag","embeddable":true,"href":"https:\/\/www.europesays.com\/pl\/wp-json\/wp\/v2\/tags?post=91517"}],"curies":[{"name":"wp","href":"https:\/\/api.w.org\/{rel}","templated":true}]}}