{"id":91531,"date":"2025-11-08T16:25:09","date_gmt":"2025-11-08T16:25:09","guid":{"rendered":"https:\/\/www.europesays.com\/pl\/91531\/"},"modified":"2025-11-08T16:25:09","modified_gmt":"2025-11-08T16:25:09","slug":"szef-nato-uderza-w-putina-musi-wiedziec-ze-tego-sie-nie-da-wygrac","status":"publish","type":"post","link":"https:\/\/www.europesays.com\/pl\/91531\/","title":{"rendered":"Szef NATO uderza w Putina. &#8222;Musi wiedzie\u0107, \u017ce tego si\u0119 nie da wygra\u0107&#8221;"},"content":{"rendered":"<ul class=\"list-summary__items summary\">\n<li>Szef NATO Mark Rutte, krytykuje gro\u017aby nuklearne Putina, podkre\u015blaj\u0105c, \u017ce Sojusz ma silne mo\u017cliwo\u015bci odstraszania i nie ma powod\u00f3w do paniki.<\/li>\n<li>Rosja i NATO przeprowadzaj\u0105 r\u00f3wnocze\u015bnie \u0107wiczenia nuklearne, co jest cz\u0119\u015bci\u0105 ich regularnej, defensywnej strategii, kt\u00f3ra podkre\u015bla znaczenie broni atomowej dla bezpiecze\u0144stwa.<\/li>\n<li>Od inwazji na Ukrain\u0119 Putin wielokrotnie ostrzega\u0142 Zach\u00f3d przed eskalacj\u0105 nuklearn\u0105, na co odpowiedzia\u0142y zachodnie kraje. Przypomniano m.in. niedawn\u0105 zapowied\u017a prezydenta USA Donalda Trumpa ws. mo\u017cliwego wznowieniu pr\u00f3b j\u0105drowych.<\/li>\n<\/ul>\n<p>    <a name=\"eztoc35664821_0_3\" id=\"eztoc35664821_0_3\"\/>Szef NATO uderza w Putina. Takie s\u0142owa skierowa\u0142 do prezydenta Rosji<\/p>\n<p>&#8211; Gdy Rosja pos\u0142uguje si\u0119 niebezpieczn\u0105 i lekkomy\u015bln\u0105 retoryk\u0105 nuklearn\u0105, nasi obywatele powinni wiedzie\u0107, \u017ce nie ma powod\u00f3w do paniki.<br \/>\n<a href=\"https:\/\/wiadomosci.radiozet.pl\/tag\/kategoria\/nato\" target=\"_blank\" rel=\"dofollow noopener\">NATO<\/a> dysponuje silnym odstraszaniem nuklearnym &#8211; powiedzia\u0142 Mark Rutte w opublikowanym w sobot\u0119 wywiadzie z niemieckim\u00a0&#8222;Welt am Sonntag&#8221;.<\/p>\n<p>Sekretarz generalny Sojuszu P\u00f3\u0142nocnoatlantyckiego uzna\u0142, \u017ce wa\u017cnym jest, \u017ceby prowadzi\u0107 w krajach NATO rozmowy na temat odstraszaniu atomowego. Tak, by &#8222;spo\u0142ecze\u0144stwa rozumia\u0142y, jak przyczynia si\u0119 do naszego wsp\u00f3lnego bezpiecze\u0144stwa&#8221;. &#8211;<br \/>\n<a href=\"https:\/\/wiadomosci.radiozet.pl\/tag\/kategoria\/wladimir-putin\" target=\"_blank\" rel=\"dofollow noopener\">W\u0142adimir Putin<\/a> musi wiedzie\u0107, \u017ce wojny nuklearnej nie da si\u0119 wygra\u0107 i nigdy nie powinna zosta\u0107 wywo\u0142ana &#8211; zaznaczy\u0142 by\u0142y holenderski premier.<\/p>\n<p>W pa\u017adzierniku Rosja przeprowadzi\u0142a \u0107wiczenia swoich strategicznych si\u0142 j\u0105drowych, r\u00f3wnolegle natomiast Sojusz P\u00f3\u0142nocnoatlantycki zorganizowa\u0142 w Europie swoje coroczne \u0107wiczenia nuklearne.\u00a0Trzy spo\u015br\u00f3d 32 pa\u0144stw NATO &#8211; Stany Zjednoczone, Francja i Wielka\u00a0Brytania &#8211;\u00a0to mocarstwa atomowe.<\/p>\n<p>Od czasu rozpocz\u0119cia przez Kreml inwazji na pe\u0142n\u0105 skal\u0119 przeciwko Ukrainie w 2022 roku Putin wielokrotnie ostrzega\u0142 Zach\u00f3d przed mo\u017cliwymi konsekwencjami nuklearnymi, takie same ostrze\u017cenia wzgl\u0119dem rosyjskiego przyw\u00f3dcy kierowa\u0142y tak\u017ce pa\u0144stwa zachodnie. Warto r\u00f3wnie\u017c przypomnie\u0107, \u017ce niedawno prezydent USA Donald Trump zapowiedzia\u0142 wznowienie ameryka\u0144skich pr\u00f3b j\u0105drowych w reakcji na &#8222;tego typu dzia\u0142ania ze strony innych kraj\u00f3w&#8221;. Nie sprecyzowa\u0142 jednak, kogo mia\u0142 na my\u015bli.<\/p>\n<p>\u0179r\u00f3d\u0142o: Radio ZET\/PAP<\/p>\n<p>By\u0142e\u015b \u015bwiadkiem czego\u015b niespodziewanego? Masz temat, kt\u00f3rym powinni\u015bmy si\u0119 zaj\u0105\u0107?<\/p>\n<p>Zg\u0142o\u015b spraw\u0119 przez <a href=\"https:\/\/wiadomosci.radiozet.pl\/czerwony-telefon\" target=\"_blank\" title=\"Czerwony telefon Radia Zet\" rel=\"nofollow noopener\">Czerwony telefon Radia ZET<\/a><\/p>\n","protected":false},"excerpt":{"rendered":"Szef NATO Mark Rutte, krytykuje gro\u017aby nuklearne Putina, podkre\u015blaj\u0105c, \u017ce Sojusz ma silne mo\u017cliwo\u015bci odstraszania i nie ma&hellip;\n","protected":false},"author":2,"featured_media":91532,"comment_status":"","ping_status":"","sticky":false,"template":"","format":"standard","meta":{"footnotes":""},"categories":[14],"tags":[32,33,10243,27,34,35,28,31,160,25,40,4362,41,87,80,29,30,415,26,698,2278,82,83,84],"class_list":{"0":"post-91531","1":"post","2":"type-post","3":"status-publish","4":"format-standard","5":"has-post-thumbnail","7":"category-swiat","8":"tag-breaking-news","9":"tag-breakingnews","10":"tag-bron-nuklearna","11":"tag-headlines","12":"tag-latest-news","13":"tag-latestnews","14":"tag-naglowki","15":"tag-najwazniejsze-artykuly","16":"tag-nato","17":"tag-news","18":"tag-polish","19":"tag-polityka-zagraniczna","20":"tag-polski","21":"tag-rosja","22":"tag-swiat","23":"tag-top-stories","24":"tag-topstories","25":"tag-ukraina","26":"tag-wiadomosci","27":"tag-wladimir-putin","28":"tag-wojna-na-ukrainie","29":"tag-world","30":"tag-world-news","31":"tag-worldnews"},"share_on_mastodon":{"url":"https:\/\/pubeurope.com\/@pl\/115515013436786727","error":""},"_links":{"self":[{"href":"https:\/\/www.europesays.com\/pl\/wp-json\/wp\/v2\/posts\/91531","targetHints":{"allow":["GET"]}}],"collection":[{"href":"https:\/\/www.europesays.com\/pl\/wp-json\/wp\/v2\/posts"}],"about":[{"href":"https:\/\/www.europesays.com\/pl\/wp-json\/wp\/v2\/types\/post"}],"author":[{"embeddable":true,"href":"https:\/\/www.europesays.com\/pl\/wp-json\/wp\/v2\/users\/2"}],"replies":[{"embeddable":true,"href":"https:\/\/www.europesays.com\/pl\/wp-json\/wp\/v2\/comments?post=91531"}],"version-history":[{"count":0,"href":"https:\/\/www.europesays.com\/pl\/wp-json\/wp\/v2\/posts\/91531\/revisions"}],"wp:featuredmedia":[{"embeddable":true,"href":"https:\/\/www.europesays.com\/pl\/wp-json\/wp\/v2\/media\/91532"}],"wp:attachment":[{"href":"https:\/\/www.europesays.com\/pl\/wp-json\/wp\/v2\/media?parent=91531"}],"wp:term":[{"taxonomy":"category","embeddable":true,"href":"https:\/\/www.europesays.com\/pl\/wp-json\/wp\/v2\/categories?post=91531"},{"taxonomy":"post_tag","embeddable":true,"href":"https:\/\/www.europesays.com\/pl\/wp-json\/wp\/v2\/tags?post=91531"}],"curies":[{"name":"wp","href":"https:\/\/api.w.org\/{rel}","templated":true}]}}