{"id":91817,"date":"2025-11-08T20:13:07","date_gmt":"2025-11-08T20:13:07","guid":{"rendered":"https:\/\/www.europesays.com\/pl\/91817\/"},"modified":"2025-11-08T20:13:07","modified_gmt":"2025-11-08T20:13:07","slug":"prezes-pis-wzywa-na-protest-w-obronie-daniela-obajtka-nie-zapominajmy-o-nim-onet","status":"publish","type":"post","link":"https:\/\/www.europesays.com\/pl\/91817\/","title":{"rendered":"Prezes PiS wzywa na protest w obronie Daniela Obajtka. &quot;Nie zapominajmy o nim&quot; &#8211; Onet"},"content":{"rendered":"<ol>\n<li><a href=\"https:\/\/news.google.com\/rss\/articles\/CBMiwgFBVV95cUxORHdQX3VFNmRwOE5IeWhobW9ZZV9Sdml0SkJPcTh0cXBPSGptdlRrcmJ4cGhLeWEtNGdDZlJOd0hRZWFwdnQxVHV5T3ZIYWE0UEo4N0RSc1NMc2hoM09OTS1DSU9zWFZmSGdRdHVXSVFMTXBwaUdzdml4c3hYRTFIU0VqQUtTLVJMTHJNOU9xMFRqQXQ2Y0VwVy1PaUNBMFJiX0NZemlnMHhYdEJycWhJZ2VaMmVNczJqN29HeXZ3YlRSZw?oc=5\" target=\"_blank\" rel=\"nofollow noopener\">Prezes PiS wzywa na protest w obronie Daniela Obajtka. &#8222;Nie zapominajmy o nim&#8221;<\/a>&nbsp;&nbsp;Onet<\/li>\n<li><a href=\"https:\/\/news.google.com\/rss\/articles\/CBMiowFBVV95cUxNT2c3dzAtd0FqckMtaFVoLUFNZDgwcjNjQ2paTE5iejZESmFMQzczZkw5WkxSQldGYXpQUE9Gd01DSkJMY0c3ZGFNNGFqM0hRWUM2TXQzQnN3dkN4eFZDN0tuMldkYjhvWjdZOC0yMzdQdlllNEEwZmE1VjR1ci1BMWt2ZW9LOE01ZWo1dzBKZXQ5U0piNlBNSE9sdm9scnZxRVE0?oc=5\" target=\"_blank\" rel=\"nofollow noopener\">Protest w obronie Daniela Obajtka. Jaros\u0142aw Kaczy\u0144ski wskaza\u0142 termin<\/a>&nbsp;&nbsp;Onet Wiadomo\u015bci<\/li>\n<li><a href=\"https:\/\/news.google.com\/rss\/articles\/CBMiugFBVV95cUxOZkNpekJOZjJwVnJqUTFLcVZIU1lPVEdNVWo4Ym5NOEtoanZ4ZTRZNkpkNjA5NGFIeDJKQnpEU1VJVGFLcXp4U0dGQTdmTVFRLUdrS3ZiWXFsYzJCUmpaZjVkX3JNaFVtaDVqSzhfS2F6c1dFYXFUSURrOTJid1J2NzRIN3pwRDlncUJVNFZCN09LbXc5WjVzU3BVS2NBSm1RcDEyQnpha19LNU9rdjBpczJfRVZONm5ncXc?oc=5\" target=\"_blank\" rel=\"nofollow noopener\">W\u015bciek\u0142y atak na Daniela Obajtka. Jaros\u0142aw Kaczy\u0144ski murem za by\u0142ym prezesem Orlenu<\/a>&nbsp;&nbsp;Niezale\u017cna<\/li>\n<li><a href=\"https:\/\/news.google.com\/rss\/articles\/CBMibkFVX3lxTE40c1VaS25NaWt5Z2F4cEVjQnc2eVVNYmxuWk1YaFRESG5FRlVwVE9JOFVQTnAzMVh6VUNGZ3lPUkhiX2w0Mnp0VU5JeU9yQWZjbUFNaTA2cmY2Q0RkWnFGUF8yRUJPYTlBZUNaOHJR?oc=5\" target=\"_blank\" rel=\"nofollow noopener\">Obajtek wezwany do prokuratury<\/a>&nbsp;&nbsp;WM.pl<\/li>\n<li><a href=\"https:\/\/news.google.com\/rss\/articles\/CBMizwFBVV95cUxNdm9XUS1KXzBvVzc2SklCNzR5SXpTWVZYYkFsTmc1SEtNT29yQ0lsNHU0dzlUSDZuT2d5cmkxaXhhaTVNQXdIOWRrQXV3RkdHdXljeDMtRk1PYkd1b1pENjRvLUN6M0owU3dYZ0RuSC1BbEZnNVVkVkxwZFNkMktPNW84azlRVDBUbTM0NGcxVXk0NGlTS1pZUTVRLXRCNWV1dTVTeWx2WF9qZ2Y5NzJfVjhEcThBR0xxUTAyZ2pmRk1DeEFhVnZObVBfaFFTS2c?oc=5\" target=\"_blank\" rel=\"nofollow noopener\">Nieoficjalnie: Daniel Obajtek wezwany do prokuratury. Mo\u017ce us\u0142ysze\u0107 zarzuty<\/a>&nbsp;&nbsp;Onet<\/li>\n<\/ol>\n","protected":false},"excerpt":{"rendered":"Prezes PiS wzywa na protest w obronie Daniela Obajtka. &#8222;Nie zapominajmy o nim&#8221;&nbsp;&nbsp;Onet Protest w obronie Daniela Obajtka.&hellip;\n","protected":false},"author":2,"featured_media":91818,"comment_status":"","ping_status":"","sticky":false,"template":"","format":"standard","meta":{"footnotes":"","_share_on_mastodon":"0"},"categories":[5],"tags":[32,33,244,4470,36,37,27,67,422,34,35,28,31,53,25,52,68,51,10771,55,42,38,40,39,41,1627,47,29,30,65,50,26],"class_list":["post-91817","post","type-post","status-publish","format-standard","has-post-thumbnail","category-naglowki","tag-breaking-news","tag-breakingnews","tag-ctr_tst","tag-daniel_obajtek_manager_polityk","tag-featured-news","tag-featurednews","tag-headlines","tag-intextvideo_splayer","tag-jaroslaw_kaczynski","tag-latest-news","tag-latestnews","tag-naglowki","tag-najwazniejsze-artykuly","tag-new_header","tag-news","tag-onet3","tag-onet3d","tag-onet3d_2i","tag-orlen_firma_pkn_orlen","tag-phx","tag-pl","tag-poland","tag-polish","tag-polska","tag-polski","tag-prokuratura","tag-screening_general","tag-top-stories","tag-topstories","tag-update_me","tag-v2021","tag-wiadomosci"],"share_on_mastodon":{"url":"","error":"Validation failed: Text character limit of 500 exceeded"},"_links":{"self":[{"href":"https:\/\/www.europesays.com\/pl\/wp-json\/wp\/v2\/posts\/91817","targetHints":{"allow":["GET"]}}],"collection":[{"href":"https:\/\/www.europesays.com\/pl\/wp-json\/wp\/v2\/posts"}],"about":[{"href":"https:\/\/www.europesays.com\/pl\/wp-json\/wp\/v2\/types\/post"}],"author":[{"embeddable":true,"href":"https:\/\/www.europesays.com\/pl\/wp-json\/wp\/v2\/users\/2"}],"replies":[{"embeddable":true,"href":"https:\/\/www.europesays.com\/pl\/wp-json\/wp\/v2\/comments?post=91817"}],"version-history":[{"count":0,"href":"https:\/\/www.europesays.com\/pl\/wp-json\/wp\/v2\/posts\/91817\/revisions"}],"wp:featuredmedia":[{"embeddable":true,"href":"https:\/\/www.europesays.com\/pl\/wp-json\/wp\/v2\/media\/91818"}],"wp:attachment":[{"href":"https:\/\/www.europesays.com\/pl\/wp-json\/wp\/v2\/media?parent=91817"}],"wp:term":[{"taxonomy":"category","embeddable":true,"href":"https:\/\/www.europesays.com\/pl\/wp-json\/wp\/v2\/categories?post=91817"},{"taxonomy":"post_tag","embeddable":true,"href":"https:\/\/www.europesays.com\/pl\/wp-json\/wp\/v2\/tags?post=91817"}],"curies":[{"name":"wp","href":"https:\/\/api.w.org\/{rel}","templated":true}]}}