{"id":91821,"date":"2025-11-08T20:15:18","date_gmt":"2025-11-08T20:15:18","guid":{"rendered":"https:\/\/www.europesays.com\/pl\/91821\/"},"modified":"2025-11-08T20:15:18","modified_gmt":"2025-11-08T20:15:18","slug":"renata-dancewicz-w-halo-tu-polsat-mowi-o-mediach-spolecznosciowych-nazywa-je-nastepnym-etatem","status":"publish","type":"post","link":"https:\/\/www.europesays.com\/pl\/91821\/","title":{"rendered":"Renata Dancewicz w &#8222;halo tu polsat&#8221; m\u00f3wi o mediach spo\u0142eczno\u015bciowych. Nazywa je &#8222;nast\u0119pnym etatem&#8221;"},"content":{"rendered":"<p>Renata Dancewicz z przyjacielem w &#8222;halo tu polsat&#8221;<\/p>\n<p class=\"typography ids-typeset-body ids-typeset-body--preset-large link paragraph ids-paragraph ids-paragraph--default\">Pr\u00f3\u017cno szuka\u0107 drugiej takiej osobowo\u015bci na polskiej scenie. Renata Dancewicz to wyj\u0105tkowa kobieta i wyj\u0105tkowa aktorka, z dorobkiem tak bogatym, \u017ce swoimi rolami mog\u0142aby obdzieli\u0107 dwie lub trzy osoby. Wyst\u0119powa\u0107 zacz\u0119\u0142a jeszcze w klasie maturalnej, p\u00f3\u017aniej by\u0142a zwi\u0105zana z teatrem &#8211; m.in. Dramatycznym w Wa\u0142brzychu i Teatrem Kwadrat. Na wielkim ekranie zadebiutowa\u0142a w 1993. A ju\u017c chwil\u0119 p\u00f3\u017aniej na Festiwalu Polskich Film\u00f3w Fabularnych w Gdyni odebra\u0142a nagrody indywidualne za najlepsze role drugoplanowe w a\u017c trzech filmach z 1995 roku: &#8222;Tato&#8221;, &#8222;Deborah&#8221; i &#8222;Pu\u0142kownik Kwiatkowski&#8221;. Od 2003 wciela si\u0119 w Weronik\u0119 Wilk w serialu &#8222;Na Wsp\u00f3lnej&#8221;, a w 2006 wzi\u0119\u0142a udzia\u0142 w drugiej edycji programu &#8222;Taniec z Gwiazdami&#8221;.<\/p>\n<p class=\"typography ids-typeset-body ids-typeset-body--preset-large link paragraph ids-paragraph ids-paragraph--default\">Renaty Dancewicz pr\u00f3\u017cno szuka\u0107 w mediach spo\u0142eczno\u015bciowych, co dzisiaj, zw\u0142aszcza w\u015br\u00f3d gwiazd, jest wielk\u0105 rzadko\u015bci\u0105. Ale mo\u017cna j\u0105 znale\u017a\u0107 przy stole do gry, bo jest bryd\u017cystk\u0105, cz\u0142onkini\u0105 Polskiego Zwi\u0105zku Bryd\u017ca Sportowego, w 2006 roku odznaczon\u0105 Br\u0105zowym Medalem. O swojej pasji\u00a0<a href=\"https:\/\/halotu.polsat.pl\/newsy\/news-wielki-sukces-polakow-po-40-latach-zdobyli-podwojne-zloto-w-,nId,7852115\" rel=\"nofollow noopener\" target=\"_blank\">opowiedzia\u0142a podczas poprzedniej wizyty w &#8222;halo tu polsat&#8221;<\/a>. A prywatnie tak\u017ce przyjaci\u00f3\u0142k\u0105 Myszkina &#8211; psa z histori\u0105 i charakterem godnym gwiazdy filmowej, kt\u00f3rego nasza go\u015bcini zabra\u0142a dzi\u015b do naszego studia. W &#8222;halo tu polsat&#8221; aktorka opowiedzia\u0142a nie tylko o tej wyj\u0105tkowej relacji.<\/p>\n<p>&#8222;Jestem cz\u0142owiekiem w tym zwi\u0105zku&#8221;. Renata Dancewicz o relacji z Myszkinem<\/p>\n<p class=\"typography ids-typeset-body ids-typeset-body--preset-large link paragraph ids-paragraph ids-paragraph--default\">Myszkin trafi\u0142 do domu Renaty Dancewicz dzi\u0119ki cz\u0142owiekowi, kt\u00f3ry pomaga b\u0142\u0105kaj\u0105cym si\u0119 zwierz\u0119tom. Gdy spotkali si\u0119 po raz pierwszy, jej przysz\u0142y pupile potrzebowa\u0142 nie tylko mi\u0142o\u015bci, ale tak\u017ce pilnej wizyty u weterynarza. Jak wspomina\u0142a nasza go\u015bcini, na pocz\u0105tku by\u0142 bardzo nieufny. Dzisiaj to zupe\u0142nie inny pies.<\/p>\n<p class=\"typography ids-typeset-body ids-typeset-body--preset-large link paragraph ids-paragraph ids-paragraph--default\">&#8222;Jestem cz\u0142owiekiem w tym zwi\u0105zku i ja ustalam zasady, ale musia\u0142am si\u0119 nagi\u0105\u0107 do jego wymaga\u0144&#8221;, wspomina\u0142a aktorka i t\u0142umaczy\u0142a, \u017ce na pocz\u0105tku Myszkin nie potrafi\u0142 zostawa\u0107 sam w domu, a gdy ju\u017c zostawa\u0142, dawa\u0142 upust swoim emocjom, zostawiaj\u0105c w mieszkaniu do\u015b\u0107 uci\u0105\u017cliwe \u015blady swej obecno\u015bci. Zacz\u0119\u0142a wi\u0119c zabiera\u0107 go wsz\u0119dzie, gdzie si\u0119 wybiera\u0142a.<\/p>\n<p class=\"typography ids-typeset-body ids-typeset-body--preset-large link paragraph ids-paragraph ids-paragraph--default\">&#8222;Widzia\u0142 ponad 40 film\u00f3w, bo chodzi\u0142 ze mn\u0105 r\u00f3wnie\u017c do kina, chodzi ze mn\u0105 \u00bbNa Wsp\u00f3ln\u0105\u00ab, czasami do teatru, chocia\u017c staram si\u0119 nie. Wsz\u0119dzie ze mn\u0105 chodzi&#8221;, m\u00f3wi\u0142a Renata Dancewicz, a widzowie mogli zauwa\u017cy\u0107, \u017ce dzisiaj czu\u0142 si\u0119 \u015bwietnie w naszym studiu, w kt\u00f3rym, zdecydowanie, najwi\u0119ksz\u0105 jego uwag\u0105 cieszy\u0142a si\u0119 kuchnia.<\/p>\n<p class=\"typography ids-typeset-body ids-typeset-body--preset-large link paragraph ids-paragraph ids-paragraph--default\">&#8222;Trafili\u015bmy na siebie dosy\u0107 dobrze, poniewa\u017c ja te\u017c lubi\u0119 du\u017co wolno\u015bci&#8221;, kontynuowa\u0142a nasza go\u015bcini i przytoczy\u0142a anegdot\u0119 o siedmiu pogryzionych smyczach, kt\u00f3re dobitnie da\u0142y jej do zrozumienia, \u017ce czworon\u00f3g nie uznaje takiej formy &#8222;przywi\u0105zania&#8221;. To z kolei czasem wi\u0105\u017ce si\u0119 z k\u0142opotliwymi sytuacjami dla jego w\u0142a\u015bcicielki.<\/p>\n<p class=\"typography ids-typeset-body ids-typeset-body--preset-large link paragraph ids-paragraph ids-paragraph--default\">&#8222;Ludzie si\u0119 interesuj\u0105 psami, co jest oczywi\u015bcie bardzo dobre. Ale cz\u0119sto nie potrafi\u0105 zrozumie\u0107, \u017ce Myszkin jest bez smyczy. [&#8230;] Jest to trudne do zrozumienia i ja zawsze staram si\u0119 t\u0142umaczy\u0107&#8221;, wyja\u015bni\u0142a nasza go\u015bcini.<\/p>\n<p class=\"typography ids-typeset-body ids-typeset-body--preset-large link paragraph ids-paragraph ids-paragraph--default\">Opr\u00f3cz \u015bmiesznych sytuacji zdarzaj\u0105 si\u0119 jednak te mniej zabawne, gdy Renata Dancewicz spotyka si\u0119 z komentarzami internaut\u00f3w. Dok\u0142adnie tak by\u0142o, gdy w mediach spo\u0142eczno\u015bciowych znalaz\u0142o si\u0119 zdj\u0119cie Myszkina, kt\u00f3ry czeka\u0142 na ni\u0105 pod jednym ze sklep\u00f3w. By\u0142 zaopiekowany i czu\u0142 si\u0119 tam \u015bwietnie, ale pewien obserwator uwa\u017ca\u0142 inaczej. Chocia\u017c czworono\u017cny przyjaciel Renaty Dancewicz pojawia si\u0119 w internecie, to jej samej pr\u00f3\u017cno szuka\u0107 na Instagramie czy Facebooku.<\/p>\n<p><img decoding=\"async\" class=\"ids-image-holder__img\" loading=\"lazy\" alt=\"Renata Dancewicz do studia &quot;halo tu polsat&quot; przysz\u0142a z psem Myszkinem\" title=\"\" width=\"800\" height=\"1200\" src=\"https:\/\/www.europesays.com\/pl\/wp-content\/uploads\/2025\/11\/000LWEF7HFO6SKEB-C125-F4.webp.webp\"\/><\/p>\n<p>Renata Dancewicz do studia &#8222;halo tu polsat&#8221; przysz\u0142a z psem MyszkinemAKPA<\/p>\n<p>Renata Dancewicz nie prowadzi medi\u00f3w spo\u0142eczno\u015bciowych. &#8222;Na to mnie nie sta\u0107&#8221;<\/p>\n<p class=\"typography ids-typeset-body ids-typeset-body--preset-large link paragraph ids-paragraph ids-paragraph--default\">Jest to do\u015b\u0107 nieoczywiste w czasach, gdy wszystkie gwiazdy, celebryci czy osoby publiczne, dbaj\u0105 o swoj\u0105 widoczno\u015b\u0107 w internecie. Ale nasza go\u015bcini uwa\u017ca, \u017ce media spo\u0142eczno\u015bciowe nie s\u0105 jej do niczego potrzebne.<\/p>\n<p class=\"typography ids-typeset-body ids-typeset-body--preset-large link paragraph ids-paragraph ids-paragraph--default\">&#8222;Ja nie mam czasu. Dla mnie luksusem jest wolny czas. A jest go coraz mniej, bo jestem coraz starsza, to \u017cycie coraz szybciej \u00bbzapyla\u00ab. Mam du\u017co pracy, wi\u0119c jeszcze robienie sobie nast\u0119pnego etatu ze spo\u0142eczno\u015bci\u00f3wek, bo widz\u0119, jak to dzia\u0142a, to poch\u0142ania du\u017co czasu, je\u015bli chce si\u0119 to jako\u015b wiarygodnie prowadzi\u0107, to na to mnie nie sta\u0107, ani mentalnie, ani czasowo. Z fanami spotykam si\u0119 bezpo\u015brednio, albo poprzez prac\u0119. A je\u017celi kto\u015b ma jakie\u015b zdanie na m\u00f3j temat, to nie b\u0119d\u0119 si\u0119 \u00bbkopa\u0107 z koniem\u00ab, nie b\u0119d\u0119 ka\u017cdemu t\u0142umaczy\u0107&#8221;, wyja\u015bni\u0142a Renata Dancewicz.<\/p>\n<p class=\"typography ids-typeset-body ids-typeset-body--preset-large link paragraph ids-paragraph ids-paragraph--default\">Te bezpo\u015brednie spotkania z fanami s\u0105 z pewno\u015bci\u0105 najbardziej emocjonuj\u0105ce, dla obydwu stron. A kolejne takie wydarzy si\u0119 ju\u017c jutro.<\/p>\n<p>&#8222;Nieoczywista&#8221; komedia z Renat\u0105 Dancewicz w roli g\u0142\u00f3wnej<\/p>\n<p class=\"typography ids-typeset-body ids-typeset-body--preset-large link paragraph ids-paragraph ids-paragraph--default\">Spektakl &#8222;\u017cONA&#8221;, sztuka uwielbianej przez francusk\u0105 publiczno\u015b\u0107 Jade-Rose Parker w mistrzowskiej adaptacji Adama Sajnuka, doskonale dopasowanej do polskiej rzeczywisto\u015bci i mentalno\u015bci, jest wystawiany w Ma\u0142ej Warszawie, a najbli\u017cszy odb\u0119dzie si\u0119 w niedziel\u0119 9 listopada o godz. 19:00. To historia o zaufaniu i potrzebie blisko\u015bci, o tolerancji, akceptacji i wsparciu, o mi\u0142o\u015bci i to\u017csamo\u015bci.<\/p>\n<p class=\"typography ids-typeset-body ids-typeset-body--preset-large link paragraph ids-paragraph ids-paragraph--default\">Komedia jest pe\u0142na emocji, ale daje przestrze\u0144 na refleksj\u0119. Raz wywo\u0142uje wybuchy \u015bmiechu, za chwil\u0119 zadum\u0119 czy nawet onie\u015bmielenie. G\u0142\u00f3wni bohaterowie to\u00a0Fran\u00e7ois, kt\u00f3ry w\u0142a\u015bnie startuje w wyborach na mera miasta, jego pi\u0119kna i inteligentna \u017cona Carla i oczko w g\u0142owie rodzic\u00f3w &#8211; c\u00f3rka Louise. Na pierwszy rzut oka &#8211; rodzina idealna, ale jeden dzie\u0144 wywraca ich rzeczywisto\u015b\u0107 do g\u00f3ry nogami. W recenzjach spektaklu czytamy o &#8222;aktorstwie najwy\u017cszej pr\u00f3by&#8221;, ale nie mo\u017ce by\u0107 inaczej, gdy w g\u0142\u00f3wnej roli pojawia si\u0119 Renata Dancewicz.<\/p>\n<p class=\"typography ids-typeset-body ids-typeset-body--preset-large link paragraph ids-paragraph ids-paragraph--default\">&#8222;Jest komedi\u0105, ale mam nadziej\u0119, \u017ce w szlachetnym gatunku i jest taka no, nieoczywista&#8221;, opowiada\u0142a nasza go\u015bcini o spektaklu. &#8222;Gramy z Piotrem Polkiem, z Justyn\u0105 Fabisiak, Czarkiem \u0141ukaszewiczem, jutro z Ma\u0107kiem Maciejewskim i czasami z Micha\u0142em Rolnickim. Ludzie bardzo to fajnie przyjmuj\u0105&#8221;, doda\u0142a.<\/p>\n<p class=\"typography ids-typeset-body ids-typeset-body--preset-large link paragraph ids-paragraph ids-paragraph--default\">Nasi prowadz\u0105cy zwr\u00f3cili uwag\u0119 na to, \u017ce dzisiaj spektakle docieraj\u0105 w najdalsze zak\u0105tki Polski, co jest \u015bwietn\u0105 inicjatyw\u0105, ale dla aktor\u00f3w oznacza ci\u0105g\u0142e podr\u00f3\u017ce. Jak to znosi Renata Dancewicz?<\/p>\n<p class=\"typography ids-typeset-body ids-typeset-body--preset-large link paragraph ids-paragraph ids-paragraph--default\">&#8222;To taka podr\u00f3\u017c do korzeni aktorskich, kiedy\u015b aktorzy przecie\u017c przemieszczali si\u0119 z miasta do miasta i mo\u017cna powiedzie\u0107, \u017ce si\u0119 bardzo ciesz\u0119, \u017ce nie musz\u0119 wozi\u0107 kostium\u00f3w w swoim wozie&#8221;, odpowiedzia\u0142a nasza go\u015bcini ze \u015bmiechem i kontynuowa\u0142a: &#8222;Ja nie lubi\u0119 rutyny, \u017ce mieszkam ca\u0142y czas w tym samym mieszkaniu, robi\u0119 ca\u0142y czas to samo, wtedy si\u0119 nudz\u0119. Wi\u0119c czasami dobrze jest si\u0119 przewietrzy\u0107, lubi\u0119 bardzo hotelowe \u015bniadania, lubi\u0119 hotele, lubi\u0119 zwiedza\u0107 miasta, lubi\u0119 chodzi\u0107 do kina w obcych miastach. \u017bycie towarzyskie, kt\u00f3re jest bardzo urocze z kolegami &#8211; tak\u017ce to jest ok&#8221;.<\/p>\n<p class=\"typography ids-typeset-body ids-typeset-body--preset-large link paragraph ids-paragraph ids-paragraph--default\">Ca\u0142\u0105, r\u00f3wnie\u017c urocz\u0105, rozmow\u0119 z Renat\u0105 Dancewicz, podobnie jak wszystkie odcinki &#8222;halo tu polsat&#8221;, mo\u017cecie zobaczy\u0107 na platformie\u00a0<a href=\"https:\/\/polsatboxgo.pl\/pakiety\/premium?ktw=eyJhbGciOiJIUzI1NiJ9.WzUzLDMwMywxNF0.ukCIr2mHBdx2wqHGBjYdad4sC21vEn_6fB3Y3ud8X1g\" rel=\"nofollow noopener\" target=\"_blank\">Polsat Box Go<\/a>.<\/p>\n<p>Materia\u0142 zawiera\u0142 linki partner\u00f3w reklamowych.<\/p>\n<p>Masz sugestie, uwagi albo widzisz b\u0142\u0105d? Napisz do nas<\/p>\n","protected":false},"excerpt":{"rendered":"Renata Dancewicz z przyjacielem w &#8222;halo tu polsat&#8221; Pr\u00f3\u017cno szuka\u0107 drugiej takiej osobowo\u015bci na polskiej scenie. Renata Dancewicz&hellip;\n","protected":false},"author":2,"featured_media":91822,"comment_status":"","ping_status":"","sticky":false,"template":"","format":"standard","meta":{"footnotes":""},"categories":[22],"tags":[122,42,38,40,39,41,123],"class_list":{"0":"post-91821","1":"post","2":"type-post","3":"status-publish","4":"format-standard","5":"has-post-thumbnail","7":"category-rozrywka","8":"tag-entertainment","9":"tag-pl","10":"tag-poland","11":"tag-polish","12":"tag-polska","13":"tag-polski","14":"tag-rozrywka"},"share_on_mastodon":{"url":"https:\/\/pubeurope.com\/@pl\/115515917916958874","error":""},"_links":{"self":[{"href":"https:\/\/www.europesays.com\/pl\/wp-json\/wp\/v2\/posts\/91821","targetHints":{"allow":["GET"]}}],"collection":[{"href":"https:\/\/www.europesays.com\/pl\/wp-json\/wp\/v2\/posts"}],"about":[{"href":"https:\/\/www.europesays.com\/pl\/wp-json\/wp\/v2\/types\/post"}],"author":[{"embeddable":true,"href":"https:\/\/www.europesays.com\/pl\/wp-json\/wp\/v2\/users\/2"}],"replies":[{"embeddable":true,"href":"https:\/\/www.europesays.com\/pl\/wp-json\/wp\/v2\/comments?post=91821"}],"version-history":[{"count":0,"href":"https:\/\/www.europesays.com\/pl\/wp-json\/wp\/v2\/posts\/91821\/revisions"}],"wp:featuredmedia":[{"embeddable":true,"href":"https:\/\/www.europesays.com\/pl\/wp-json\/wp\/v2\/media\/91822"}],"wp:attachment":[{"href":"https:\/\/www.europesays.com\/pl\/wp-json\/wp\/v2\/media?parent=91821"}],"wp:term":[{"taxonomy":"category","embeddable":true,"href":"https:\/\/www.europesays.com\/pl\/wp-json\/wp\/v2\/categories?post=91821"},{"taxonomy":"post_tag","embeddable":true,"href":"https:\/\/www.europesays.com\/pl\/wp-json\/wp\/v2\/tags?post=91821"}],"curies":[{"name":"wp","href":"https:\/\/api.w.org\/{rel}","templated":true}]}}