{"id":91911,"date":"2025-11-08T21:18:11","date_gmt":"2025-11-08T21:18:11","guid":{"rendered":"https:\/\/www.europesays.com\/pl\/91911\/"},"modified":"2025-11-08T21:18:11","modified_gmt":"2025-11-08T21:18:11","slug":"angelina-jolie-i-brad-pitt-spor-o-francuska-posiadlosc-trwa-gwiazdor-domaga-sie-35-mln-dolarow-odszkodowania","status":"publish","type":"post","link":"https:\/\/www.europesays.com\/pl\/91911\/","title":{"rendered":"Angelina Jolie i Brad Pitt: sp\u00f3r o francusk\u0105 posiad\u0142o\u015b\u0107 trwa. Gwiazdor domaga si\u0119 35 mln dolar\u00f3w odszkodowania"},"content":{"rendered":"<p>Para, kt\u00f3ra pobra\u0142a si\u0119 w 2014 roku, by\u0142a przez lata symbolem hollywoodzkiego ma\u0142\u017ce\u0144stwa &#8211; przez media nazywana &#8222;Brangelin\u0105&#8221;. Maj\u0105 sze\u015bcioro dzieci, kt\u00f3re by\u0142y cz\u0119\u015bci\u0105 skomplikowanego sporu o opiek\u0119. Jolie z\u0142o\u017cy\u0142a pozew o rozw\u00f3d w 2016 roku, powo\u0142uj\u0105c si\u0119 na &#8222;r\u00f3\u017cnice nie do pogodzenia&#8221;, a sprawa rozwodowa sta\u0142a si\u0119 jednym z najbardziej medialnych wydarze\u0144 w Hollywood.<\/p>\n<p>Ma\u0142\u017ce\u0144stwo gwiazd oficjalnie dobieg\u0142o ko\u0144ca w grudniu 2024 roku. Osi\u0105gn\u0119li ugod\u0119 po o\u015bmiu d\u0142ugich latach spor\u00f3w. W tamtym czasie nierozwi\u0105zana pozosta\u0142a jedna kwestia ich wsp\u00f3lnego maj\u0105tku &#8211; mowa o\u00a0o winnicy Chateau Miraval, kt\u00f3r\u0105 para kupi\u0142a w 2008 roku. Pitt oskar\u017cy\u0142 Jolie o sprzeda\u017c swoich udzia\u0142\u00f3w w nieruchomo\u015bci bez jego zgody, co wywo\u0142a\u0142o trwaj\u0105cy sp\u00f3r prawny.<\/p>\n<p>Niedawno magazyn &#8222;People&#8221; i &#8222;USA Today&#8221; wyjawi\u0142y dokumenty s\u0105dowe oraz prywatne konwersacje Angeliny z jej pe\u0142nomocnikami z 2023 roku. To w\u0142a\u015bnie w nich dowiadujemy si\u0119, \u017ce Pitt ubiega si\u0119 o wysokie odszkodowanie za wsp\u00f3lnie nabyt\u0105 posiad\u0142o\u015b\u0107. Chce od by\u0142ej ma\u0142\u017conki a\u017c 35 mln dolar\u00f3w.<\/p>\n<p>&#8222;Musz\u0119 pozby\u0107 si\u0119 wszelkiego stresu&#8221; &#8211; pisa\u0142a. &#8222;Szczerze m\u00f3wi\u0105c, czuj\u0119, \u017ce robi mi si\u0119 niedobrze z powodu zmartwie\u0144.\u00a0Chcia\u0142abym wi\u0119c, \u017ceby\u015bmy porozmawiali o lepszym wsparciu. I o tym, \u017ceby nie kontynuowa\u0107 relacji, kt\u00f3re, jak widzisz, mnie stresuj\u0105.&#8221;<\/p>\n<p>    &#13;<\/p>\n<ul class=\"embed-list\">&#13;<\/p>\n<li class=\"embed-article-item i1 item-full\" data-pos=\"1\" data-id=\"8038943\">&#13;\n<p>                <a class=\"embed-tile-thumb\" href=\"https:\/\/interia.hit.gemius.pl\/hitredir\/id=baCb8AslJNnZj2kUGPLkPMUF.tLBarst.iFIsOnSq33..7\/url=https%3A%2F%2Ffilm.interia.pl%2Fwiadomosci%2Fnews-jest-w-coraz-gorszym-stanie-tak-teraz-wyglada-chory-gwiazdor%2CnId%2C8038943%23iwa_source%3Darticle_list%26parametr%3D1_a\" rel=\"nofollow noopener\" target=\"_blank\">&#13;<br \/>\n                        &#13;<br \/>\n                            &#13;<br \/>\n                                                            &#13;<br \/>\n                    <img decoding=\"async\" alt=\"Jest w coraz gorszym stanie. Tak teraz wygl\u0105da chory gwiazdor\" src=\"https:\/\/www.europesays.com\/pl\/wp-content\/uploads\/2025\/11\/000LWEB6V2O84V53-C459.webp.webp\" class=\"embed-tile-img img-responsive\" loading=\"lazy\"\/>&#13;<br \/>\n                &#13;<br \/>\n                    <\/a><\/p>\n<p>    &#13;\n                    <\/li>\n<p>&#13;\n                                    <\/ul>\n<p>&#13;<\/p>\n<p>&#8222;Uci\u0105\u017cliwy charakter ka\u017cdej produkcji to kwestia wymy\u015blona przez samego pana Pitta &#8211; pozywa on pani\u0105 Jolie o 35 milion\u00f3w dolar\u00f3w odszkodowania.\u00a0(&#8230;) W rezultacie musi ponie\u015b\u0107 koszty sporz\u0105dzenia dokument\u00f3w, kt\u00f3re wyka\u017c\u0105 (lub nie wyka\u017c\u0105) te szkody&#8221; &#8211;\u00a0mieli napisa\u0107 prawnicy Jolie.<\/p>\n<p>&#8222;To po raz kolejny potwierdza, \u017ce ten pozew jest przejawem wieloletnich stara\u0144 pana Pitta o n\u0119kanie i kontrolowanie Angeliny. Z niecierpliwo\u015bci\u0105 czekamy na nadchodz\u0105c\u0105 rozpraw\u0119&#8221; &#8211; oznajmi\u0142 adwokat Paul Murphy.<\/p>\n<p>Byli ma\u0142\u017conkowie ponownie spotkaj\u0105 si\u0119 na rozprawie ju\u017c 17 grudnia.<\/p>\n<p>Brad Pitt nie rozpami\u0119tuje ju\u017c relacji z by\u0142\u0105 \u017con\u0105. Od d\u0142u\u017cszego czasu tworzy relacj\u0119 z now\u0105 ukochan\u0105 &#8211; Ines de Ramon. 33-letnia Szwajcarka, cho\u0107 dot\u0105d pozostawa\u0142a poza zasi\u0119giem fleszy, zyska\u0142a rozg\u0142os jako by\u0142a \u017cona Paula Wesleya &#8211; aktora znanego z roli Stefana Salvatore w serialu &#8222;Pami\u0119tniki wampir\u00f3w&#8221;. De Ramon, z wykszta\u0142cenia specjalistka w dziedzinie administracji biznesowej, karier\u0119 zwi\u0105za\u0142a z bran\u017c\u0105 jubilersk\u0105. Pracowa\u0142a dla presti\u017cowych marek, takich jak Christie&#8217;s i De Grisogono, a obecnie jest wiceprezesk\u0105 Anita Ko Jewelry, luksusowej firmy bi\u017cuteryjnej uwielbianej przez gwiazdy.<\/p>\n<p>Aktor coraz cz\u0119\u015bciej pojawia si\u0119 na czerwonych dywanach u boku nowej ukochanej. Para ma powa\u017cnie planowa\u0107 wsp\u00f3ln\u0105 przysz\u0142o\u015b\u0107: \u015blub oraz dzieci.<\/p>\n<p>        &#13;<br \/>\n                    Zdj\u0119cie&#13;<\/p>\n<p>                                        &#13;<br \/>\n                            &#13;<br \/>\n                            &#13;<br \/>\n                            <img decoding=\"async\" loading=\"lazy\" src=\"https:\/\/www.europesays.com\/pl\/wp-content\/uploads\/2025\/11\/000L88DBA8D4GXBU-C461-F4.jpg\" title=\"To jeszcze nie koniec sporu by\u0142ych ma\u0142\u017conk\u00f3w. Domaga si\u0119 35 mln dolar\u00f3w\" style=\"display:block;max-width:100%;height:auto;width:800px;aspect-ratio:1280\/809;\" width=\"800\" height=\"506\" alt=\"Brad Pitt i jego obecna partnerka Ines de Ramon na premierze filmu &quot;F1&quot; w Londynie \/AKPA\" class=\"img-responsive\" itemprop=\"url\"\/>&#13;<\/p>\n<p>                                    &#13;<\/p>\n<p>&#13;<br \/>\n                                    Brad Pitt i jego obecna partnerka Ines de Ramon na premierze filmu &#8222;F1&#8221; w Londynie&#13;<br \/>\n                                            \/AKPA&#13;\n                                                <\/p>\n<p>&#13;<\/p>\n<p>Zobacz te\u017c:\u00a0<a href=\"https:\/\/film.interia.pl\/wiadomosci\/news-wzloty-i-upadki-hollywoodzkiej-gwiazdy-zaslynela-dzieki-glos,nId,8038535\" rel=\"nofollow noopener\" target=\"_blank\">Wzloty i upadki hollywoodzkiej gwiazdy. Zas\u0142yn\u0119\u0142a dzi\u0119ki g\u0142o\u015bnej serii<\/a><\/p>\n<p>&#13;<br \/>\n    &#13;<br \/>\n            Wideo&#13;<\/p>\n<p>        &#13;<br \/>\n&#13;<br \/>\n    &#13;<br \/>\n        &#13;<br \/>\n                &#13;<\/p>\n<p>&#13;<br \/>\n                                        &#8222;Iluzja 3&#8221; [trailer 3]&#13;<br \/>\n                                        materia\u0142y prasowe&#13;\n                    <\/p>\n<p>&#13;<\/p>\n","protected":false},"excerpt":{"rendered":"Para, kt\u00f3ra pobra\u0142a si\u0119 w 2014 roku, by\u0142a przez lata symbolem hollywoodzkiego ma\u0142\u017ce\u0144stwa &#8211; przez media nazywana &#8222;Brangelin\u0105&#8221;.&hellip;\n","protected":false},"author":2,"featured_media":91912,"comment_status":"","ping_status":"","sticky":false,"template":"","format":"standard","meta":{"footnotes":""},"categories":[22],"tags":[122,42,38,40,39,41,123],"class_list":{"0":"post-91911","1":"post","2":"type-post","3":"status-publish","4":"format-standard","5":"has-post-thumbnail","7":"category-rozrywka","8":"tag-entertainment","9":"tag-pl","10":"tag-poland","11":"tag-polish","12":"tag-polska","13":"tag-polski","14":"tag-rozrywka"},"share_on_mastodon":{"url":"https:\/\/pubeurope.com\/@pl\/115516165736609154","error":""},"_links":{"self":[{"href":"https:\/\/www.europesays.com\/pl\/wp-json\/wp\/v2\/posts\/91911","targetHints":{"allow":["GET"]}}],"collection":[{"href":"https:\/\/www.europesays.com\/pl\/wp-json\/wp\/v2\/posts"}],"about":[{"href":"https:\/\/www.europesays.com\/pl\/wp-json\/wp\/v2\/types\/post"}],"author":[{"embeddable":true,"href":"https:\/\/www.europesays.com\/pl\/wp-json\/wp\/v2\/users\/2"}],"replies":[{"embeddable":true,"href":"https:\/\/www.europesays.com\/pl\/wp-json\/wp\/v2\/comments?post=91911"}],"version-history":[{"count":0,"href":"https:\/\/www.europesays.com\/pl\/wp-json\/wp\/v2\/posts\/91911\/revisions"}],"wp:featuredmedia":[{"embeddable":true,"href":"https:\/\/www.europesays.com\/pl\/wp-json\/wp\/v2\/media\/91912"}],"wp:attachment":[{"href":"https:\/\/www.europesays.com\/pl\/wp-json\/wp\/v2\/media?parent=91911"}],"wp:term":[{"taxonomy":"category","embeddable":true,"href":"https:\/\/www.europesays.com\/pl\/wp-json\/wp\/v2\/categories?post=91911"},{"taxonomy":"post_tag","embeddable":true,"href":"https:\/\/www.europesays.com\/pl\/wp-json\/wp\/v2\/tags?post=91911"}],"curies":[{"name":"wp","href":"https:\/\/api.w.org\/{rel}","templated":true}]}}