{"id":91942,"date":"2025-11-08T21:45:14","date_gmt":"2025-11-08T21:45:14","guid":{"rendered":"https:\/\/www.europesays.com\/pl\/91942\/"},"modified":"2025-11-08T21:45:14","modified_gmt":"2025-11-08T21:45:14","slug":"to-bohater-lechii-gdansk-po-pierwszym-golu-czulem-ze-widzewa-juz-nie-ma","status":"publish","type":"post","link":"https:\/\/www.europesays.com\/pl\/91942\/","title":{"rendered":"To bohater Lechii Gda\u0144sk. &#8222;Po pierwszym golu czu\u0142em, \u017ce Widzewa ju\u017c nie ma&#8221;"},"content":{"rendered":"\n<p class=\"contentpart contentpart--default contentpart--text\" data-position=\"0\">Lechia Gda\u0144sk przegrywa\u0142a z Widzewem \u0141\u00f3d\u017a po golu Sebastiana Bergiera, ale wtedy sprawy w swoje r\u0119ce wzi\u0105\u0142 Tomas Bobcek.<\/p>\n<p class=\"contentpart contentpart--default contentpart--text\" data-position=\"1\">S\u0142owak najpierw zdoby\u0142 bramk\u0119 po dograniu Kacpra Sezonieki, a w sz\u00f3stej minucie doliczonego czasu popisa\u0142 si\u0119 efektownym strza\u0142em g\u0142ow\u0105 po centrze Camilo Meny i ostatecznie bia\u0142o-zieloni wygrali 2:1.<\/p>\n<p> <img role=\"presentation\" src=\"https:\/\/std.wpcdn.pl\/images\/adv\/placeholder_wp.svg\" loading=\"lazy\" alt=\"\" decoding=\"async\"\/>  <\/p>\n<p class=\"contentpart contentpart--default contentpart--text\" data-position=\"2\">Dla Bobcka by\u0142o to dziewi\u0105te trafienie w lidze w tym sezonie.<\/p>\n<p class=\"contentpart contentpart--default contentpart--text\" data-position=\"3\">Tomasz Gali\u0144ski, WP SportoweFakty: Dwa gole, wygrana z Widzewem \u0141\u00f3d\u017a i chyba du\u017co lepsze nastroje ni\u017c przed tygodniem.<\/p>\n<p class=\"contentpart contentpart--default contentpart--text\" data-position=\"4\">Tomas Bobcek, napastnik Lechii Gda\u0144sk: Zdobyli\u015bmy bardzo wa\u017cne trzy punkty. Potrzebowali\u015bmy ich. Nie ukrywam, \u017ce bramki mi pomagaj\u0105. Ciesz\u0119 si\u0119, \u017ce mog\u0142em pom\u00f3c dru\u017cynie.<\/p>\n<p class=\"contentpart contentpart--default contentpart--text\" data-position=\"5\">Co ci\u0119 bardziej rozdra\u017cni\u0142o? Tyle niewykorzystanych sytuacji w meczu z Radomiakiem czy gol Widzewa na 1:0?<\/p>\n<p> <img role=\"presentation\" src=\"https:\/\/std.wpcdn.pl\/images\/adv\/placeholder_wp.svg\" loading=\"lazy\" alt=\"\" decoding=\"async\"\/>  <\/p>\n<p class=\"contentpart contentpart--default contentpart--text\" data-position=\"6\">Tydzie\u0144 temu oni mieli farta, my pecha. Przynajmniej znajdowa\u0142em si\u0119 w tych sytuacjach. Nie wiem czy ten gol dla Widzewa nas zdenerwowa\u0142. Wiedzieli\u015bmy, \u017ce je\u017celi b\u0119dziemy gra\u0107 swoje, to bramki dla nas przyjd\u0105. I przysz\u0142y.<\/p>\n<p class=\"contentpart contentpart--default contentpart--text\" data-position=\"7\">Przy tym straconym golu mia\u0142e\u015b sporo pretensji do s\u0119dziego. By\u0142e\u015b faulowany?<\/p>\n<p class=\"contentpart contentpart--default contentpart--text\" data-position=\"8\">Tak, czu\u0142em r\u0119k\u0119 na swoich plecach. Nawet mam jeszcze \u015blad. Pokazywa\u0142em to s\u0119dziemu, ale najwyra\u017aniej niewystarczaj\u0105co. Ca\u0142e szcz\u0119\u015bcie, \u017ce nie mia\u0142o to wp\u0142ywu na wynik. Odrobili\u015bmy to.<\/p>\n<p class=\"contentpart contentpart--default contentpart--text\" data-position=\"9\">ZOBACZ WIDEO: By\u0142 centymetry od pustej bramki. Nie uwierzysz, co zrobi\u0142<\/p>\n<p class=\"contentpart contentpart--default contentpart--text\" data-position=\"11\">Co si\u0119 zmieni\u0142o po golu na 1:1? Do tego momentu wam nie sz\u0142o, ale nagle zacz\u0119li\u015bcie dominowa\u0107 i Widzewa ju\u017c praktycznie nie by\u0142o na boisku.<\/p>\n<p> <img role=\"presentation\" src=\"https:\/\/std.wpcdn.pl\/images\/adv\/placeholder_wp.svg\" loading=\"lazy\" alt=\"\" decoding=\"async\"\/>  <\/p>\n<p class=\"contentpart contentpart--default contentpart--text\" data-position=\"12\">Sam czu\u0142em po tym golu, \u017ce Widzewa ju\u017c nie ma. Widzia\u0142em, \u017ce k\u0142\u00f3c\u0105 si\u0119 sami ze sob\u0105. To by\u0142 nasz moment. Mecz by\u0142 przerwany przez race, ale koniec ko\u0144c\u00f3w to nam pomog\u0142o. Odpocz\u0119li\u015bmy troch\u0119 i w ko\u0144c\u00f3wce dalej grali\u015bmy swoje.<\/p>\n<p class=\"contentpart contentpart--default contentpart--text\" data-position=\"13\">Trener John Carver powiedzia\u0142 na konferencji prasowej, \u017ce by\u0142a to akcja jak\u00a0Nolberto Solano z Alanem Shearerem.<\/p>\n<p class=\"contentpart contentpart--default contentpart--text\" data-position=\"14\">Nie wiem, ja tych go\u015bci znam tylko z YouTube. Widzia\u0142em jedynie filmiki. Raz tylko dzwoni\u0142em do Shearera, ale nic poza tym. Ciesz\u0119 si\u0119, \u017ce trener nas do nich por\u00f3wnuje, bo to byli wielcy pi\u0142karze.<\/p>\n<p class=\"contentpart contentpart--default contentpart--text\" data-position=\"15\">Trener cz\u0119sto was tak por\u00f3wnuje?<\/p>\n<p class=\"contentpart contentpart--default contentpart--text\" data-position=\"16\">Nie, nie, ale faktem jest, \u017ce trener cz\u0119sto opowiada nam, co prze\u017cy\u0142 podczas swojej kariery trenerskiej. Ma du\u017ce do\u015bwiadczenie.<\/p>\n<p> <img role=\"presentation\" src=\"https:\/\/std.wpcdn.pl\/images\/adv\/placeholder_wp.svg\" loading=\"lazy\" alt=\"\" decoding=\"async\"\/>  <\/p>\n<p class=\"contentpart contentpart--default contentpart--text\" data-position=\"17\">Strzeli\u0142e\u015b ju\u017c dziesi\u0119\u0107 goli w tym sezonie, licz\u0105c wszystkie rozgrywki. To najlepsza runda w karierze?<\/p>\n<p class=\"contentpart contentpart--default contentpart--text\" data-position=\"18\">Patrz\u0105c na bramki mo\u017ce tak by\u0107, ale nic si\u0119 w mojej postawie nie zmienia. Dalej b\u0119d\u0119 ci\u0119\u017cko pracowa\u0142. Du\u017co pracuj\u0119 poza boiskiem i my\u015bl\u0119, \u017ce p\u00f3\u017aniej wida\u0107 tego efekty. Mam nadziej\u0119, \u017ce b\u0119dziemy dalej zdobywa\u0107 punkty.<\/p>\n<p class=\"contentpart contentpart--default contentpart--text\" data-position=\"19\">Po raz kolejny zosta\u0142e\u015b powo\u0142any do reprezentacji S\u0142owacji. Liczysz, \u017ce wreszcie uda si\u0119 zadebiutowa\u0107?<\/p>\n<p class=\"contentpart contentpart--default contentpart--text\" data-position=\"20\">To pytanie do os\u00f3b wa\u017cniejszych ode mnie. B\u0119d\u0119 stara\u0142 si\u0119 tak, jak zawsze. Zobaczymy. Powo\u0142anie jest du\u017c\u0105 rzecz\u0105 dla ka\u017cdego pi\u0142karza. Wiadomo, \u017ce by\u0142em rozczarowany, jak ostatnio nie tyle nie zagra\u0142em, co nawet nie by\u0142em na \u0142awce. Czu\u0142em, \u017ce na to zas\u0142ugiwa\u0142em. C\u00f3\u017c, taka jest pi\u0142ka. Mo\u017ce teraz si\u0119 uda.<\/p>\n<p> <img role=\"presentation\" src=\"https:\/\/std.wpcdn.pl\/images\/adv\/placeholder_wp.svg\" loading=\"lazy\" alt=\"\" decoding=\"async\"\/>  <\/p>\n<p class=\"contentpart contentpart--default contentpart--text\" data-position=\"21\">rozmawia\u0142 i notowa\u0142 Tomasz Gali\u0144ski, WP SportoweFakty<\/p>\n","protected":false},"excerpt":{"rendered":"Lechia Gda\u0144sk przegrywa\u0142a z Widzewem \u0141\u00f3d\u017a po golu Sebastiana Bergiera, ale wtedy sprawy w swoje r\u0119ce wzi\u0105\u0142 Tomas&hellip;\n","protected":false},"author":2,"featured_media":91943,"comment_status":"","ping_status":"","sticky":false,"template":"","format":"standard","meta":{"footnotes":""},"categories":[24],"tags":[1048,2308,269,1724,42,38,40,9023,39,41,127,126,21363],"class_list":{"0":"post-91942","1":"post","2":"type-post","3":"status-publish","4":"format-standard","5":"has-post-thumbnail","7":"category-sport","8":"tag-gdansk","9":"tag-lechia-gdansk","10":"tag-pilka-nozna","11":"tag-pko-ekstraklasa","12":"tag-pl","13":"tag-poland","14":"tag-polish","15":"tag-polsat-plus-arena-gdansk","16":"tag-polska","17":"tag-polski","18":"tag-sport","19":"tag-sports","20":"tag-tomas-bobcek"},"share_on_mastodon":{"url":"https:\/\/pubeurope.com\/@pl\/115516272080871045","error":""},"_links":{"self":[{"href":"https:\/\/www.europesays.com\/pl\/wp-json\/wp\/v2\/posts\/91942","targetHints":{"allow":["GET"]}}],"collection":[{"href":"https:\/\/www.europesays.com\/pl\/wp-json\/wp\/v2\/posts"}],"about":[{"href":"https:\/\/www.europesays.com\/pl\/wp-json\/wp\/v2\/types\/post"}],"author":[{"embeddable":true,"href":"https:\/\/www.europesays.com\/pl\/wp-json\/wp\/v2\/users\/2"}],"replies":[{"embeddable":true,"href":"https:\/\/www.europesays.com\/pl\/wp-json\/wp\/v2\/comments?post=91942"}],"version-history":[{"count":0,"href":"https:\/\/www.europesays.com\/pl\/wp-json\/wp\/v2\/posts\/91942\/revisions"}],"wp:featuredmedia":[{"embeddable":true,"href":"https:\/\/www.europesays.com\/pl\/wp-json\/wp\/v2\/media\/91943"}],"wp:attachment":[{"href":"https:\/\/www.europesays.com\/pl\/wp-json\/wp\/v2\/media?parent=91942"}],"wp:term":[{"taxonomy":"category","embeddable":true,"href":"https:\/\/www.europesays.com\/pl\/wp-json\/wp\/v2\/categories?post=91942"},{"taxonomy":"post_tag","embeddable":true,"href":"https:\/\/www.europesays.com\/pl\/wp-json\/wp\/v2\/tags?post=91942"}],"curies":[{"name":"wp","href":"https:\/\/api.w.org\/{rel}","templated":true}]}}