{"id":91961,"date":"2025-11-08T22:05:10","date_gmt":"2025-11-08T22:05:10","guid":{"rendered":"https:\/\/www.europesays.com\/pl\/91961\/"},"modified":"2025-11-08T22:05:10","modified_gmt":"2025-11-08T22:05:10","slug":"glosne-rozstanie-dziennikarki-z-radiowa-trojka-proby-kompromisu-zostaly-odrzucone","status":"publish","type":"post","link":"https:\/\/www.europesays.com\/pl\/91961\/","title":{"rendered":"G\u0142o\u015bne rozstanie dziennikarki z radiow\u0105 Tr\u00f3jk\u0105. &#8222;Pr\u00f3by kompromisu zosta\u0142y odrzucone&#8221;"},"content":{"rendered":"<p class=\"ods-c-paragraph \">Aneta Awtoniuk prowadzi\u0142a w radiowej Tr\u00f3jce autorsk\u0105 audycj\u0119 po\u015bwi\u0119con\u0105 zwierz\u0119tom, pt. &#8222;Wielkie g\u0142askanie&#8221;. Zajmuje si\u0119 terapi\u0105 behawioraln\u0105 ps\u00f3w i kot\u00f3w, modyfikacj\u0105 z\u0142ego zachowania ps\u00f3w i kot\u00f3w, rozwi\u0105zywaniem problem\u00f3w z psami oraz kotami i szkoleniem ps\u00f3w.<\/p>\n<p class=\"ods-c-paragraph \">Prezenterka w sobot\u0119 poinformowa\u0142a o zako\u0144czeniu wsp\u00f3\u0142pracy z radiem. O swoim niespodziewanym rozstaniu z rozg\u0142o\u015bni\u0105 poinformowa\u0142a na Facebooku, nie ukrywaj\u0105c rozczarowania sposobem, w jaki przebiega\u0142y rozmowy z kierownictwem.<\/p>\n<p>Dalszy ci\u0105g artyku\u0142u pod materia\u0142em wideo<\/p>\n<p> Dlaczego Aneta Awtoniuk zako\u0144czy\u0142a wsp\u00f3\u0142prac\u0119 z radiow\u0105 Tr\u00f3jk\u0105? <\/p>\n<p> Jakie by\u0142y zmienione warunki wsp\u00f3\u0142pracy Polskiego Radia? <\/p>\n<p> Czym zajmowa\u0142a si\u0119 Aneta Awtoniuk w audycji 'Wielkie g\u0142askanie&#8217;? <\/p>\n<p> Kiedy Aneta Awtoniuk poinformowa\u0142a o swoim odej\u015bciu z radia? <\/p>\n<p>  G\u0142o\u015bne rozstanie z Tr\u00f3jk\u0105<\/p>\n<p class=\"ods-c-paragraph \">Dziennikarka napisa\u0142a:<\/p>\n<blockquote class=\"ods-o-quota\">\n<p class=\"ods-o-quota__paragraph\">Szanowni, nie us\u0142yszymy si\u0119 wi\u0119cej w sobotnie przedpo\u0142udnia w naszej audycji. &#8222;Wielkie g\u0142askanie&#8221;, kt\u00f3re poprowadzi\u0142am dla was 25 pa\u017adziernika, okaza\u0142o si\u0119 ostatnie.<\/p>\n<\/blockquote>\n<blockquote class=\"ods-o-quota\">\n<p class=\"ods-o-quota__paragraph\">Polskie Radio za\u017c\u0105da\u0142o podpisania nowych, drastycznie zmienionych na moj\u0105 niekorzy\u015b\u0107, warunk\u00f3w wsp\u00f3\u0142pracy. Nie jestem w stanie ich przyj\u0105\u0107. Wszelkie pr\u00f3by kompromisu zosta\u0142y odrzucone. Jest mi bardzo smutno.<\/p>\n<\/blockquote>\n<p class=\"ods-c-paragraph \">Polecamy: <a href=\"https:\/\/wiadomosci.onet.pl\/tylko-w-onecie\/piatka-dla-zwierzat-aneta-awtoniuk-ta-ustawa-dzieli-zwierzeta\/9mj3t8l\" id=\"a27e7dc4-2841-4384-8a18-6f2243a37d2c\" rel=\"nofollow noopener\" target=\"_blank\">Aneta Awtoniuk o &#8222;pi\u0105tce dla zwierz\u0105t&#8221;: ta ustawa dzieli zwierz\u0119ta<\/a><\/p>\n<p class=\"ods-c-paragraph \">Nast\u0119pnie Aneta Awtoniuk zwr\u00f3ci\u0142a si\u0119 do s\u0142uchaczy.<\/p>\n<blockquote class=\"ods-o-quota\">\n<p class=\"ods-o-quota__paragraph\">Przez rok i miesi\u0105c &#8222;Wielkie g\u0142askanie&#8221; by\u0142o moj\u0105 najulubie\u0144sz\u0105 cz\u0119\u015bci\u0105 tygodnia. Spotkania z Wami \u2014 S\u0142uchaczami, kt\u00f3rzy telefonowali do audycji z opowie\u015bciami o swoich zwierz\u0119tach, ba! S\u0142uchaczami, kt\u00f3rzy nie maj\u0105 zwierz\u0105t, a s\u0142uchaj\u0105 \u2014 s\u0142uchali \u2014 &#8222;Wielkiego g\u0142askania&#8221; dla przyjemno\u015bci, mo\u017cliwo\u015b\u0107 dzielenia si\u0119 wiedz\u0105 i \u015bwiadomo\u015b\u0107 zmieniania na lepsze \u017cycia Dwuno\u017cnych i ich Cztero\u0142apnych to by\u0142y wa\u017cne powody do pozostania w Tr\u00f3jce mimo wszystko.<\/p>\n<\/blockquote>\n<blockquote class=\"ods-o-quota\">\n<p class=\"ods-o-quota__paragraph\">Dzi\u0119kuj\u0119 Wam za to, \u017ce tak licznie byli\u015bcie ze mn\u0105 w ka\u017cd\u0105 sobot\u0119, za ka\u017cdy wsp\u00f3lny \u015bmiech i za \u0142zy, gdy wspominali\u015bcie swoje zwierz\u0119ta \u017cycia. Dzi\u0119kuj\u0119 za wszystkie pytania, jakie zadali\u015bcie, za Wasz\u0105 ch\u0119\u0107 dowiedzenia si\u0119 wi\u0119cej o psach i kotach. Dzi\u0119kuj\u0119 za podarunki, za og\u00f3rki kiszone, za Wasz\u0105 muzyk\u0119, kt\u00f3r\u0105 mi przysy\u0142ali\u015bcie, za ksi\u0105\u017cki i za to, \u017ce dzielnie robili\u015bcie ze mn\u0105 nasze \u0107wiczenia dykcyjne. Mie\u0107 takich S\u0142uchaczy to zaszczyt<\/p>\n<\/blockquote>\n<p class=\"ods-c-paragraph \">\u2014 podsumowa\u0142a.<\/p>\n<p class=\"ods-c-paragraph \">Dzi\u0119kujemy, \u017ce przeczyta\u0142a\u015b\/e\u015b nasz artyku\u0142 do ko\u0144ca.\u202fW serwisie Plejada.pl ka\u017cdego dnia piszemy o najwa\u017cniejszych wydarzeniach show-biznesowych.\u202fB\u0105d\u017a na bie\u017c\u0105co!\u202f<a rel=\"nofollow noopener\" href=\"https:\/\/news.google.com\/publications\/CAAiEF0PeAlb7W1llpV_mwV2rL4qFAgKIhBdD3gJW-1tZZaVf5sFdqy-?hl=pl&amp;gl=PL&amp;ceid=PL%3Apl\" id=\"ac83b7ba-7c00-4684-9c8a-0fcd3ed768fc\" target=\"_blank\">Obserwuj<\/a>\u202fPlejad\u0119 w Wiadomo\u015bciach Google. Odwied\u017a nas tak\u017ce na\u202f<a rel=\"nofollow noopener\" href=\"https:\/\/www.facebook.com\/plejadapl\" id=\"66f20bac-b272-4174-a69c-8682cfc4e0d0\" target=\"_blank\">Facebooku<\/a>,\u202f<a rel=\"nofollow noopener\" href=\"https:\/\/www.instagram.com\/plejadapl\/\" id=\"cdcc8ce1-4cef-46ab-ba67-a668ff689744\" target=\"_blank\">Instagramie<\/a>,\u202f<a rel=\"nofollow noopener\" href=\"https:\/\/www.youtube.com\/c\/plejada\" id=\"7d0e854e-8ca4-4d28-90d6-11ff354421ee\" target=\"_blank\">YouTubie<\/a>\u202foraz\u202f<a rel=\"nofollow noopener\" href=\"https:\/\/www.tiktok.com\/@plejada_pl\" id=\"c5b39311-983e-499b-aa12-3d2c0c8c8f09\" target=\"_blank\">TikToku<\/a>.<\/p>\n<p class=\"ods-c-paragraph \">Chcesz podzieli\u0107 si\u0119 ciekawym newsem lub zaproponowa\u0107 temat? Skontaktuj si\u0119 z nami, pisz\u0105c maila na adres:\u202f<a rel=\"nofollow noopener\" href=\"https:\/\/plejada.pl\/newsy\/glosne-rozstanie-dziennikarki-z-radiowa-trojka-proby-kompromisu-zostaly-odrzucone\/mailto:plejada@redakcjaonet.pl\" id=\"d6acb1b6-5460-4698-a2ea-431a738591ab\" target=\"_blank\">plejada@redakcjaonet.pl<\/a>.<\/p>\n<p><script async src=\"\/\/www.instagram.com\/embed.js\"><\/script><script async src=\"\/\/www.tiktok.com\/embed.js\"><\/script><\/p>\n","protected":false},"excerpt":{"rendered":"Aneta Awtoniuk prowadzi\u0142a w radiowej Tr\u00f3jce autorsk\u0105 audycj\u0119 po\u015bwi\u0119con\u0105 zwierz\u0119tom, pt. &#8222;Wielkie g\u0142askanie&#8221;. Zajmuje si\u0119 terapi\u0105 behawioraln\u0105 ps\u00f3w&hellip;\n","protected":false},"author":2,"featured_media":91544,"comment_status":"","ping_status":"","sticky":false,"template":"","format":"standard","meta":{"footnotes":""},"categories":[5],"tags":[21316,32,33,36,37,27,34,35,28,31,48,25,125,46,42,38,40,39,41,20749,47,29,30,26],"class_list":{"0":"post-91961","1":"post","2":"type-post","3":"status-publish","4":"format-standard","5":"has-post-thumbnail","7":"category-naglowki","8":"tag-aneta_awtoniuk","9":"tag-breaking-news","10":"tag-breakingnews","11":"tag-featured-news","12":"tag-featurednews","13":"tag-headlines","14":"tag-latest-news","15":"tag-latestnews","16":"tag-naglowki","17":"tag-najwazniejsze-artykuly","18":"tag-nat_styl","19":"tag-news","20":"tag-newsy","21":"tag-omp","22":"tag-pl","23":"tag-poland","24":"tag-polish","25":"tag-polska","26":"tag-polski","27":"tag-rewquiz_tst2","28":"tag-screening_general","29":"tag-top-stories","30":"tag-topstories","31":"tag-wiadomosci"},"share_on_mastodon":{"url":"https:\/\/pubeurope.com\/@pl\/115516350353113554","error":""},"_links":{"self":[{"href":"https:\/\/www.europesays.com\/pl\/wp-json\/wp\/v2\/posts\/91961","targetHints":{"allow":["GET"]}}],"collection":[{"href":"https:\/\/www.europesays.com\/pl\/wp-json\/wp\/v2\/posts"}],"about":[{"href":"https:\/\/www.europesays.com\/pl\/wp-json\/wp\/v2\/types\/post"}],"author":[{"embeddable":true,"href":"https:\/\/www.europesays.com\/pl\/wp-json\/wp\/v2\/users\/2"}],"replies":[{"embeddable":true,"href":"https:\/\/www.europesays.com\/pl\/wp-json\/wp\/v2\/comments?post=91961"}],"version-history":[{"count":0,"href":"https:\/\/www.europesays.com\/pl\/wp-json\/wp\/v2\/posts\/91961\/revisions"}],"wp:featuredmedia":[{"embeddable":true,"href":"https:\/\/www.europesays.com\/pl\/wp-json\/wp\/v2\/media\/91544"}],"wp:attachment":[{"href":"https:\/\/www.europesays.com\/pl\/wp-json\/wp\/v2\/media?parent=91961"}],"wp:term":[{"taxonomy":"category","embeddable":true,"href":"https:\/\/www.europesays.com\/pl\/wp-json\/wp\/v2\/categories?post=91961"},{"taxonomy":"post_tag","embeddable":true,"href":"https:\/\/www.europesays.com\/pl\/wp-json\/wp\/v2\/tags?post=91961"}],"curies":[{"name":"wp","href":"https:\/\/api.w.org\/{rel}","templated":true}]}}