{"id":92321,"date":"2025-11-09T07:49:07","date_gmt":"2025-11-09T07:49:07","guid":{"rendered":"https:\/\/www.europesays.com\/pl\/92321\/"},"modified":"2025-11-09T07:49:07","modified_gmt":"2025-11-09T07:49:07","slug":"adrianna-z-rolnika-przeszla-metamorfoze-zdecydowala-sie-na-radykalny-krok","status":"publish","type":"post","link":"https:\/\/www.europesays.com\/pl\/92321\/","title":{"rendered":"Adrianna z &#8222;Rolnika&#8230;&#8221; przesz\u0142a metamorfoz\u0119. Zdecydowa\u0142a si\u0119 na radykalny krok"},"content":{"rendered":"<p class=\"ods-c-paragraph \"><a href=\"https:\/\/plejada.pl\/adrianna-jasiaczek\" id=\"fc64ec77-4de6-49a9-bf56-2a74b6132b27\" rel=\"nofollow noopener\" target=\"_blank\">Adrianna Jasiaczek<\/a> i Micha\u0142 Tyszka poznali si\u0119 podczas 9. edycji programu <a href=\"https:\/\/plejada.pl\/rolnik-szuka-zony\" id=\"73885467-9324-4cd9-aebf-0da0fa186a98\" rel=\"nofollow noopener\" target=\"_blank\">&#8222;Rolnik szuka \u017cony&#8221;<\/a>. 23-letni spadkobierca gospodarstwa by\u0142 jej najm\u0142odszym uczestnikiem. Zakocha\u0142 si\u0119 z wzajemno\u015bci\u0105 w 20-letniej w\u00f3wczas Adriannie. Para og\u0142osi\u0142a swoje zar\u0119czyny w trakcie fina\u0142u programu. W 2023 r. <a href=\"https:\/\/plejada.pl\/newsy\/adrianna-i-michal-z-rolnik-szuka-zony-juz-po-slubie-zdradzili-szczegoly\/1vxexc1\" id=\"0932108b-a7fa-4d99-a8d1-29d868adcb5a\" rel=\"nofollow noopener\" target=\"_blank\">wzi\u0119li \u015blub<\/a>, a huczne wesele wyprawili na Podlasiu. Adrianna przyj\u0119\u0142a nazwisko m\u0119\u017ca.<\/p>\n<p class=\"ods-c-paragraph \">Teraz Adrianna Tyszka zaskoczy\u0142a wszystkich zupe\u0142nie odmienion\u0105 fryzur\u0105. To kolor, kt\u00f3ry sta\u0142 si\u0119 jesiennym hitem w stylizacji w\u0142os\u00f3w.<\/p>\n<p>Dalszy ci\u0105g artyku\u0142u pod materia\u0142em wideo<\/p>\n<p> Jaki kolor w\u0142os\u00f3w mia\u0142a Adrianna wcze\u015bniej? <\/p>\n<p> Kiedy Adrianna i Micha\u0142 wzi\u0119li \u015blub? <\/p>\n<p> Jakie komentarze pojawi\u0142y si\u0119 pod zdj\u0119ciem Adrianny? <\/p>\n<p> Jaki program telewizyjny wzi\u0119\u0142a udzia\u0142 Adrianna? <\/p>\n<p class=\"ods-c-paragraph \">\u017bona Micha\u0142a Tyszki tym razem zdecydowa\u0142a si\u0119 na odwa\u017cn\u0105 zmian\u0119 u fryzjera. Influencerka po\u017cegna\u0142a blond w\u0142osy, przyjmuj\u0105c ciep\u0142y odcie\u0144 br\u0105zu, kt\u00f3ry zachwyci\u0142 jej obserwator\u00f3w.<\/p>\n<blockquote class=\"ods-o-quota\"><\/blockquote>\n<p class=\"ods-c-paragraph \">\u2014 czytamy w opisie zdj\u0119cia.<\/p>\n<p class=\"ods-c-paragraph \">Polecamy: <a href=\"https:\/\/plejada.pl\/newsy\/adrianna-i-michal-z-programu-rolnik-szuka-zony-sie-rozstali-nie-chce-go-zmuszac\/l88d5ej\" id=\"ee018e61-ff0a-4af3-937b-8a0d244357cd\" rel=\"nofollow noopener\" target=\"_blank\">Adrianna i Micha\u0142 z programu &#8222;Rolnik szuka \u017cony&#8221; si\u0119 rozstali? &#8222;Nie chc\u0119 go zmusza\u0107&#8221;<\/a><\/p>\n<p class=\"ods-c-paragraph \">W sieci pojawi\u0142a si\u0119 lawina komentarzy.<\/p>\n<p class=\"ods-c-paragraph \">&#8222;Pi\u0119knie&#8221;<\/p>\n<p class=\"ods-c-paragraph \">&#8222;Urocza s\u0142owia\u0144ska niewiasta, moc kobiecego u\u015bmiechu&#8221;<\/p>\n<p class=\"ods-c-paragraph \">&#8222;To tw\u00f3j kolor&#8221;<\/p>\n<p class=\"ods-c-paragraph \">&#8222;Pi\u0119knie. Czekoladowy kolor pasuje do ciebie&#8221;<\/p>\n<p class=\"ods-c-paragraph \">&#8222;Jak pi\u0119knie! Te\u017c o tym coraz cz\u0119\u015bciej my\u015bl\u0119&#8221;<\/p>\n<p class=\"ods-c-paragraph \">Dzi\u0119kujemy, \u017ce przeczyta\u0142a\u015b\/e\u015b nasz artyku\u0142 do ko\u0144ca.\u202fW serwisie Plejada.pl ka\u017cdego dnia piszemy o najwa\u017cniejszych wydarzeniach show-biznesowych.\u202fB\u0105d\u017a na bie\u017c\u0105co!\u202f<a rel=\"nofollow noopener\" href=\"https:\/\/news.google.com\/publications\/CAAiEF0PeAlb7W1llpV_mwV2rL4qFAgKIhBdD3gJW-1tZZaVf5sFdqy-?hl=pl&amp;gl=PL&amp;ceid=PL%3Apl\" id=\"388a8ce3-8183-4c01-9a93-58d5f862efc6\" target=\"_blank\">Obserwuj<\/a>\u202fPlejad\u0119 w Wiadomo\u015bciach Google. Odwied\u017a nas tak\u017ce na\u202f<a rel=\"nofollow noopener\" href=\"https:\/\/www.facebook.com\/plejadapl\" id=\"69c5a92c-84d3-46a9-8d71-4fdfb146509b\" target=\"_blank\">Facebooku<\/a>,\u202f<a rel=\"nofollow noopener\" href=\"https:\/\/www.instagram.com\/plejadapl\/\" id=\"81dbaea5-bf04-4b52-8126-489692ae17b2\" target=\"_blank\">Instagramie<\/a>,\u202f<a rel=\"nofollow noopener\" href=\"https:\/\/www.youtube.com\/c\/plejada\" id=\"6d3ff6f2-2970-4541-a08e-92869a9fc6e3\" target=\"_blank\">YouTubie<\/a>\u202foraz\u202f<a rel=\"nofollow noopener\" href=\"https:\/\/www.tiktok.com\/@plejada_pl\" id=\"7bfd4419-406a-473a-904d-bb34fea38d3d\" target=\"_blank\">TikToku<\/a>.<\/p>\n<p class=\"ods-c-paragraph \">Chcesz podzieli\u0107 si\u0119 ciekawym newsem lub zaproponowa\u0107 temat? Skontaktuj si\u0119 z nami, pisz\u0105c maila na adres:\u202f<a rel=\"nofollow noopener\" href=\"https:\/\/plejada.pl\/newsy\/adrianna-z-rolnika-przeszla-metamorfoze-zdecydowala-sie-na-radykalny-krok\/mailto:plejada@redakcjaonet.pl\" id=\"21dbbdab-6ae6-471c-8ae2-ecc92ce4f8c5\" target=\"_blank\">plejada@redakcjaonet.pl<\/a>.<\/p>\n<p><script async src=\"\/\/www.instagram.com\/embed.js\"><\/script><script async src=\"\/\/www.tiktok.com\/embed.js\"><\/script><\/p>\n","protected":false},"excerpt":{"rendered":"Adrianna Jasiaczek i Micha\u0142 Tyszka poznali si\u0119 podczas 9. edycji programu &#8222;Rolnik szuka \u017cony&#8221;. 23-letni spadkobierca gospodarstwa by\u0142&hellip;\n","protected":false},"author":2,"featured_media":92322,"comment_status":"","ping_status":"","sticky":false,"template":"","format":"standard","meta":{"footnotes":""},"categories":[22],"tags":[1852,21439,122,21440,48,125,46,42,38,40,39,41,20738,123,47],"class_list":{"0":"post-92321","1":"post","2":"type-post","3":"status-publish","4":"format-standard","5":"has-post-thumbnail","7":"category-rozrywka","8":"tag-_rolnik_szuka_zony_","9":"tag-adrianna_jasiaczek","10":"tag-entertainment","11":"tag-michal_tyszka","12":"tag-nat_styl","13":"tag-newsy","14":"tag-omp","15":"tag-pl","16":"tag-poland","17":"tag-polish","18":"tag-polska","19":"tag-polski","20":"tag-rewquiz_tst0","21":"tag-rozrywka","22":"tag-screening_general"},"share_on_mastodon":{"url":"https:\/\/pubeurope.com\/@pl\/115518647692632275","error":""},"_links":{"self":[{"href":"https:\/\/www.europesays.com\/pl\/wp-json\/wp\/v2\/posts\/92321","targetHints":{"allow":["GET"]}}],"collection":[{"href":"https:\/\/www.europesays.com\/pl\/wp-json\/wp\/v2\/posts"}],"about":[{"href":"https:\/\/www.europesays.com\/pl\/wp-json\/wp\/v2\/types\/post"}],"author":[{"embeddable":true,"href":"https:\/\/www.europesays.com\/pl\/wp-json\/wp\/v2\/users\/2"}],"replies":[{"embeddable":true,"href":"https:\/\/www.europesays.com\/pl\/wp-json\/wp\/v2\/comments?post=92321"}],"version-history":[{"count":0,"href":"https:\/\/www.europesays.com\/pl\/wp-json\/wp\/v2\/posts\/92321\/revisions"}],"wp:featuredmedia":[{"embeddable":true,"href":"https:\/\/www.europesays.com\/pl\/wp-json\/wp\/v2\/media\/92322"}],"wp:attachment":[{"href":"https:\/\/www.europesays.com\/pl\/wp-json\/wp\/v2\/media?parent=92321"}],"wp:term":[{"taxonomy":"category","embeddable":true,"href":"https:\/\/www.europesays.com\/pl\/wp-json\/wp\/v2\/categories?post=92321"},{"taxonomy":"post_tag","embeddable":true,"href":"https:\/\/www.europesays.com\/pl\/wp-json\/wp\/v2\/tags?post=92321"}],"curies":[{"name":"wp","href":"https:\/\/api.w.org\/{rel}","templated":true}]}}