{"id":92411,"date":"2025-11-09T08:49:09","date_gmt":"2025-11-09T08:49:09","guid":{"rendered":"https:\/\/www.europesays.com\/pl\/92411\/"},"modified":"2025-11-09T08:49:09","modified_gmt":"2025-11-09T08:49:09","slug":"alert-rcb-dla-powiatu-zywieckiego-norma-smogu-przekroczona","status":"publish","type":"post","link":"https:\/\/www.europesays.com\/pl\/92411\/","title":{"rendered":"Alert RCB dla powiatu \u017cywieckiego. Norma smogu przekroczona"},"content":{"rendered":"<p>&#13;<br \/>\n        \tRz\u0105dowe Centrum Bezpiecze\u0144stwa rozes\u0142a\u0142o alerty dla mieszka\u0144c\u00f3w powiatu \u017cywieckiego w woj. \u015bl\u0105skim. Jako\u015b\u0107 tamtejszego powietrza sklasyfikowana zosta\u0142a jako z\u0142a za spraw\u0105 wysokiego st\u0119\u017cenia py\u0142\u00f3w zawieszonych i wyst\u0119powania smogu. &#8222;Unikaj aktywno\u015bci na zewn\u0105trz i wietrzenia mieszkania&#8221; &#8211; czytamy w alercie RCB.&#13;\n        \t<\/p>\n<p>Alerty RCB trafi\u0142y w niedziel\u0119 do mieszka\u0144c\u00f3w powiatu \u017cywieckiego. St\u0119\u017cenie py\u0142\u00f3w zwieszonych PM10 wielokrotnie przekroczy\u0142o tam dopuszczalne normy. Nad \u017bywcem utrzymuje si\u0119 smog, najbardziej niekorzystne warunki panuj\u0105 w centrum miasta.<\/p>\n<p>\u00a0<\/p>\n<p>Dopuszczalne st\u0119\u017cenie PM10 wynosi 50 mikrogram\u00f3w na metr sze\u015bcienny powietrza na dob\u0119. Pomiary na \u017cywieckim rynku wskazuj\u0105, \u017ce w niedzielny poranek st\u0119\u017cenie PM10 wynios\u0142o 235 mikrogramy na metr sze\u015bcienny. Norma zosta\u0142a przekroczona blisko pi\u0119ciokrotnie.<\/p>\n<p>\u00a0<\/p>\n<p>ZOBACZ: <a href=\"https:\/\/www.polsatnews.pl\/wiadomosc\/2025-10-25\/wielki-eksperyment-w-stolicy-indii-sieja-deszczowe-chmury-zeby-walczyc-ze-smogiem\/\" target=\"_blank\" rel=\"noopener noreferrer nofollow\">Wielki eksperyment w stolicy Indii. Siej\u0105 chmury, by walczy\u0107 z toksyczn\u0105 mg\u0142\u0105<\/a><\/p>\n<p>\u00a0<\/p>\n<p>Fatalne odczyty odnotowano w \u017bywcu tak\u017ce w kategorii py\u0142\u00f3w zawieszonych PM 2.5. Na rynku ich st\u0119\u017cenie utrzymuje si\u0119 na poziomie 214 mikrogram\u00f3w na metr sze\u015bcienny. Stanowi to ponad dziesi\u0119ciokrotne przekroczenie normy.<\/p>\n<p>\u00a0<\/p>\n<p>Rz\u0105dowe Centrum Bezpiecze\u0144stwa apeluje do mieszka\u0144c\u00f3w powiatu \u017cywieckiego, aby ci unikali aktywno\u015bci na zewn\u0105trz. Zalecane jest tak\u017ce ograniczenie wietrzenia mieszka\u0144.\u00a0<\/p>\n<p>Smog na po\u0142udniu Polski. St\u0119\u017cenie py\u0142\u00f3w wielokrotnie przekroczy\u0142o norm\u0119<\/p>\n<p>Wyst\u0119powaniu smogu sprzyjaj\u0105 warunki atmosferyczne: wysokie ci\u015bnienie i brak wiatru. Na zwi\u0119kszenie st\u0119\u017cenie py\u0142\u00f3w zawieszonych wp\u0142yw ma r\u00f3wnie\u017c rozpocz\u0119cie sezonu grzewczego. Do piec\u00f3w trafiaj\u0105 niekiedy odpady, co tylko pogarsza sytuacj\u0119.<\/p>\n<p>\u00a0<\/p>\n<p>ZOBACZ: <a href=\"https:\/\/www.polsatnews.pl\/wiadomosc\/2025-11-08\/pogoda-na-11-listopada-sprawdz-prognozy-na-swieto-niepodleglosci\/\" target=\"_blank\" rel=\"noopener noreferrer nofollow\">Pogoda na 11 listopada. Sprawd\u017a prognozy na \u015awi\u0119to Niepodleg\u0142o\u015bci<\/a><\/p>\n<p>\u00a0<\/p>\n<p>U os\u00f3b zdrowych tak wysokie st\u0119\u017cenie py\u0142\u00f3w &#8211; jak to w \u017bywcu &#8211; mo\u017ce spowodowa\u0107 uczucie drapania w gardle czy b\u00f3l g\u0142owy. Znacznie powa\u017cniejsze konsekwencje zanieczyszczenia b\u0119d\u0105 odczuwa\u0107 osoby chore na serce czy maj\u0105ce problemy z drogami oddechowymi i astmatycy.<\/p>\n<p>\u00a0<\/p>\n<p>Py\u0142 zawieszony PM10 jest jednym ze sk\u0142adnik\u00f3w smogu i zawiera substancje toksyczne. Powstaje jako produkt spalania w piecach i kot\u0142ach na paliwa sta\u0142e. Jego cz\u0105steczki mog\u0105 zawiera\u0107 m.in. zwi\u0105zki siarki, azotu, zwi\u0105zki organiczne, metale ci\u0119\u017ckie, dioksyny oraz alergeny (py\u0142ki ro\u015blin i zarodniki grzyb\u00f3w). Py\u0142 PM10 zawiera cz\u0105stki o \u015brednicy nie wi\u0119kszej ni\u017c 10 mikrometr\u00f3w.<\/p>\n<p>\u00a0<\/p>\n<p>Widzia\u0142e\u015b co\u015b wa\u017cnego? Przy\u015blij zdj\u0119cie, film lub napisz, co si\u0119 sta\u0142o. Skorzystaj z naszej <a href=\"https:\/\/www.polsatnews.pl\/platforma-widzow\/\" target=\"_blank\" rel=\"noopener noreferrer nofollow\">Wrzutni<\/a><\/p>\n<p>                <img decoding=\"async\" src=\"https:\/\/www.europesays.com\/pl\/wp-content\/uploads\/2025\/11\/htn6psmwe1sr7c53816yskqeg9sz5nfr.jpg\" alt=\"\" itemprop=\"contentUrl\" style=\"position:absolute; width: 100%; max-height: 100%;\"\/><video controls=\"\" controlslist=\"nodownload\" poster=\"https:\/\/www.europesays.com\/pl\/wp-content\/uploads\/2025\/11\/htn6psmwe1sr7c53816yskqeg9sz5nfr.jpg\" class=\"videoPlayer player6854299 news__video\" data-id=\"6854299\">Twoja przegl\u0105darka nie wspiera odtwarzacza wideo&#8230;<\/video><\/p>\n<p>&#13;<br \/>\n                    \t\t\t\t\t\t\t\t\t\t\t\t\tmol&#13;<br \/>\n\t\t\t\t\/\t\t\t\t\t\tpolsatnews.pl&#13;<br \/>\n\t\t\t\t\t&#13;\n                \t<\/p>\n<p>                <a class=\"news__read-more-button\" href=\"https:\/\/www.polsatnews.pl\/\" rel=\"nofollow noopener\" target=\"_blank\">Czytaj wi\u0119cej<\/a><\/p>\n<p>\t\t\tChcesz by\u0107 na bie\u017c\u0105co z najnowszymi newsami?<\/p>\n<p class=\"app-ad__preview\">Jeste\u015bmy w aplikacji na Tw\u00f3j telefon. Sprawd\u017a\u00a0nas!<\/p>\n","protected":false},"excerpt":{"rendered":"&#13; Rz\u0105dowe Centrum Bezpiecze\u0144stwa rozes\u0142a\u0142o alerty dla mieszka\u0144c\u00f3w powiatu \u017cywieckiego w woj. \u015bl\u0105skim. Jako\u015b\u0107 tamtejszego powietrza sklasyfikowana zosta\u0142a&hellip;\n","protected":false},"author":2,"featured_media":92412,"comment_status":"","ping_status":"","sticky":false,"template":"","format":"standard","meta":{"footnotes":""},"categories":[12],"tags":[32,33,36,37,27,34,35,28,31,25,42,38,40,39,41,29,30,26],"class_list":{"0":"post-92411","1":"post","2":"type-post","3":"status-publish","4":"format-standard","5":"has-post-thumbnail","7":"category-polska","8":"tag-breaking-news","9":"tag-breakingnews","10":"tag-featured-news","11":"tag-featurednews","12":"tag-headlines","13":"tag-latest-news","14":"tag-latestnews","15":"tag-naglowki","16":"tag-najwazniejsze-artykuly","17":"tag-news","18":"tag-pl","19":"tag-poland","20":"tag-polish","21":"tag-polska","22":"tag-polski","23":"tag-top-stories","24":"tag-topstories","25":"tag-wiadomosci"},"share_on_mastodon":{"url":"https:\/\/pubeurope.com\/@pl\/115518882870139122","error":""},"_links":{"self":[{"href":"https:\/\/www.europesays.com\/pl\/wp-json\/wp\/v2\/posts\/92411","targetHints":{"allow":["GET"]}}],"collection":[{"href":"https:\/\/www.europesays.com\/pl\/wp-json\/wp\/v2\/posts"}],"about":[{"href":"https:\/\/www.europesays.com\/pl\/wp-json\/wp\/v2\/types\/post"}],"author":[{"embeddable":true,"href":"https:\/\/www.europesays.com\/pl\/wp-json\/wp\/v2\/users\/2"}],"replies":[{"embeddable":true,"href":"https:\/\/www.europesays.com\/pl\/wp-json\/wp\/v2\/comments?post=92411"}],"version-history":[{"count":0,"href":"https:\/\/www.europesays.com\/pl\/wp-json\/wp\/v2\/posts\/92411\/revisions"}],"wp:featuredmedia":[{"embeddable":true,"href":"https:\/\/www.europesays.com\/pl\/wp-json\/wp\/v2\/media\/92412"}],"wp:attachment":[{"href":"https:\/\/www.europesays.com\/pl\/wp-json\/wp\/v2\/media?parent=92411"}],"wp:term":[{"taxonomy":"category","embeddable":true,"href":"https:\/\/www.europesays.com\/pl\/wp-json\/wp\/v2\/categories?post=92411"},{"taxonomy":"post_tag","embeddable":true,"href":"https:\/\/www.europesays.com\/pl\/wp-json\/wp\/v2\/tags?post=92411"}],"curies":[{"name":"wp","href":"https:\/\/api.w.org\/{rel}","templated":true}]}}