{"id":92615,"date":"2025-11-09T11:20:12","date_gmt":"2025-11-09T11:20:12","guid":{"rendered":"https:\/\/www.europesays.com\/pl\/92615\/"},"modified":"2025-11-09T11:20:12","modified_gmt":"2025-11-09T11:20:12","slug":"pelnoprawny-komputer-w-kieszonkowej-formie-oto-nowy-umpc","status":"publish","type":"post","link":"https:\/\/www.europesays.com\/pl\/92615\/","title":{"rendered":"Pe\u0142noprawny komputer w kieszonkowej formie. Oto nowy UMPC"},"content":{"rendered":"<p>Bardzo zamo\u017cnych i mobilnych u\u017cytkownik\u00f3w, poniewa\u017c UMPC by\u0142y drogie oferuj\u0105c przy tym stosunkowo nisk\u0105 wydajno\u015b\u0107. Czym one jednak s\u0105? Ot\u00f3\u017c jest to skr\u00f3t od Ultra Mobile Personal Computer. Czyli miniaturowy, przeno\u015bny komputer z klawiatur\u0105, ekranem, bateri\u0105 i jak\u0105\u015b form\u0105 sterowania kursorem. Od laptop\u00f3w r\u00f3\u017cni\u0105 si\u0119 odmienn\u0105 budow\u0105, oraz znacznie mniejszym ekranem. W\u0142a\u015bnie tak\u0105 konstrukcj\u0105 jest OmniOne handheld PC.<\/p>\n<p>    Dalsza cz\u0119\u015b\u0107 tekstu pod wideo<\/p>\n<p>\n                                OmniOne handheld PC\n            <\/p>\n<p>Na pewno nie jest to sprz\u0119t dla ka\u017cdego. Urz\u0105dzenie oferuje 5,7-calowy dotykowy ekran HD, nad kt\u00f3rym znajdziemy 1 Mpix kamerk\u0119 do wideorozm\u00f3w. Tak ma\u0142y ekran w przypadku Windowsa 10, lub 11 mo\u017ce budzi\u0107 pewne w\u0105tpliwo\u015bci podczas normalnego wykorzystywania. Sam, jako w\u0142a\u015bciciel GPD Win 1.3 uwa\u017cam, \u017ce taki panel jest zbyt ma\u0142y do normalnej obs\u0142ugi komputera. Poni\u017cej znajduje si\u0119 natomiast klawiatura z twardego plastiku, kt\u00f3r\u0105 nale\u017cy obs\u0142ugiwa\u0107 kciukami. Je\u015bli o to chodzi, to mo\u017ce to by\u0107 albo bardzo wygodne, albo tragiczne rozwi\u0105zanie \u2014 to kwestia tej konkretnej klawiatury. Problemem na pewno b\u0119d\u0105 jednak polskie znaki diakrytyczne.<\/p>\n<p>        <img loading=\"lazy\" decoding=\"async\" src=\"https:\/\/www.europesays.com\/pl\/wp-content\/uploads\/2025\/11\/B32963402.414688363;dc_trk_aid=607216972;dc_trk_cid=228291445;ord=[timestamp];dc_lat=;dc_rdid=;tag_f.gif\" attributionsrc=\"\" border=\"0\" height=\"1\" width=\"1\" alt=\"Advertisement\"\/><\/p>\n<p>Jest to jednak sprz\u0119t, kt\u00f3ry mo\u017cemy mie\u0107 zawsze przy sobie a po powrocie do domu zrobi\u0107 z niego pe\u0142noprawnego PC-ta. OmniOne handheld PC ma porty HDMI i Display Port, Ethernet, 2 USB-A, 2 USB-C i AUX. Troch\u0119 szkoda, \u017ce nie znajdziemy tu slotu kart SD, lub chocia\u017c microSD. Z drugiej strony narzekam na kieszonkowy komputer, kt\u00f3ry ma wi\u0119cej z\u0142\u0105czy, ni\u017c wsp\u00f3\u0142czesne laptopy.\u00a0<\/p>\n<p>\n                                OmniOne handheld PC parametry\n            <\/p>\n<p>W \u015brodku znajdziemy uk\u0142ad Intel N150 z jego zintegrowan\u0105 grafik\u0105. Demon wydajno\u015bci to nie jest, ale jednocze\u015bnie zostawia w tyle os\u0142awione Atomy z serii X, wi\u0119c jak najbardziej mo\u017cna z niego komfortowo korzysta\u0107, pami\u0119taj\u0105c, \u017ce nie jest to urz\u0105dzenie do ci\u0119\u017ckiej pracy. Je\u015bli chodzi o pami\u0119\u0107 i pami\u0119\u0107 operacyjn\u0105, to mam \u015bwietn\u0105 wiadomo\u015b\u0107: te s\u0105 wymienne. I tak mo\u017cemy tu w\u0142o\u017cy\u0107 do 1 TB SSD NVMe, oraz do 32 GB DDR4 do 3200 MHz typu SODIMM. Warto doda\u0107, \u017ce na pami\u0119\u0107 operacyjn\u0105 mamy tylko jeden slot, jednak w takim sprz\u0119cie spodziewaliby\u015bmy si\u0119 raczej zintegrowanego z p\u0142yt\u0105 g\u0142\u00f3wn\u0105. Komputer ma tak\u017ce dwa g\u0142o\u015bniki o mocy 2 W i bateri\u0119 16.34 Wh, kt\u00f3ra ma powala\u0107 na do 5 godzin lekkiej pracy. A wszystko to jest wycenione na 429 USD, chocia\u017c obecnie mo\u017cna go kupi\u0107 za 359 USD w wariancie 8 GB RAM i 256 GB pami\u0119ci wewn\u0119trznej na <a href=\"https:\/\/www.telepolis.pl\/go\/bec3a5\" target=\"_blank\" rel=\"nofollow noopener\">Kickstarterze<\/a>. Zakup wy\u017cszej wersji nie ma sensu \u2014 sami mo\u017cemy sobie podmieni\u0107 dysk i RAM na pojemniejsze.\u00a0<\/p>\n","protected":false},"excerpt":{"rendered":"Bardzo zamo\u017cnych i mobilnych u\u017cytkownik\u00f3w, poniewa\u017c UMPC by\u0142y drogie oferuj\u0105c przy tym stosunkowo nisk\u0105 wydajno\u015b\u0107. Czym one jednak&hellip;\n","protected":false},"author":2,"featured_media":92616,"comment_status":"","ping_status":"","sticky":false,"template":"","format":"standard","meta":{"footnotes":""},"categories":[20],"tags":[21523,120,118,119,21524,42,38,40,39,41,116,114,115,629,121,117,21522],"class_list":{"0":"post-92615","1":"post","2":"type-post","3":"status-publish","4":"format-standard","5":"has-post-thumbnail","7":"category-nauka-i-technika","8":"tag-hyperstrix","9":"tag-nauka","10":"tag-nauka-i-technika","11":"tag-naukatechnika","12":"tag-omnione-handheld-pc","13":"tag-pl","14":"tag-poland","15":"tag-polish","16":"tag-polska","17":"tag-polski","18":"tag-science","19":"tag-science-and-technology","20":"tag-sciencetechnology","21":"tag-sprzet","22":"tag-technika","23":"tag-technology","24":"tag-umpc"},"share_on_mastodon":{"url":"https:\/\/pubeurope.com\/@pl\/115519477147728797","error":""},"_links":{"self":[{"href":"https:\/\/www.europesays.com\/pl\/wp-json\/wp\/v2\/posts\/92615","targetHints":{"allow":["GET"]}}],"collection":[{"href":"https:\/\/www.europesays.com\/pl\/wp-json\/wp\/v2\/posts"}],"about":[{"href":"https:\/\/www.europesays.com\/pl\/wp-json\/wp\/v2\/types\/post"}],"author":[{"embeddable":true,"href":"https:\/\/www.europesays.com\/pl\/wp-json\/wp\/v2\/users\/2"}],"replies":[{"embeddable":true,"href":"https:\/\/www.europesays.com\/pl\/wp-json\/wp\/v2\/comments?post=92615"}],"version-history":[{"count":0,"href":"https:\/\/www.europesays.com\/pl\/wp-json\/wp\/v2\/posts\/92615\/revisions"}],"wp:featuredmedia":[{"embeddable":true,"href":"https:\/\/www.europesays.com\/pl\/wp-json\/wp\/v2\/media\/92616"}],"wp:attachment":[{"href":"https:\/\/www.europesays.com\/pl\/wp-json\/wp\/v2\/media?parent=92615"}],"wp:term":[{"taxonomy":"category","embeddable":true,"href":"https:\/\/www.europesays.com\/pl\/wp-json\/wp\/v2\/categories?post=92615"},{"taxonomy":"post_tag","embeddable":true,"href":"https:\/\/www.europesays.com\/pl\/wp-json\/wp\/v2\/tags?post=92615"}],"curies":[{"name":"wp","href":"https:\/\/api.w.org\/{rel}","templated":true}]}}