{"id":92621,"date":"2025-11-09T11:23:09","date_gmt":"2025-11-09T11:23:09","guid":{"rendered":"https:\/\/www.europesays.com\/pl\/92621\/"},"modified":"2025-11-09T11:23:09","modified_gmt":"2025-11-09T11:23:09","slug":"lodz-wolal-wyskoczyc-z-drugiego-pietra-niz-zostac-w-mieszkaniu-to-byly-tortury","status":"publish","type":"post","link":"https:\/\/www.europesays.com\/pl\/92621\/","title":{"rendered":"\u0141\u00f3d\u017a. Wola\u0142 wyskoczy\u0107 z drugiego pi\u0119tra ni\u017c zosta\u0107 w mieszkaniu. To by\u0142y tortury"},"content":{"rendered":"<p class=\"article-p\" data-section=\"detail-body\">Chodnik przy ul. Piotrkowskiej odgrodzony by\u0142 policyjn\u0105 ta\u015bm\u0105. Broni\u0142a wst\u0119pu dalej. To w\u0142a\u015bnie tam wyskoczy\u0142 37-latek. Na ziemi le\u017ca\u0142y jego rzeczy. M\u0119\u017cczyzna z powa\u017cnymi obra\u017ceniami zosta\u0142 zabrany do szpitala. Zanim to si\u0119 sta\u0142o, wskaza\u0142 na bram\u0119 kamienicy.<\/p>\n<p>        \u0141\u00f3d\u017a. Tortury w mieszkaniu przy ul. Piotrkowskiej. M\u0119\u017cczyzna wyskoczy\u0142 przez okno<\/p>\n<p class=\"article-p\" data-section=\"detail-body\"><a href=\"https:\/\/www.fakt.pl\/wydarzenia\/polska\/lodz\/lodz-uwiezili-i-torturowali-mezczyzne-drastyczne-szczegoly-gehenny\/npyyleh\" id=\"18c39198-c9e0-4057-a27c-bd26dde4e990\" rel=\"nofollow noopener\" target=\"_blank\">Gehenna 37-latka trwa\u0142a trzy dni<\/a>. M\u0119\u017cczyzna by\u0142 przetrzymywany w mieszkaniu przy ul. Piotrkowskiej i torturowany. Oprawcy byli bezlito\u015bni. Przywi\u0105zali go do krzes\u0142a, bili i d\u017agali no\u017cem. Pr\u00f3bowali odci\u0105\u0107 palce.<\/p>\n<p class=\"article-p\" data-section=\"detail-body\">Gdy tylko nadarzy\u0142a si\u0119 okazja, ofiara wyskoczy\u0142a z okna kamienicy na drugim pi\u0119trze. To by\u0142a jedyna droga ucieczki. M\u0119\u017cczyzna zdecydowa\u0142 si\u0119 na ten desperacki krok, bo wiedzia\u0142, \u017ce napastnicy mog\u0105 spe\u0142ni\u0107 swoje gro\u017aby. Oprawcy pokazywali mu palnik i straszyli spaleniem.<\/p>\n<p class=\"article-p\" data-section=\"detail-body\">37-latek le\u017ca\u0142 na chodniku. Dozna\u0142 powa\u017cnych obra\u017ce\u0144. Kto\u015b zadzwoni\u0142 po ratunek. Karetka ju\u017c do niego jecha\u0142a.<\/p>\n<p>        Gehenna w \u0142\u00f3dzkim mieszkaniu. Drastyczne szczeg\u00f3\u0142y<\/p>\n<p class=\"article-p\" data-section=\"detail-body\">W \u015brod\u0119 5 listopada 2025 r. \u0142\u00f3dzcy policjanci otrzymali zg\u0142oszenie, z kt\u00f3rego wynika\u0142o, \u017ce m\u0119\u017cczyzna mia\u0142 wyskoczy\u0107 z drugiego pi\u0119tra kamienicy przy ul. Piotrkowskiej. Mundurowi natychmiast pojechali na miejsce. Przed ich przyjazdem obecny by\u0142 ju\u017c zesp\u00f3\u0142 ratownictwa medycznego. Z uwagi na obra\u017cenia 37-latka natychmiast przetransportowano do szpitala<\/p>\n<p class=\"article-p\" data-section=\"detail-body\">\u2013 przekaza\u0142a asp. Kamila Sowi\u0144ska z \u0142\u00f3dzkiej policji.<\/p>\n<p class=\"article-p\" data-section=\"detail-body\">M\u0119\u017cczyzna by\u0142 przytomny. Nim go zabrano z miejsca, zd\u0105\u017cy\u0142 wskaza\u0107 na bram\u0119 kamienicy.<\/p>\n<p class=\"article-p\" data-section=\"detail-body\">Pokrzywdzony wskaza\u0142 dwie osoby wychodz\u0105ce z bramy jako potencjalnych sprawc\u00f3w zdarzenia. Zostali oni zatrzymani przez stra\u017cnik\u00f3w miejskich i przekazani policjantom<\/p>\n<p class=\"article-p\" data-section=\"detail-body\">\u2013 podkre\u015bli\u0142a oficer \u0142\u00f3dzkiej policji.<\/p>\n<p class=\"article-p\" data-section=\"detail-body\">S\u0142u\u017cby ustali\u0142y wst\u0119pny przebieg zdarze\u0144 z ostatnich dni w \u0142\u00f3dzkim mieszkaniu. Jak si\u0119 okaza\u0142o, 37-latek kilka dni wcze\u015bniej zosta\u0142 zaproszony przez dawn\u0105 znajom\u0105 na spotkanie towarzyskie.<\/p>\n<p class=\"article-p\" data-section=\"detail-body\">W mieszkaniu, do kt\u00f3rego poszli, byli jej znajomi. Wszyscy spo\u017cywali alkohol. Po chwili wywi\u0105za\u0142a si\u0119 mi\u0119dzy nimi sprzeczka i zacz\u0119li mie\u0107 wobec 37-latka roszczenia finansowe. Gdy pokrzywdzony wyrazi\u0142 sw\u00f3j sprzeciw, zosta\u0142 przywi\u0105zany do krzes\u0142a i przetrzymywany wbrew w\u0142asnej woli. Oprawcy grozili mu obci\u0119ciem palc\u00f3w, jak r\u00f3wnie\u017c dysponowali palnikiem i zamierzali u\u017cy\u0107 go wobec niego. Gdy tylko pojawi\u0142a si\u0119 szansa ucieczki 37-latek postanowi\u0142 wyskoczy\u0107 przez okno<\/p>\n<p class=\"article-p\" data-section=\"detail-body\">\u2013 poinformowa\u0142a asp. Kamila Sowi\u0144ska.<\/p>\n<p class=\"article-p\" data-section=\"detail-body\"><a href=\"https:\/\/www.fakt.pl\/wydarzenia\/polska\/kruklin-tragiczny-final-poszukiwan-braci-spod-elku-poruszajacy-wpis-w-sieci\/fx7j1hl\" id=\"57747c12-e4e0-4010-96b7-08f436779a06\" rel=\"nofollow noopener\" target=\"_blank\">Tragiczna \u015bmier\u0107 braci. W sieci poruszaj\u0105cy wpis<\/a><\/p>\n<p>        Zatrzymano cztery osoby. S\u0105 zarzuty<\/p>\n<p class=\"article-p\" data-section=\"detail-body\">\u0141\u00f3dzcy policjanci zatrzymali pocz\u0105tkowo dwie osoby wskazane przez poszkodowanego. To by\u0142a kobieta i m\u0119\u017cczyzna. Poszukiwani byli kolejni podejrzani. Dzi\u0119ki pracy funkcjonariuszy uda\u0142o si\u0119 ich zatrzyma\u0107 nast\u0119pnego dnia.<\/p>\n<p class=\"article-p\" data-section=\"detail-body\">W r\u0119ce mundurowych wpad\u0142y w sumie cztery osoby. To trzech m\u0119\u017cczyzn w wieku 25, 29 i 35 lat oraz 28-latka. Odpowiedz\u0105 oni za pozbawienie wolno\u015bci ze szczeg\u00f3lnym udr\u0119czeniem i wymuszenie rozb\u00f3jnicze. Grozi im do 10 lat pozbawienia wolno\u015bci.<\/p>\n<p class=\"article-p\" data-section=\"detail-body\">Do tymczasowego aresztu na trzy miesi\u0105ce trafili trzej m\u0119\u017cczy\u017ani. Kobieta nie zosta\u0142a aresztowana.<\/p>\n<p class=\"article-p\" data-section=\"detail-body\"><a href=\"https:\/\/www.fakt.pl\/wydarzenia\/polska\/lodz\/proces-sebastiana-m-to-oni-jechali-z-oskarzonym-zaskakujace-zeznania\/htjeshc\" id=\"8afb637b-342f-4e8b-a249-54af3b56ccd3\" rel=\"nofollow noopener\" target=\"_blank\">To oni jechali z Sebastianem M. Zaskakuj\u0105ce zeznania pasa\u017cer\u00f3w bmw. &#8222;Nie mieli powod\u00f3w, by w to nie wierzy\u0107&#8221;<\/a><\/p>\n<p class=\"article-p\" data-section=\"detail-body\">(\u0179r\u00f3d\u0142o: Fakt.pl, policja)<\/p>\n","protected":false},"excerpt":{"rendered":"Chodnik przy ul. Piotrkowskiej odgrodzony by\u0142 policyjn\u0105 ta\u015bm\u0105. Broni\u0142a wst\u0119pu dalej. To w\u0142a\u015bnie tam wyskoczy\u0142 37-latek. Na ziemi&hellip;\n","protected":false},"author":2,"featured_media":92622,"comment_status":"","ping_status":"","sticky":false,"template":"","format":"standard","meta":{"footnotes":""},"categories":[12],"tags":[32,33,36,37,27,34,35,28,31,25,42,38,40,39,41,29,30,26],"class_list":{"0":"post-92621","1":"post","2":"type-post","3":"status-publish","4":"format-standard","5":"has-post-thumbnail","7":"category-polska","8":"tag-breaking-news","9":"tag-breakingnews","10":"tag-featured-news","11":"tag-featurednews","12":"tag-headlines","13":"tag-latest-news","14":"tag-latestnews","15":"tag-naglowki","16":"tag-najwazniejsze-artykuly","17":"tag-news","18":"tag-pl","19":"tag-poland","20":"tag-polish","21":"tag-polska","22":"tag-polski","23":"tag-top-stories","24":"tag-topstories","25":"tag-wiadomosci"},"share_on_mastodon":{"url":"https:\/\/pubeurope.com\/@pl\/115519488462612972","error":""},"_links":{"self":[{"href":"https:\/\/www.europesays.com\/pl\/wp-json\/wp\/v2\/posts\/92621","targetHints":{"allow":["GET"]}}],"collection":[{"href":"https:\/\/www.europesays.com\/pl\/wp-json\/wp\/v2\/posts"}],"about":[{"href":"https:\/\/www.europesays.com\/pl\/wp-json\/wp\/v2\/types\/post"}],"author":[{"embeddable":true,"href":"https:\/\/www.europesays.com\/pl\/wp-json\/wp\/v2\/users\/2"}],"replies":[{"embeddable":true,"href":"https:\/\/www.europesays.com\/pl\/wp-json\/wp\/v2\/comments?post=92621"}],"version-history":[{"count":0,"href":"https:\/\/www.europesays.com\/pl\/wp-json\/wp\/v2\/posts\/92621\/revisions"}],"wp:featuredmedia":[{"embeddable":true,"href":"https:\/\/www.europesays.com\/pl\/wp-json\/wp\/v2\/media\/92622"}],"wp:attachment":[{"href":"https:\/\/www.europesays.com\/pl\/wp-json\/wp\/v2\/media?parent=92621"}],"wp:term":[{"taxonomy":"category","embeddable":true,"href":"https:\/\/www.europesays.com\/pl\/wp-json\/wp\/v2\/categories?post=92621"},{"taxonomy":"post_tag","embeddable":true,"href":"https:\/\/www.europesays.com\/pl\/wp-json\/wp\/v2\/tags?post=92621"}],"curies":[{"name":"wp","href":"https:\/\/api.w.org\/{rel}","templated":true}]}}