{"id":92627,"date":"2025-11-09T11:27:10","date_gmt":"2025-11-09T11:27:10","guid":{"rendered":"https:\/\/www.europesays.com\/pl\/92627\/"},"modified":"2025-11-09T11:27:10","modified_gmt":"2025-11-09T11:27:10","slug":"the-voice-of-poland-w-sieci-zawrzalopo-decyzji-margaret","status":"publish","type":"post","link":"https:\/\/www.europesays.com\/pl\/92627\/","title":{"rendered":"&#8222;The Voice of Poland&#8221;: W sieci zawrza\u0142opo decyzji Margaret"},"content":{"rendered":"<p class=\"typography ids-typeset-body ids-typeset-body--preset-large link paragraph ids-paragraph ids-paragraph--default\">Sobotni wiecz\u00f3r up\u0142yn\u0105\u0142 pod znakiem rywalizacji dru\u017cyn prowadzonych przez Tomsona i Barona, Kub\u0119 Badacha, Micha\u0142a Szpaka\u00a0oraz Margaret. Publiczno\u015b\u0107 po raz pierwszy w tym sezonie mog\u0142a decydowa\u0107 o losach uczestnik\u00f3w, wysy\u0142aj\u0105c SMS-y na swoich faworyt\u00f3w. Dw\u00f3jka z najwi\u0119ksz\u0105 liczb\u0105 g\u0142os\u00f3w automatycznie przechodzi\u0142a dalej, natomiast trenerzy musieli wybra\u0107 spo\u015br\u00f3d pozosta\u0142ej dw\u00f3jki jednego wokalist\u0119, kt\u00f3ry zostanie w programie.<\/p>\n<p class=\"typography ids-typeset-body ids-typeset-body--preset-large link paragraph ids-paragraph ids-paragraph--default\">W dru\u017cynie Tomsona i Barona zwyci\u0119sko z tej rywalizacji wyszli Kinga Rutkowska i Mateusz Jagie\u0142\u0142o, a trenerzy postanowili ocali\u0107 Marcina Spennera. Internauci chwalili ich decyzj\u0119, uznaj\u0105c, \u017ce Jagie\u0142\u0142o mo\u017ce okaza\u0107 si\u0119 &#8222;czarnym koniem&#8221; tej edycji.<\/p>\n<ul class=\"typography ids-typeset-body ids-typeset-body--preset-small list--article-list ids-list ids-list--unordered ids-list--size-small \" datatype=\"disc\">\n<li class=\"ids-list-item ids-list-item__content brief-list-item\"><a class=\"ids-undecorated-link link ids-link \" data-spons=\"false\" href=\"https:\/\/muzyka.interia.pl\/the-voice-of-poland\/news-walczy-o-powrot-do-the-voice-of-poland-ujawnia-jak-wygladaja,nId,22451688\" rel=\"nofollow noopener\" target=\"_blank\">Walczy o powr\u00f3t do &#8222;The Voice of Poland&#8221;. Ujawnia, jak wygl\u0105daj\u0105 kulisy show TVP<\/a><\/li>\n<li class=\"ids-list-item ids-list-item__content brief-list-item\"><a class=\"ids-undecorated-link link ids-link \" data-spons=\"false\" href=\"https:\/\/muzyka.interia.pl\/the-voice-of-poland\/news-nowa-wspolprowadzaca-the-voice-of-poland-zaskakujace-oglosze,nId,22450721\" rel=\"nofollow noopener\" target=\"_blank\">Nowa wsp\u00f3\u0142prowadz\u0105ca &#8222;The Voice of Poland&#8221;. Zaskakuj\u0105ce og\u0142oszenie TVP!<\/a><\/li>\n<\/ul>\n<p class=\"typography ids-typeset-body ids-typeset-body--preset-large link paragraph ids-paragraph ids-paragraph--default\">Nieco mniej entuzjazmu wzbudzi\u0142y wybory Kuby Badacha. Cho\u0107 do \u0107wier\u0107fina\u0142u awansowali Michael Bohm i Julia Wasilewska, a muzyk Poluzjant\u00f3w zdecydowa\u0142 si\u0119 r\u00f3wnie\u017c na\u00a0\u0141ukasza Reksa, widzowie narzekali na zbyt &#8222;senne&#8221; tempo wyst\u0119p\u00f3w. &#8222;Najnudniejszy 'The Voice&#8217; w ca\u0142ej jego historii!&#8221; &#8211; pisano na Facebooku programu.<\/p>\n<p>&#8222;To nie\u015bmieszny \u017cart&#8221;. Fani o decyzji Margaret<\/p>\n<p class=\"typography ids-typeset-body ids-typeset-body--preset-large link paragraph ids-paragraph ids-paragraph--default\">Najwi\u0119ksze emocje wywo\u0142a\u0142 jednak fina\u0142owy fragment odcinka &#8211; wyst\u0119py podopiecznych Margaret. Na scenie zaprezentowali si\u0119: Gabriela Kurzac w nieoczywistej interpretacji &#8222;I Kissed A Girl&#8221; Katy Perry, Magdalena Cho\u0142uj z przebojem &#8222;Na kolana&#8221; Kasi Cerekwickiej, Filip Mettler\u00a0w emocjonalnym &#8222;In My Blood&#8221; Shawna Mendesa oraz Jasiek Piwowarczyk z nastrojowym &#8222;Imi\u0119 deszczu&#8221; Andrzeja Piasecznego.<\/p>\n<p class=\"typography ids-typeset-body ids-typeset-body--preset-large link paragraph ids-paragraph ids-paragraph--default\">Decyzj\u0105 widz\u00f3w do \u0107wier\u0107fina\u0142u przeszli Mettler i Piwowarczyk. Margaret musia\u0142a dokona\u0107 trudnego wyboru mi\u0119dzy dwiema pozosta\u0142ymi uczestniczkami &#8211; i zdecydowa\u0142a si\u0119 uratowa\u0107 Magdalen\u0119 Cho\u0142uj. Z programem po\u017cegna\u0142a si\u0119 w\u00f3wczas Gabriela Kurzac, uznawana przez wielu za jeden z najoryginalniejszych g\u0142os\u00f3w sezonu.<\/p>\n<p class=\"typography ids-typeset-body ids-typeset-body--preset-large link paragraph ids-paragraph ids-paragraph--default\">W sieci natychmiast zawrza\u0142o. &#8222;I znowu Margaret pokaza\u0142a, \u017ce jest \u017cenuj\u0105c\u0105 trenerk\u0105. Najpierw odstrzeli\u0142a Mateusza, a teraz odrzuci\u0142a jeden z lepszych g\u0142os\u00f3w w swojej dru\u017cynie&#8221; &#8211; pisa\u0142 jeden z internaut\u00f3w. Inni dodawali: &#8222;Co to ma by\u0107? Gabrysia by\u0142a na wygran\u0105 programu!&#8221;, &#8222;Margaret si\u0119 chyba pomyli\u0142a&#8230; i to grubo&#8221;, czy &#8222;To nie\u015bmieszny \u017cart, Gabriela jest najlepsza!&#8221;.<\/p>\n<p class=\"typography ids-typeset-body ids-typeset-body--preset-large link paragraph ids-paragraph ids-paragraph--default\">Wielu widz\u00f3w zarzuca\u0142o wokalistce kierowanie si\u0119 &#8222;osobistymi preferencjami&#8221; zamiast czyst\u0105 ocen\u0105 talentu. &#8222;Gabi, najbardziej oryginalna i unikalna w tej edycji, odpada&#8230; S\u0142abo&#8221; &#8211; czytamy w komentarzach.<\/p>\n<p>Micha\u0142 Szpak i jego dru\u017cyna z uznaniem fan\u00f3w<\/p>\n<p class=\"typography ids-typeset-body ids-typeset-body--preset-large link paragraph ids-paragraph ids-paragraph--default\">Nieco spokojniej przyj\u0119to wyniki w dru\u017cynie Micha\u0142a Szpaka. Do kolejnego etapu awansowali Hanna Kuzimowicz, Joanna Lupa oraz &#8211; z decyzji trenera &#8211; Dominik Czu\u017c, kt\u00f3ry zadedykowa\u0142 sw\u00f3j wyst\u0119p mamie. Widzowie nie kryli jednak \u017calu z powodu odpadni\u0119cia Katarzyny Skiby.<\/p>\n<p class=\"typography ids-typeset-body ids-typeset-body--preset-large link paragraph ids-paragraph ids-paragraph--default\">&#8222;Fantastyczny wykon Dominika, ale mega szkoda Kasi. Najlepsza dru\u017cyna od lat&#8221; &#8211; pisa\u0142 jeden z fan\u00f3w. Inny dodawa\u0142: &#8222;Kurcz\u0119, wielka szkoda Kasi, tak\u0105 popularn\u0105 i bardzo star\u0105 piosenk\u0119 za\u015bpiewa\u0107 to wyczyn. Micha\u015b, co ty zrobi\u0142e\u015b ch\u0142opaku?!&#8221;.<\/p>\n<p>Comeback Stage i drugie szanse<\/p>\n<p class=\"typography ids-typeset-body ids-typeset-body--preset-large link paragraph ids-paragraph ids-paragraph--default\">Program nie ko\u0144czy si\u0119 jednak dla wszystkich. W ramach &#8222;The Voice Comeback Stage powered by Orange&#8221; widzowie przywr\u00f3cili do rywalizacji Mateusza W\u0142odarczyka, kt\u00f3ry do\u0142\u0105czy do \u017banety Che\u0142miniak i r\u00f3wnie\u017c powalczy o p\u00f3\u0142fina\u0142. Format, wprowadzony kilka edycji temu, daje szans\u0119 tym, kt\u00f3rzy z programu odpadli przed etapem live.<\/p>\n<p>Uczestnik &#8222;The Voice of Poland&#8221; zszokowa\u0142 wszystkich! Trenerzy nie wiedzieli, co zrobi\u0107TVP<\/p>\n<p><a class=\"ids-undecorated-link source ids-page-info--source__link\" href=\"https:\/\/www.interia.pl\" rel=\"nofollow noopener\" target=\"_blank\"><img decoding=\"async\" class=\"ids-image-holder__img\" loading=\"lazy\" alt=\"\" title=\"\" height=\"24px\" src=\"https:\/\/www.europesays.com\/pl\/wp-content\/uploads\/2025\/11\/1762619711_149_0009A60QQ5I2TYF7-C202-F4.webp.webp\"\/><\/a><\/p>\n<p>Masz sugestie, uwagi albo widzisz b\u0142\u0105d? Napisz do nas<\/p>\n","protected":false},"excerpt":{"rendered":"Sobotni wiecz\u00f3r up\u0142yn\u0105\u0142 pod znakiem rywalizacji dru\u017cyn prowadzonych przez Tomsona i Barona, Kub\u0119 Badacha, Micha\u0142a Szpaka\u00a0oraz Margaret. Publiczno\u015b\u0107&hellip;\n","protected":false},"author":2,"featured_media":92628,"comment_status":"","ping_status":"","sticky":false,"template":"","format":"standard","meta":{"footnotes":""},"categories":[22],"tags":[122,42,38,40,39,41,123],"class_list":{"0":"post-92627","1":"post","2":"type-post","3":"status-publish","4":"format-standard","5":"has-post-thumbnail","7":"category-rozrywka","8":"tag-entertainment","9":"tag-pl","10":"tag-poland","11":"tag-polish","12":"tag-polska","13":"tag-polski","14":"tag-rozrywka"},"share_on_mastodon":{"url":"https:\/\/pubeurope.com\/@pl\/115519504309818267","error":""},"_links":{"self":[{"href":"https:\/\/www.europesays.com\/pl\/wp-json\/wp\/v2\/posts\/92627","targetHints":{"allow":["GET"]}}],"collection":[{"href":"https:\/\/www.europesays.com\/pl\/wp-json\/wp\/v2\/posts"}],"about":[{"href":"https:\/\/www.europesays.com\/pl\/wp-json\/wp\/v2\/types\/post"}],"author":[{"embeddable":true,"href":"https:\/\/www.europesays.com\/pl\/wp-json\/wp\/v2\/users\/2"}],"replies":[{"embeddable":true,"href":"https:\/\/www.europesays.com\/pl\/wp-json\/wp\/v2\/comments?post=92627"}],"version-history":[{"count":0,"href":"https:\/\/www.europesays.com\/pl\/wp-json\/wp\/v2\/posts\/92627\/revisions"}],"wp:featuredmedia":[{"embeddable":true,"href":"https:\/\/www.europesays.com\/pl\/wp-json\/wp\/v2\/media\/92628"}],"wp:attachment":[{"href":"https:\/\/www.europesays.com\/pl\/wp-json\/wp\/v2\/media?parent=92627"}],"wp:term":[{"taxonomy":"category","embeddable":true,"href":"https:\/\/www.europesays.com\/pl\/wp-json\/wp\/v2\/categories?post=92627"},{"taxonomy":"post_tag","embeddable":true,"href":"https:\/\/www.europesays.com\/pl\/wp-json\/wp\/v2\/tags?post=92627"}],"curies":[{"name":"wp","href":"https:\/\/api.w.org\/{rel}","templated":true}]}}