{"id":92662,"date":"2025-11-09T11:47:12","date_gmt":"2025-11-09T11:47:12","guid":{"rendered":"https:\/\/www.europesays.com\/pl\/92662\/"},"modified":"2025-11-09T11:47:12","modified_gmt":"2025-11-09T11:47:12","slug":"polak-ma-tylko-19-lat-jest-najlepszym-strzelcem-wloskiej-ligi","status":"publish","type":"post","link":"https:\/\/www.europesays.com\/pl\/92662\/","title":{"rendered":"Polak ma tylko 19 lat. Jest najlepszym strzelcem w\u0142oskiej ligi"},"content":{"rendered":"\n<p class=\"contentpart contentpart--default contentpart--text\" data-position=\"0\">19-letni <a href=\"https:\/\/sportowefakty.wp.pl\/pilka-nozna\/daniel--mikolajewski\" rel=\"nofollow noopener\" target=\"_blank\">Daniel Miko\u0142ajewski<\/a>, polski napastnik <a href=\"https:\/\/sportowefakty.wp.pl\/pilka-nozna\/parma-calcio-1913\" rel=\"nofollow noopener\" target=\"_blank\">Parmy<\/a>, robi prawdziw\u0105 furor\u0119 we w\u0142oskiej lidze junior\u00f3w Primavera 1.<\/p>\n<p class=\"contentpart contentpart--default contentpart--text\" data-position=\"1\">W ostatniej kolejce, w meczu przeciwko Cesenie, Polak zdoby\u0142 dwie bramki, zapewniaj\u0105c swojej dru\u017cynie zwyci\u0119stwo (2:1) i umacniaj\u0105c si\u0119 na pozycji lidera klasyfikacji najlepszych strzelc\u00f3w ligi.<\/p>\n<p> <img role=\"presentation\" src=\"https:\/\/std.wpcdn.pl\/images\/adv\/placeholder_wp.svg\" loading=\"lazy\" alt=\"\" decoding=\"async\"\/>  <\/p>\n<p class=\"contentpart contentpart--default contentpart--text\" data-position=\"2\">ZOBACZ WIDEO: Czy Quebonafide potrafi gra\u0107 w pi\u0142k\u0119? Zebrali\u015bmy jego akcje z meczu Mazura!<\/p>\n<p class=\"contentpart contentpart--default contentpart--text\" data-position=\"4\">Mecz by\u0142 dramatyczny, poniewa\u017c Parma przegrywa\u0142a od 12. minuty. Miko\u0142ajewski wyr\u00f3wna\u0142 w 37. minucie, wykorzystuj\u0105c \u015bwietne podanie Melvina Nwajeia i strzelaj\u0105c z bliskiej odleg\u0142o\u015bci.<\/p>\n<p class=\"contentpart contentpart--default contentpart--text\" data-position=\"5\">Zwyci\u0119skiego gola zdoby\u0142 w 80. minucie, kiedy to po fatalnym b\u0142\u0119dzie obro\u0144cy rywali, kt\u00f3ry poda\u0142 mu pi\u0142k\u0119 we w\u0142asnym polu karnym, bez problemu pokona\u0142 bramkarza.\u00a0\u015arodkowy napastnik ma ju\u017c na koncie dziewi\u0119\u0107 goli w lidze w\u0142oskiej.<\/p>\n<p class=\"contentpart contentpart--default contentpart--text\" data-position=\"6\">Zawodnik, urodzony 24 stycznia 2006 roku, swoj\u0105 karier\u0119 pi\u0142karsk\u0105 rozpocz\u0105\u0142 w juniorskich zespo\u0142ach w Polsce, m.in. w Jaguarze Gda\u0144sk, Lechii Gda\u0144sk, KTS-K Luzino oraz Lechu Pozna\u0144. W 2022 roku, po testach w AS Roma, przeni\u00f3s\u0142 si\u0119 do akademii Parmy.<\/p>\n<p> <img role=\"presentation\" src=\"https:\/\/std.wpcdn.pl\/images\/adv\/placeholder_wp.svg\" loading=\"lazy\" alt=\"\" decoding=\"async\"\/>  <\/p>\n<p class=\"contentpart contentpart--default contentpart--text\" data-position=\"7\">Regularnie reprezentowa\u0142 Polsk\u0119 na r\u00f3\u017cnych szczeblach m\u0142odzie\u017cowych, od U-16 do U-20, b\u0119d\u0105c wa\u017cnym ogniwem kadry U-17, kt\u00f3ra w 2023 roku dotar\u0142a do p\u00f3\u0142fina\u0142u mistrzostw Europy, a tak\u017ce bra\u0142 udzia\u0142 w mistrzostwach \u015bwiata w Indonezji. W sezonie 2024\/2025 by\u0142 wypo\u017cyczony do Zag\u0142\u0119bia Lubin, by zdobywa\u0107 do\u015bwiadczenie w PKO Ekstraklasie, po czym powr\u00f3ci\u0142 do Parmy.<\/p>\n<p class=\"contentpart contentpart--default contentpart--text\" data-position=\"8\">Zobacz bramki Miko\u0142ajewskiego w meczu z Cesen\u0105 (od 1:31 i 3:13).<\/p>\n","protected":false},"excerpt":{"rendered":"19-letni Daniel Miko\u0142ajewski, polski napastnik Parmy, robi prawdziw\u0105 furor\u0119 we w\u0142oskiej lidze junior\u00f3w Primavera 1. W ostatniej kolejce,&hellip;\n","protected":false},"author":2,"featured_media":92663,"comment_status":"","ping_status":"","sticky":false,"template":"","format":"standard","meta":{"footnotes":""},"categories":[24],"tags":[21537,17181,3537,269,42,38,40,39,41,3539,127,126,898],"class_list":{"0":"post-92662","1":"post","2":"type-post","3":"status-publish","4":"format-standard","5":"has-post-thumbnail","7":"category-sport","8":"tag-daniel-mikolajewski","9":"tag-parma","10":"tag-parma-calcio-1913","11":"tag-pilka-nozna","12":"tag-pl","13":"tag-poland","14":"tag-polish","15":"tag-polska","16":"tag-polski","17":"tag-serie-a","18":"tag-sport","19":"tag-sports","20":"tag-wlochy"},"share_on_mastodon":{"url":"https:\/\/pubeurope.com\/@pl\/115519583002861846","error":""},"_links":{"self":[{"href":"https:\/\/www.europesays.com\/pl\/wp-json\/wp\/v2\/posts\/92662","targetHints":{"allow":["GET"]}}],"collection":[{"href":"https:\/\/www.europesays.com\/pl\/wp-json\/wp\/v2\/posts"}],"about":[{"href":"https:\/\/www.europesays.com\/pl\/wp-json\/wp\/v2\/types\/post"}],"author":[{"embeddable":true,"href":"https:\/\/www.europesays.com\/pl\/wp-json\/wp\/v2\/users\/2"}],"replies":[{"embeddable":true,"href":"https:\/\/www.europesays.com\/pl\/wp-json\/wp\/v2\/comments?post=92662"}],"version-history":[{"count":0,"href":"https:\/\/www.europesays.com\/pl\/wp-json\/wp\/v2\/posts\/92662\/revisions"}],"wp:featuredmedia":[{"embeddable":true,"href":"https:\/\/www.europesays.com\/pl\/wp-json\/wp\/v2\/media\/92663"}],"wp:attachment":[{"href":"https:\/\/www.europesays.com\/pl\/wp-json\/wp\/v2\/media?parent=92662"}],"wp:term":[{"taxonomy":"category","embeddable":true,"href":"https:\/\/www.europesays.com\/pl\/wp-json\/wp\/v2\/categories?post=92662"},{"taxonomy":"post_tag","embeddable":true,"href":"https:\/\/www.europesays.com\/pl\/wp-json\/wp\/v2\/tags?post=92662"}],"curies":[{"name":"wp","href":"https:\/\/api.w.org\/{rel}","templated":true}]}}