{"id":92742,"date":"2025-11-09T12:30:20","date_gmt":"2025-11-09T12:30:20","guid":{"rendered":"https:\/\/www.europesays.com\/pl\/92742\/"},"modified":"2025-11-09T12:30:20","modified_gmt":"2025-11-09T12:30:20","slug":"paulina-krupinska-zaprezentowala-sie-w-blond-wlosach-fani-w-szoku","status":"publish","type":"post","link":"https:\/\/www.europesays.com\/pl\/92742\/","title":{"rendered":"Paulina Krupi\u0144ska zaprezentowa\u0142a si\u0119 w blond w\u0142osach. Fani w szoku"},"content":{"rendered":"<p class=\"article-p\" data-section=\"detail-body\">Paulina Krupi\u0144ska od lat przyci\u0105ga uwag\u0119 swoj\u0105 nienagann\u0105 urod\u0105 i ciemnymi w\u0142osami, kt\u00f3re sta\u0142y si\u0119 jej znakiem rozpoznawczym. Tym razem postanowi\u0142a jednak zaskoczy\u0107 swoich fan\u00f3w i pokaza\u0142a si\u0119 w zupe\u0142nie nowej ods\u0142onie. Na udost\u0119pnionym przez ni\u0105 nagraniu widzimy prezenterk\u0119 w d\u0142ugim bobie w odcieniu jasnego blondu.<\/p>\n<p class=\"article-p\" data-section=\"detail-body\">W \u017cyciu trzeba by\u0107 odwa\u017cnym. Co s\u0105dzicie o tej metamorfozie?<\/p>\n<p class=\"article-p\" data-section=\"detail-body\">\u2014 zapyta\u0142a swoich fan\u00f3w pod postem.<\/p>\n<p>        Paulina Krupi\u0144ska zaprezentowa\u0142a si\u0119 w blond w\u0142osach. Fani w szoku<\/p>\n<p class=\"article-p\" data-section=\"detail-body\">Reakcje na t\u0119 zmian\u0119 by\u0142y natychmiastowe. W komentarzach zaroi\u0142o si\u0119 od opinii, zar\u00f3wno od fan\u00f3w, jak i znanych kole\u017canek Pauliny.<\/p>\n<p class=\"article-p\" data-section=\"detail-body\">Wooow niceeeee, dla mnie mega!<\/p>\n<p class=\"article-p\" data-section=\"detail-body\">\u2014 napisa\u0142a Anna Lewandowska.<\/p>\n<p class=\"article-p\" data-section=\"detail-body\">Ejjj \u0142adna by by\u0142a z Ciebie blondyneczka<\/p>\n<p class=\"article-p\" data-section=\"detail-body\">\u2014 doda\u0142a Klaudia El Dursi.<\/p>\n<p class=\"article-p\" data-section=\"detail-body\">\u2014O k***a, Paulina, wygl\u0105dasz jak totalnie inna osoba. A w dodatku g\u00f3wniara<\/p>\n<p class=\"article-p\" data-section=\"detail-body\">\u2014 skomentowa\u0142a Blanka Lipi\u0144ska.<\/p>\n<p class=\"article-p\" data-section=\"detail-body\">Paulina Krupi\u0144ska postanowi\u0142a wykorzysta\u0107 okazj\u0119 i sprawdzi\u0107 reakcj\u0119 swojego m\u0119\u017ca na t\u0119 spektakularn\u0105 zmian\u0119. Na Instagramie pojawi\u0142o si\u0119 nagranie z wideokonferencji, podczas kt\u00f3rej zaprezentowa\u0142a Sebastianowi swoj\u0105 now\u0105 fryzur\u0119. Reakcja muzyka by\u0142a&#8230; do\u015b\u0107 pow\u015bci\u0105gliwa.<\/p>\n<p class=\"article-p\" data-section=\"detail-body\">Czemu\u015b si\u0119 pofarbowa\u0142a?<\/p>\n<p class=\"article-p\" data-section=\"detail-body\">\u2014 zapyta\u0142 zdziwiony Karpiel-Bu\u0142ecka.<\/p>\n<p class=\"article-p\" data-section=\"detail-body\">\u2014 dopytywa\u0142a Paulina.<\/p>\n<p class=\"article-p\" data-section=\"detail-body\">Nie no, \u0142adnie. Super wygl\u0105dasz. Ja te\u017c si\u0119 pofarbuje. A dzieci wiedz\u0105?<\/p>\n<p class=\"article-p\" data-section=\"detail-body\">\u2014 odpowiedzia\u0142 z u\u015bmiechem.<\/p>\n<p class=\"article-p\" data-section=\"detail-body\">Jak si\u0119 jednak okaza\u0142o, ca\u0142a metamorfoza by\u0142a jedynie \u017cartem. Paulina Krupi\u0144ska postawi\u0142a na peruk\u0119, dzi\u0119ki kt\u00f3rej mog\u0142a zaskoczy\u0107 zar\u00f3wno swoich fan\u00f3w, jak i m\u0119\u017ca.<\/p>\n<p class=\"article-p\" data-section=\"detail-body\"><a href=\"https:\/\/ludzie.fakt.pl\/paulina-krupinska-zna-donalda-trumpa-jak-dowiedzial-sie-ze-jestem-z-polski\/1x38ddl\" id=\"e3865bc4-df42-4ac0-8a29-13d3605cdf03\" rel=\"nofollow noopener\" target=\"_blank\">Paulina Krupi\u0144ska pozna\u0142a Donalda Trumpa. &#8222;Jak dowiedzia\u0142 si\u0119, \u017ce jestem z Polski&#8230;&#8221;<\/a><\/p>\n<p class=\"article-p\" data-section=\"detail-body\"><a href=\"https:\/\/ludzie.fakt.pl\/karygodne-zachowanie-krupinska-ujawnia-jak-ja-zwyzywano-na-ulicy\/s7p0d1k\" id=\"336984f8-6eca-4698-b30e-48e3bc6f8582\" rel=\"nofollow noopener\" target=\"_blank\">Paulina Krupi\u0144ska zwyzywana na ulicy! Jest za\u0142amana. &#8222;Wszyscy sko\u0144czymy w tym samym miejscu&#8221;<\/a><\/p>\n<p class=\"article-p\" data-section=\"detail-body\"><a href=\"https:\/\/ludzie.fakt.pl\/jaroslaw-kuzniar-wrocil-do-dzien-dobry-tvn-widzowie-wydali-werdykt\/3l6m7p4\" id=\"3d0389d5-3de1-4897-a105-8743a3640ddc\" rel=\"nofollow noopener\" target=\"_blank\">Jaros\u0142aw Ku\u017aniar wr\u00f3ci\u0142 do &#8222;Dzie\u0144 dobry TVN&#8221;. Widzowie zgodni jak nigdy<\/a><\/p>\n","protected":false},"excerpt":{"rendered":"Paulina Krupi\u0144ska od lat przyci\u0105ga uwag\u0119 swoj\u0105 nienagann\u0105 urod\u0105 i ciemnymi w\u0142osami, kt\u00f3re sta\u0142y si\u0119 jej znakiem rozpoznawczym.&hellip;\n","protected":false},"author":2,"featured_media":92743,"comment_status":"","ping_status":"","sticky":false,"template":"","format":"standard","meta":{"footnotes":""},"categories":[22],"tags":[122,42,38,40,39,41,123],"class_list":{"0":"post-92742","1":"post","2":"type-post","3":"status-publish","4":"format-standard","5":"has-post-thumbnail","7":"category-rozrywka","8":"tag-entertainment","9":"tag-pl","10":"tag-poland","11":"tag-polish","12":"tag-polska","13":"tag-polski","14":"tag-rozrywka"},"share_on_mastodon":{"url":"https:\/\/pubeurope.com\/@pl\/115519751678982689","error":""},"_links":{"self":[{"href":"https:\/\/www.europesays.com\/pl\/wp-json\/wp\/v2\/posts\/92742","targetHints":{"allow":["GET"]}}],"collection":[{"href":"https:\/\/www.europesays.com\/pl\/wp-json\/wp\/v2\/posts"}],"about":[{"href":"https:\/\/www.europesays.com\/pl\/wp-json\/wp\/v2\/types\/post"}],"author":[{"embeddable":true,"href":"https:\/\/www.europesays.com\/pl\/wp-json\/wp\/v2\/users\/2"}],"replies":[{"embeddable":true,"href":"https:\/\/www.europesays.com\/pl\/wp-json\/wp\/v2\/comments?post=92742"}],"version-history":[{"count":0,"href":"https:\/\/www.europesays.com\/pl\/wp-json\/wp\/v2\/posts\/92742\/revisions"}],"wp:featuredmedia":[{"embeddable":true,"href":"https:\/\/www.europesays.com\/pl\/wp-json\/wp\/v2\/media\/92743"}],"wp:attachment":[{"href":"https:\/\/www.europesays.com\/pl\/wp-json\/wp\/v2\/media?parent=92742"}],"wp:term":[{"taxonomy":"category","embeddable":true,"href":"https:\/\/www.europesays.com\/pl\/wp-json\/wp\/v2\/categories?post=92742"},{"taxonomy":"post_tag","embeddable":true,"href":"https:\/\/www.europesays.com\/pl\/wp-json\/wp\/v2\/tags?post=92742"}],"curies":[{"name":"wp","href":"https:\/\/api.w.org\/{rel}","templated":true}]}}