{"id":92752,"date":"2025-11-09T12:41:09","date_gmt":"2025-11-09T12:41:09","guid":{"rendered":"https:\/\/www.europesays.com\/pl\/92752\/"},"modified":"2025-11-09T12:41:09","modified_gmt":"2025-11-09T12:41:09","slug":"orlen-odpowiedzial-jaroslawowi-kaczynskiemu-na-to-oswiadczenie-zareagowal-daniel-obajtek","status":"publish","type":"post","link":"https:\/\/www.europesays.com\/pl\/92752\/","title":{"rendered":"Orlen odpowiedzia\u0142 Jaros\u0142awowi Kaczy\u0144skiemu. Na to o\u015bwiadczenie zareagowa\u0142 Daniel Obajtek"},"content":{"rendered":"<p>Dlaczego o tym piszemy?<\/p>\n<p>Prezes Prawa i Sprawiedliwo\u015bci Jaros\u0142aw Kaczy\u0144ski opublikowa\u0142 apel o wsparcie dla by\u0142ego prezesa Orlenu, obecnie europos\u0142a PiS Daniela Obajtka, kt\u00f3ry 12 listopada ma by\u0107 przes\u0142uchany przez Prokuratur\u0119 Regionaln\u0105 w Warszawie.<\/p>\n<p class=\"Paragraph_desktopParagraph__U31Gm\">Obajtek zosta\u0142 wezwany na ten dzie\u0144 przez prokuratur\u0119 pod koniec pa\u017adziernika \u2014 na przes\u0142uchanie w sprawie zlecenia przez Orlen za jego prezesury us\u0142ug detektywistycznych, kt\u00f3re mia\u0142y by\u0107 realizowane wzgl\u0119dem polityk\u00f3w \u00f3wczesnej opozycji. Wcze\u015bniej Parlament Europejski \u2014 na wniosek ministra sprawiedliwo\u015bci, prokuratora generalnego \u2014 uchyli\u0142 mu immunitet w zwi\u0105zku z t\u0105 spraw\u0105.<\/p>\n<p>Orlen odpowiada prezesowi PiS <\/p>\n<p class=\"Paragraph_desktopParagraph__U31Gm\">Na wpis prezesa PiS zareagowa\u0142o, w serwisie X, biuro prasowe Orlenu, wyja\u015bniaj\u0105c, \u017ce Obajtek &#8222;nie jest atakowany za tworzenie koncernu multienergetycznego&#8221;.<\/p>\n<p class=\"Paragraph_desktopParagraph__U31Gm\">&#8222;Wyja\u015bnienia, tak\u017ce wobec akcjonariuszy, wymagaj\u0105 bardzo konkretne sprawy jak: \u2014 14 mld z\u0142 zmarnotrawione w b\u0142\u0119dnie zaplanowanej inwestycji w Olefiny; \u2014 3,5 mld z\u0142 strat w przedwyborczej \u00bbepidemii awarii dystrybutor\u00f3w\u00ab, kt\u00f3ra zagrozi\u0142a bezpiecze\u0144stwu energetycznemu Polski; \u2014 1,6 mld z\u0142 przekazane tajemniczym (rzekomym) po\u015brednikom handlu rop\u0105; \u2014 wykorzystywanie \u015brodk\u00f3w sp\u00f3\u0142ki na prywatne cele. To wszystko wida\u0107 by\u0142o w kondycji sp\u00f3\u0142ki. Po uporz\u0105dkowaniu sytuacji warto\u015b\u0107 ORLENu uros\u0142a od momentu odej\u015bcia wspomnianego managera o oko\u0142o 40 mld z\u0142&#8221; \u2014 poda\u0142o biuro prasowe koncernu.<\/p>\n<ul class=\"OchatFollowUps_wrapper__1ry7X\">\n<li class=\"OchatFollowUps_item__Dhyly OchatFollowUps_itemDesktop__R6aBv\">Dlaczego Daniel Obajtek ma by\u0107 przes\u0142uchany?<\/li>\n<li class=\"OchatFollowUps_item__Dhyly OchatFollowUps_itemDesktop__R6aBv\">Jakie inwestycje Orlen by\u0142y krytykowane?<\/li>\n<li class=\"OchatFollowUps_item__Dhyly OchatFollowUps_itemDesktop__R6aBv\">Co powiedzia\u0142 Obajtek w odpowiedzi na wpis Orlenu?<\/li>\n<li class=\"OchatFollowUps_item__Dhyly OchatFollowUps_itemDesktop__R6aBv\">Jakie zarzuty dotycz\u0105 wsp\u00f3\u0142pracy z firm\u0105 detektywistyczn\u0105?<\/li>\n<\/ul>\n<p>Daniel Obajtek reaguje na wpis Orlenu <\/p>\n<p class=\"Paragraph_desktopParagraph__U31Gm\">Na to z kolei zareagowa\u0142 Daniel Obajtek, kt\u00f3ry sprostowa\u0142, \u017ce nie chodzi o sprawy wymieniowe we wpisie Orlenu.<\/p>\n<p class=\"Paragraph_desktopParagraph__U31Gm\">&#8222;Pr\u00f3bujecie poprawia\u0107 Pana Prezesa, a sami nie wiecie, czego dotyczy sprawa. Skoro nie odrobili\u015bcie tej lekcji, to uchylenie immunitetu, a teraz wezwanie dotyczy rzekomego braku kontroli cel\u00f3w i zakresu wykonywanych us\u0142ug przez firm\u0119 detektywistyczn\u0105, kt\u00f3ra by\u0142a zatrudniona w kluczowym dla Orlenu momencie (po\u0142\u0105czenie Orlenu z Lotosem) i kt\u00f3ra bada\u0142a ingerencj\u0119 obcych wp\u0142yw\u00f3w w firmie (w tym powi\u0105zania doradczych firm Sienkiewicza, kt\u00f3re zarobi\u0142y w Orlenie 14 mln z\u0142). Chce si\u0119 mnie rozliczy\u0107 tak\u017ce za wycofanie jednego z numer\u00f3w tygodnika \u00bbNie\u00ab, z obrazoburcz\u0105 ok\u0142adk\u0105 obra\u017caj\u0105c\u0105 JPII i uczucia katolik\u00f3w&#8221; \u2014 napisa\u0142 na X.<\/p>\n<p class=\"Paragraph_desktopParagraph__U31Gm\">Czytaj wi\u0119cej:<\/p>\n","protected":false},"excerpt":{"rendered":"Dlaczego o tym piszemy? Prezes Prawa i Sprawiedliwo\u015bci Jaros\u0142aw Kaczy\u0144ski opublikowa\u0142 apel o wsparcie dla by\u0142ego prezesa Orlenu,&hellip;\n","protected":false},"author":2,"featured_media":92753,"comment_status":"","ping_status":"","sticky":false,"template":"","format":"standard","meta":{"footnotes":""},"categories":[12],"tags":[32,33,244,4470,36,37,27,422,34,35,28,31,53,25,52,68,51,10771,55,42,38,40,39,41,47,1998,29,30,65,50,26],"class_list":{"0":"post-92752","1":"post","2":"type-post","3":"status-publish","4":"format-standard","5":"has-post-thumbnail","7":"category-polska","8":"tag-breaking-news","9":"tag-breakingnews","10":"tag-ctr_tst","11":"tag-daniel_obajtek_manager_polityk","12":"tag-featured-news","13":"tag-featurednews","14":"tag-headlines","15":"tag-jaroslaw_kaczynski","16":"tag-latest-news","17":"tag-latestnews","18":"tag-naglowki","19":"tag-najwazniejsze-artykuly","20":"tag-new_header","21":"tag-news","22":"tag-onet3","23":"tag-onet3d","24":"tag-onet3d_2i","25":"tag-orlen_firma_pkn_orlen","26":"tag-phx","27":"tag-pl","28":"tag-poland","29":"tag-polish","30":"tag-polska","31":"tag-polski","32":"tag-screening_general","33":"tag-short_news","34":"tag-top-stories","35":"tag-topstories","36":"tag-update_me","37":"tag-v2021","38":"tag-wiadomosci"},"share_on_mastodon":{"url":"https:\/\/pubeurope.com\/@pl\/115519794878267544","error":""},"_links":{"self":[{"href":"https:\/\/www.europesays.com\/pl\/wp-json\/wp\/v2\/posts\/92752","targetHints":{"allow":["GET"]}}],"collection":[{"href":"https:\/\/www.europesays.com\/pl\/wp-json\/wp\/v2\/posts"}],"about":[{"href":"https:\/\/www.europesays.com\/pl\/wp-json\/wp\/v2\/types\/post"}],"author":[{"embeddable":true,"href":"https:\/\/www.europesays.com\/pl\/wp-json\/wp\/v2\/users\/2"}],"replies":[{"embeddable":true,"href":"https:\/\/www.europesays.com\/pl\/wp-json\/wp\/v2\/comments?post=92752"}],"version-history":[{"count":0,"href":"https:\/\/www.europesays.com\/pl\/wp-json\/wp\/v2\/posts\/92752\/revisions"}],"wp:featuredmedia":[{"embeddable":true,"href":"https:\/\/www.europesays.com\/pl\/wp-json\/wp\/v2\/media\/92753"}],"wp:attachment":[{"href":"https:\/\/www.europesays.com\/pl\/wp-json\/wp\/v2\/media?parent=92752"}],"wp:term":[{"taxonomy":"category","embeddable":true,"href":"https:\/\/www.europesays.com\/pl\/wp-json\/wp\/v2\/categories?post=92752"},{"taxonomy":"post_tag","embeddable":true,"href":"https:\/\/www.europesays.com\/pl\/wp-json\/wp\/v2\/tags?post=92752"}],"curies":[{"name":"wp","href":"https:\/\/api.w.org\/{rel}","templated":true}]}}