{"id":92754,"date":"2025-11-09T12:44:16","date_gmt":"2025-11-09T12:44:16","guid":{"rendered":"https:\/\/www.europesays.com\/pl\/92754\/"},"modified":"2025-11-09T12:44:16","modified_gmt":"2025-11-09T12:44:16","slug":"krystian-ochman-wyjawil-tuz-przed-finalem-ttbz-takie-ma-plany","status":"publish","type":"post","link":"https:\/\/www.europesays.com\/pl\/92754\/","title":{"rendered":"Krystian Ochman wyjawi\u0142 tu\u017c przed fina\u0142em &#8222;TTBZ&#8221;. Takie ma plany"},"content":{"rendered":"<p class=\"typography ids-typeset-body ids-typeset-body--preset-large link paragraph ids-paragraph ids-paragraph--default\">Materia\u0142 zawiera linki partner\u00f3w reklamowych<\/p>\n<p class=\"typography ids-typeset-body ids-typeset-body--preset-large link paragraph ids-paragraph ids-paragraph--default\">Za nami ju\u017c 22. edycja &#8222;Twoja twarz brzmi znajomo&#8221;, w kt\u00f3rej wzi\u0105\u0142 udzia\u0142 <a href=\"https:\/\/www.pomponik.pl\/gwiazdy-i-produkcje-krystian-ochman,gsbi,6601\" rel=\"nofollow noopener\" target=\"_blank\">Krystian Ochman<\/a>. Tu\u017c przed zako\u0144czeniem programu piosenkarz udzieli\u0142 wywiadu dla Natalii Bry\u015b z redakcji Pomponika, w kt\u00f3rym podzieli\u0142 si\u0119 swoimi spostrze\u017ceniami z udzia\u0142u w formacie <a href=\"https:\/\/www.pomponik.pl\/gwiazdy-i-produkcje-polsat,gsbi,290\" rel=\"nofollow noopener\" target=\"_blank\">Polsatu<\/a>.<\/p>\n<ul class=\"typography ids-typeset-body ids-typeset-body--preset-small list--article-list ids-list ids-list--unordered ids-list--size-small \" datatype=\"disc\">\n<li class=\"ids-list-item ids-list-item__content brief-list-item\"><a class=\"ids-undecorated-link link ids-link \" data-spons=\"false\" href=\"https:\/\/www.pomponik.pl\/plotki\/news-gorzkie-slowa-ochmana-po-ogloszeniu-blanki-w-the-voice-wytkn,nId,8019521\" rel=\"nofollow noopener\" target=\"_blank\">Gorzkie s\u0142owa Ochmana po og\u0142oszeniu Blanki w &#8222;The Voice&#8221;. Wytkn\u0105\u0142 jej jedno<\/a><\/li>\n<li class=\"ids-list-item ids-list-item__content brief-list-item\"><a class=\"ids-undecorated-link link ids-link \" data-spons=\"false\" href=\"https:\/\/www.pomponik.pl\/plotki\/news-krystian-ochman-uwielbia-kontakt-z-fanami-jest-jednak-jedno,nId,8017298\" rel=\"nofollow noopener\" target=\"_blank\">Krystian Ochman uwielbia kontakt z fanami. Jest jednak jedno \u201eale\u201d<\/a><\/li>\n<\/ul>\n<p>Krystian Ochman zadowolony z udzia\u0142u w &#8222;Twoja twarz brzmi znajomo&#8221;<\/p>\n<p class=\"typography ids-typeset-body ids-typeset-body--preset-large link paragraph ids-paragraph ids-paragraph--default\">Krystian Ochman nie ma w\u0105tpliwo\u015bci &#8211; przygoda w <a href=\"https:\/\/www.pomponik.pl\/gwiazdy-i-produkcje-twoja-twarz-brzmi-znajomo,gsbi,284\" rel=\"nofollow noopener\" target=\"_blank\">&#8222;Twoja twarz brzmi znajomo&#8221;<\/a> pozostawi\u0142a w nim wiele pozytywnych odczu\u0107.<\/p>\n<p class=\"typography ids-typeset-body ids-typeset-body--preset-large link paragraph ids-paragraph ids-paragraph--default\">&#8222;Bardzo pozytywne odczucia. Jeszcze to nie koniec, jeste\u015bmy pod koniec, nie odczuwam tej t\u0119sknoty, dop\u00f3ki nie sko\u0144czymy&#8221; &#8211; wyjawi\u0142 tu\u017c przed fina\u0142em Krystian Ochman.<\/p>\n<p class=\"typography ids-typeset-body ids-typeset-body--preset-large link paragraph ids-paragraph ids-paragraph--default\">Czy wokalista s\u0142ucha\u0142 ka\u017cdego swojego wykonania w programie, a potem je analizowa\u0142? Cho\u0107 na og\u00f3\u0142 &#8211; w przypadku swoich koncert\u00f3w &#8211; tak robi, to w &#8222;Twoja twarz brzmi znajomo&#8221; Ochman pozwoli\u0142 sobie na nieco wi\u0119cej luzu.<\/p>\n<p class=\"typography ids-typeset-body ids-typeset-body--preset-large link paragraph ids-paragraph ids-paragraph--default\">&#8222;Nikt nie jest idealny, chcia\u0142bym by\u0107. Robi\u0119 wszystko, \u017ceby by\u0142o lepiej, ale nie lubi\u0119 s\u0142ucha\u0107 swojego g\u0142osu.\u00a0Tu jest inna sytuacja, bo jak mam sw\u00f3j repertuar na koncertach, to s\u0142ucham i wracam, \u017ceby by\u0142o lepiej. A tu raczej tego nie powt\u00f3rz\u0119\u2026&#8221; &#8211; m\u00f3wi\u0142.<\/p>\n<p class=\"typography ids-typeset-body ids-typeset-body--preset-large link paragraph ids-paragraph ids-paragraph--default\">Jak zmieni\u0142 si\u0119 Krystian Ochman po uczestnictwie w &#8222;Twoja twarz brzmi znajomo&#8221;?<\/p>\n<p class=\"typography ids-typeset-body ids-typeset-body--preset-large link paragraph ids-paragraph ids-paragraph--default\">&#8222;Na pewno troch\u0119 schud\u0142em, ale poza tym to my\u015bl\u0119, \u017ce jestem taki sam, jak by\u0142em na pocz\u0105tku.\u00a0Zmiana jest dobr\u0105 rzecz\u0105, ale nie musz\u0119 jeszcze si\u0119 zmienia\u0107. Nie wiem, jak to powiedzie\u0107&#8221; &#8211; wyjawi\u0142 gwiazdor Eurowizji.<\/p>\n<p>Basia Bursztynowicz o odpadni\u0119ciu. Czy ma \u017cal do Pavlovi\u0107 za niskie noty?pomponik.pl<\/p>\n<p>Krystian Ochman o planach na przysz\u0142o\u015b\u0107<\/p>\n<p class=\"typography ids-typeset-body ids-typeset-body--preset-large link paragraph ids-paragraph ids-paragraph--default\">Ochman uchyli\u0142 te\u017c r\u0105bka tajemnicy ws. swoich najbli\u017cszych plan\u00f3w. Wspomnia\u0142 o nowej p\u0142ycie, jak i koncertach z dziadkiem.<\/p>\n<p class=\"typography ids-typeset-body ids-typeset-body--preset-large link paragraph ids-paragraph ids-paragraph--default\">Przypomnijmy, \u017ce dziadkiem gwiazdora Eurowizji jest \u015bpiewak operowy Wies\u0142aw Ochman.<\/p>\n<p class=\"typography ids-typeset-body ids-typeset-body--preset-large link paragraph ids-paragraph ids-paragraph--default\">&#8222;Robimy czwart\u0105 p\u0142yt\u0119. Koncerty z dziadkiem, klubowe pod koniec roku. To b\u0119dzie dobra (p\u0142yta &#8211; red.), inny styl.\u00a0Takie s\u0105 plany. Na wakacje to mo\u017ce do Hiszpanii&#8230;&#8221; &#8211; m\u00f3wi\u0142.<\/p>\n<p class=\"typography ids-typeset-body ids-typeset-body--preset-large link paragraph ids-paragraph ids-paragraph--default\">A co z telewizj\u0105? Krystian Ochman na razie robi sobie przerw\u0119 od program\u00f3w rozrywkowych, ale pozostaje otwarty na jedn\u0105 mo\u017cliwo\u015b\u0107.<\/p>\n<blockquote role=\"blockquote\" class=\"quote ids-quote ids-quote--nosurface--short--medium\"><p>&#8222;By\u0142em w wystarczaj\u0105cej ilo\u015bci program\u00f3w, telewizja jest fajna, ale musi by\u0107 moment, w kt\u00f3rym si\u0119 \u017cegna na chwil\u0119. Mam nadziej\u0119, \u017ce kto\u015b si\u0119 odezwie z kwesti\u0105 pracy zwi\u0105zanej z aktorstwem, to na pewno to wezm\u0119&#8221; &#8211; wyjawi\u0142 dla Pomponika.<\/p><\/blockquote>\n<p class=\"typography ids-typeset-body ids-typeset-body--preset-large link paragraph ids-paragraph ids-paragraph--default\"><a href=\"https:\/\/polsatboxgo.pl\/kolekcja\/929?ktw=eyJhbGciOiJIUzI1NiJ9.WzUzLDMwOSwxNF0.W42tScCE-wMnNstWKZTQnFtyUrVZdk6I9i1MEQYKGgQ\" target=\"_blank\" rel=\"nofollow noopener\">Ogl\u0105daj &#8222;Twoja twarz brzmi znajomo&#8221; w Polsat Box Go.<\/a><\/p>\n<p>Czytaj tak\u017ce:<a id=\"a-img\" class=\"hl-6\"><img class=\"hl-8\"\/><\/a><a id=\"a-main\" class=\"hl-9\"\/>Halo! Wejd\u017a na <a id=\"halo-text-a\" href=\"https:\/\/halotu.polsat.pl#parametr=link_halo\" rel=\"nofollow noopener\" target=\"_blank\">halotu.polsat.pl<\/a> i nie przegap naj\u015bwie\u017cszych informacji z poranka w Polsacie.<\/p>\n<p class=\"typography ids-typeset-body ids-typeset-body--preset-large link paragraph ids-paragraph ids-paragraph--default\">Materia\u0142 zawiera\u0142 linki partner\u00f3w reklamowych<\/p>\n","protected":false},"excerpt":{"rendered":"Materia\u0142 zawiera linki partner\u00f3w reklamowych Za nami ju\u017c 22. edycja &#8222;Twoja twarz brzmi znajomo&#8221;, w kt\u00f3rej wzi\u0105\u0142 udzia\u0142&hellip;\n","protected":false},"author":2,"featured_media":92755,"comment_status":"","ping_status":"","sticky":false,"template":"","format":"standard","meta":{"footnotes":""},"categories":[22],"tags":[122,42,38,40,39,41,123],"class_list":{"0":"post-92754","1":"post","2":"type-post","3":"status-publish","4":"format-standard","5":"has-post-thumbnail","7":"category-rozrywka","8":"tag-entertainment","9":"tag-pl","10":"tag-poland","11":"tag-polish","12":"tag-polska","13":"tag-polski","14":"tag-rozrywka"},"share_on_mastodon":{"url":"https:\/\/pubeurope.com\/@pl\/115519806718350143","error":""},"_links":{"self":[{"href":"https:\/\/www.europesays.com\/pl\/wp-json\/wp\/v2\/posts\/92754","targetHints":{"allow":["GET"]}}],"collection":[{"href":"https:\/\/www.europesays.com\/pl\/wp-json\/wp\/v2\/posts"}],"about":[{"href":"https:\/\/www.europesays.com\/pl\/wp-json\/wp\/v2\/types\/post"}],"author":[{"embeddable":true,"href":"https:\/\/www.europesays.com\/pl\/wp-json\/wp\/v2\/users\/2"}],"replies":[{"embeddable":true,"href":"https:\/\/www.europesays.com\/pl\/wp-json\/wp\/v2\/comments?post=92754"}],"version-history":[{"count":0,"href":"https:\/\/www.europesays.com\/pl\/wp-json\/wp\/v2\/posts\/92754\/revisions"}],"wp:featuredmedia":[{"embeddable":true,"href":"https:\/\/www.europesays.com\/pl\/wp-json\/wp\/v2\/media\/92755"}],"wp:attachment":[{"href":"https:\/\/www.europesays.com\/pl\/wp-json\/wp\/v2\/media?parent=92754"}],"wp:term":[{"taxonomy":"category","embeddable":true,"href":"https:\/\/www.europesays.com\/pl\/wp-json\/wp\/v2\/categories?post=92754"},{"taxonomy":"post_tag","embeddable":true,"href":"https:\/\/www.europesays.com\/pl\/wp-json\/wp\/v2\/tags?post=92754"}],"curies":[{"name":"wp","href":"https:\/\/api.w.org\/{rel}","templated":true}]}}