{"id":92851,"date":"2025-11-09T14:01:14","date_gmt":"2025-11-09T14:01:14","guid":{"rendered":"https:\/\/www.europesays.com\/pl\/92851\/"},"modified":"2025-11-09T14:01:14","modified_gmt":"2025-11-09T14:01:14","slug":"nobu-hotel-warsaw-obchodzi-piec-lat-robert-de-niro-i-wspolzalozyciele-w-polsce","status":"publish","type":"post","link":"https:\/\/www.europesays.com\/pl\/92851\/","title":{"rendered":"Nobu Hotel Warsaw obchodzi pi\u0119\u0107 lat. Robert De Niro i wsp\u00f3\u0142za\u0142o\u017cyciele w Polsce"},"content":{"rendered":"<p data-section=\"detail-body\">Organizatorzy wydarzenia poprosili media, by nie odnosi\u0142y si\u0119 do kariery aktorskiej Roberta De Niro, jednak jego obecno\u015b\u0107 by\u0142a bez w\u0105tpienia jednym z najwa\u017cniejszych akcent\u00f3w jubileuszu.<\/p>\n<p class=\"article_p\" data-section=\"detail-body\">Podczas spotkania z mediami De Niro wspomina\u0142 swoj\u0105 wizyt\u0119 w Polsce sprzed ponad 30 lat i podkre\u015bla\u0142, \u017ce Warszawa i zmiany, jakie w niej zasz\u0142y, zrobi\u0142y na nim du\u017ce wra\u017cenie.<\/p>\n<p>                    <img decoding=\"async\" loading=\"lazy\" class=\"article-image_container--img\" id=\"image_8f7bbe9c-e778-446b-8479-17d04df78f7b\" alt=\"Przed rozpocz\u0119ciem konferencji prasowej\" src=\"https:\/\/www.europesays.com\/pl\/wp-content\/uploads\/2025\/11\/Ge4k9kpTURBXy9jMTQ5ODBmOTg4ZWU5NDVkZWE4MTc5ZDBlMjA1YjkwMS5qcGeRkwLNA5gA3gACoTABoTEB.jpeg\"\/><\/p>\n<p>            Przed rozpocz\u0119ciem konferencji prasowej<\/p>\n<p>                    |<br \/>\n                    Anna Kor\u00f3lczyk-Lewandowska \/ Business Insider<\/p>\n<p class=\"article_p\" data-section=\"detail-body\">Zobacz tak\u017ce: <a href=\"https:\/\/businessinsider.com.pl\/wiadomosci\/najbardziej-znana-uciekinierka-z-korei-polnocnej-zazdroscilismy-polakom\/qwd3ezx\" id=\"70e8c2e0-9f9c-4e9e-aa5d-432e1ef94afc\" rel=\"nofollow noopener\" target=\"_blank\">Najbardziej znana uciekinierka z Korei P\u00f3\u0142nocnej: zazdro\u015bcili\u015bmy Polakom<\/a><\/p>\n<p class=\"article_p\" data-section=\"detail-body\">Go\u015bci powitano w tradycyjny spos\u00f3b \u2014 chlebem ze \u015bledziem i kieliszkiem polskiej w\u00f3dki. Ka\u017cdy z za\u0142o\u017cycieli otrzyma\u0142 tak\u017ce spersonalizowany talerz z Zak\u0142ad\u00f3w Ceramicznych Boles\u0142awiec. Meir Teper m\u00f3wi\u0142 o swoich polskich korzeniach i o tym, jak bardzo zmieni\u0142 si\u0119 kraj w ci\u0105gu ostatnich dekad.<\/p>\n<p>            Czytaj tak\u017ce w BUSINESS INSIDER<\/p>\n<p class=\"article_p\" data-section=\"detail-body\">Chef Nobu zdradzi\u0142, \u017ce inspiruje si\u0119 lokalnymi produktami w swoich kulinarnych podr\u00f3\u017cach, a ulubionym daniem Roberta De Niro jest czarny dorsz \u2014 jedna z popisowych potraw serwowanych w restauracjach Nobu.<\/p>\n<p>                    <img decoding=\"async\" loading=\"lazy\" class=\"article-image_container--img\" id=\"image_dea76c1e-4835-467c-950f-79a07d6eacc0\" alt=\"Za\u0142o\u017cyciele Nobu otrzymali spersonalizowane talerze z Zak\u0142ad\u00f3w Ceramicznych Boles\u0142awiec\" src=\"https:\/\/www.europesays.com\/pl\/wp-content\/uploads\/2025\/11\/t0Ek9kpTURBXy81OGY4ZDYzMjU5YmU2NDNlYTU5NmQ5ZTRlNzZjNmZjMy5qcGeRkwLNA5gA3gACoTABoTEB.jpeg\"\/><\/p>\n<p>            Za\u0142o\u017cyciele Nobu otrzymali spersonalizowane talerze z Zak\u0142ad\u00f3w Ceramicznych Boles\u0142awiec<\/p>\n<p>                    |<br \/>\n                    Dominik Czerny \/ Nobu Hotel Warsaw<\/p>\n<p class=\"article_p\" data-section=\"detail-body\">Czytaj te\u017c: <a href=\"https:\/\/businessinsider.com.pl\/nieruchomosci\/pierwszy-zeroemisyjny-biurowiec-w-polsce-poznan-rozpoczyna-przelom-na-rynku\/p4t4gwr\" id=\"49f068c8-7f98-41be-8f8d-360b9cf97cde\" rel=\"nofollow noopener\" target=\"_blank\">Pierwszy zeroemisyjny biurowiec w Polsce. Pozna\u0144 rozpoczyna prze\u0142om na rynku<\/a><\/p>\n<p class=\"article_p\" data-section=\"detail-body\">Wiecz\u00f3r u\u015bwietni\u0142 wyst\u0119p Tony&#8217;ego Yike Yanga, najm\u0142odszego laureata w historii Konkursu Chopinowskiego (5. miejsce w 2015 r.). Kulminacyjnym momentem by\u0142a ceremonia sake (Kagami Biraki) \u2014 tradycyjny rytua\u0142, podczas kt\u00f3rego za\u0142o\u017cyciele wsp\u00f3lnie otworzyli beczk\u0119 sake, zapraszaj\u0105c go\u015bci do symbolicznego \u015bwi\u0119towania nowego rozdzia\u0142u w historii Nobu Warsaw.<\/p>\n<p class=\"article_p\" data-section=\"detail-body\">Po ceremonii go\u015bcie zasiedli do kolacji Omakase, przygotowanej osobi\u015bcie przez Chefa Nobu Matsuhis\u0119, kt\u00f3ry podchodzi\u0142 do stolik\u00f3w, rozmawia\u0142 z go\u015b\u0107mi i obserwowa\u0142 ich reakcje \u2014 zgodnie ze swoj\u0105 filozofi\u0105, \u017ce kuchnia to nie tylko smak, ale tak\u017ce relacja.<\/p>\n<p>                    <img decoding=\"async\" loading=\"lazy\" class=\"article-image_container--img\" id=\"image_3169dba8-6dc4-42b6-b64c-b2f603da6d33\" alt=\"Kulminacyjnym momentem by\u0142a ceremonia sake \u2013 rytua\u0142, podczas kt\u00f3rego za\u0142o\u017cyciele otworzyli beczk\u0119 sake\" src=\"https:\/\/www.europesays.com\/pl\/wp-content\/uploads\/2025\/11\/HFLk9kqTURBXy84ZTViN2IyNTM1MzRhYjk0MzQyYjJhYjg0NTE3MmFmNS5qcGVnkZMCzQOYAN4AAqEwAaExAQ.jpeg\"\/><\/p>\n<p>            Kulminacyjnym momentem by\u0142a ceremonia sake \u2013 rytua\u0142, podczas kt\u00f3rego za\u0142o\u017cyciele otworzyli beczk\u0119 sake<\/p>\n<p>                    |<br \/>\n                    Dominik Czerny \/ Nobu Hotel Warsaw<\/p>\n<p>        Nobu Hotel Warsaw \u2014 pi\u0119\u0107 lat w sercu miasta<\/p>\n<p class=\"article_p\" data-section=\"detail-body\">Hotel Nobu Warsaw mie\u015bci si\u0119 przy ul. Wilczej i jest pierwszym obiektem tej sieci w Europie \u015arodkowo-Wschodniej. Otwarty w 2020 roku, oferuje 117 pokoi i apartament\u00f3w, w tym przestronne suites z widokiem na miasto. W obiekcie znajduje si\u0119 restauracja Nobu, bar, strefa fitness, a tak\u017ce sale konferencyjne i przestrzenie eventowe. Design hotelu \u0142\u0105czy modernistyczn\u0105 architektur\u0119 z elementami japo\u0144skiego minimalizmu.<\/p>\n<p>                    <img decoding=\"async\" loading=\"lazy\" class=\"article-image_container--img\" id=\"image_0ab246a5-5fde-4e05-9101-f42b65589cfa\" alt=\"Podczas konferencji prasowej przedstawiciele marki przyznali, \u017ce rozwa\u017caj\u0105 kolejne lokalizacje w Polsce\" src=\"https:\/\/www.europesays.com\/pl\/wp-content\/uploads\/2025\/11\/jm6k9kpTURBXy84YWU2ODE5MjllY2MzYmQzMGJlNTEwYzIwYzg0YzI2Ni5qcGeRkwLNA5gA3gACoTABoTEB.jpeg\"\/><\/p>\n<p>            Podczas konferencji prasowej przedstawiciele marki przyznali, \u017ce rozwa\u017caj\u0105 kolejne lokalizacje w Polsce<\/p>\n<p>                    |<br \/>\n                    Dominik Czerny \/ Nobu Hotel Warsaw<\/p>\n<p>                    <img decoding=\"async\" loading=\"lazy\" class=\"article-image_container--img\" id=\"image_ee292cde-ef1f-4e0f-a9e7-0a058e751f43\" alt=\"Robert De Niro z dziennikark\u0105 Business Insider Polska, Ann\u0105 Kor\u00f3lczyk-Lewandowsk\u0105\" src=\"https:\/\/www.europesays.com\/pl\/wp-content\/uploads\/2025\/11\/xBXk9kpTURBXy9iMjY4Mzc1NWFhZTE1MGU1YWRlMTQwYzA1ODJlODZlOS5qcGeRkwLNA5gA3gACoTABoTEB.jpeg\"\/><\/p>\n<p>            Robert De Niro z dziennikark\u0105 Business Insider Polska, Ann\u0105 Kor\u00f3lczyk-Lewandowsk\u0105<\/p>\n<p>                    |<br \/>\n                    Business Insider<\/p>\n<p class=\"article_p\" data-section=\"detail-body\">Podczas konferencji prasowej przedstawiciele marki przyznali, \u017ce rozwa\u017caj\u0105 kolejne lokalizacje w Polsce, cho\u0107 na razie nie podali szczeg\u00f3\u0142\u00f3w. Wiadomo jednak, \u017ce sukces warszawskiego Nobu sta\u0142 si\u0119 inspiracj\u0105 dla nowej inwestycji \u2014 Nobu Hotel Krak\u00f3w, kt\u00f3ry powstanie w centrum miasta. To w\u0142a\u015bnie tam marka planuje stworzy\u0107 Nobu Cultural District, przestrze\u0144 \u0142\u0105cz\u0105c\u0105 kultur\u0119, sztuk\u0119, kuchni\u0119 i design w jedno do\u015bwiadczenie.<\/p>\n<p class=\"article_p\" data-section=\"detail-body\">Marka Nobu Hospitality, za\u0142o\u017cona przez Chefa Nobu Matsuhis\u0119, Roberta De Niro i Meira Tepera, dzia\u0142a dzi\u015b w ponad 50 restauracjach i blisko 20 hotelach na pi\u0119ciu kontynentach.<\/p>\n","protected":false},"excerpt":{"rendered":"Organizatorzy wydarzenia poprosili media, by nie odnosi\u0142y si\u0119 do kariery aktorskiej Roberta De Niro, jednak jego obecno\u015b\u0107 by\u0142a&hellip;\n","protected":false},"author":2,"featured_media":92852,"comment_status":"","ping_status":"","sticky":false,"template":"","format":"standard","meta":{"footnotes":""},"categories":[22],"tags":[122,42,38,40,39,41,123],"class_list":{"0":"post-92851","1":"post","2":"type-post","3":"status-publish","4":"format-standard","5":"has-post-thumbnail","7":"category-rozrywka","8":"tag-entertainment","9":"tag-pl","10":"tag-poland","11":"tag-polish","12":"tag-polska","13":"tag-polski","14":"tag-rozrywka"},"share_on_mastodon":{"url":"https:\/\/pubeurope.com\/@pl\/115520109645306684","error":""},"_links":{"self":[{"href":"https:\/\/www.europesays.com\/pl\/wp-json\/wp\/v2\/posts\/92851","targetHints":{"allow":["GET"]}}],"collection":[{"href":"https:\/\/www.europesays.com\/pl\/wp-json\/wp\/v2\/posts"}],"about":[{"href":"https:\/\/www.europesays.com\/pl\/wp-json\/wp\/v2\/types\/post"}],"author":[{"embeddable":true,"href":"https:\/\/www.europesays.com\/pl\/wp-json\/wp\/v2\/users\/2"}],"replies":[{"embeddable":true,"href":"https:\/\/www.europesays.com\/pl\/wp-json\/wp\/v2\/comments?post=92851"}],"version-history":[{"count":0,"href":"https:\/\/www.europesays.com\/pl\/wp-json\/wp\/v2\/posts\/92851\/revisions"}],"wp:featuredmedia":[{"embeddable":true,"href":"https:\/\/www.europesays.com\/pl\/wp-json\/wp\/v2\/media\/92852"}],"wp:attachment":[{"href":"https:\/\/www.europesays.com\/pl\/wp-json\/wp\/v2\/media?parent=92851"}],"wp:term":[{"taxonomy":"category","embeddable":true,"href":"https:\/\/www.europesays.com\/pl\/wp-json\/wp\/v2\/categories?post=92851"},{"taxonomy":"post_tag","embeddable":true,"href":"https:\/\/www.europesays.com\/pl\/wp-json\/wp\/v2\/tags?post=92851"}],"curies":[{"name":"wp","href":"https:\/\/api.w.org\/{rel}","templated":true}]}}