{"id":93013,"date":"2025-11-09T15:53:09","date_gmt":"2025-11-09T15:53:09","guid":{"rendered":"https:\/\/www.europesays.com\/pl\/93013\/"},"modified":"2025-11-09T15:53:09","modified_gmt":"2025-11-09T15:53:09","slug":"halina-jablonowska-nie-zyje-pozegnanie-gwiazdy-klanu-na-cmentarzu-czerniakowskim","status":"publish","type":"post","link":"https:\/\/www.europesays.com\/pl\/93013\/","title":{"rendered":"Halina Jab\u0142onowska nie \u017cyje. Po\u017cegnanie gwiazdy &#8222;Klanu&#8221; na Cmentarzu Czerniakowskim"},"content":{"rendered":"<p class=\"article-p\" data-section=\"detail-body\">Halina Jab\u0142onowska swoj\u0105 artystyczn\u0105 przygod\u0119 rozpocz\u0119\u0142a od wyst\u0119pu w kultowych &#8222;Zakazanych piosenkach&#8221;. W teatrze zadebiutowa\u0142a w 1948 r., a sze\u015b\u0107 lat p\u00f3\u017aniej uko\u0144czy\u0142a Pa\u0144stwow\u0105 Wy\u017csz\u0105 Szko\u0142\u0119 Aktorsk\u0105 w Krakowie.<\/p>\n<p>        Kim by\u0142a Halina Jab\u0142onowska?<\/p>\n<p class=\"article-p\" data-section=\"detail-body\">Jej talent mogli\u015bmy podziwia\u0107 zar\u00f3wno na deskach teatr\u00f3w w ca\u0142ej Polsce, jak i na ekranach telewizor\u00f3w. Najwi\u0119ksz\u0105 popularno\u015b\u0107 przynios\u0142a jej rola Gieni, serdecznej przyjaci\u00f3\u0142ki Leokadii w serialu &#8222;Klan&#8221;. Posta\u0107, kt\u00f3r\u0105 stworzy\u0142a, by\u0142a pe\u0142na ciep\u0142a, humoru, a jednocze\u015bnie doskonale oddawa\u0142a samotno\u015b\u0107 senior\u00f3w, z kt\u00f3r\u0105 wielu widz\u00f3w mog\u0142o si\u0119 uto\u017csami\u0107.<\/p>\n<p class=\"article-p\" data-section=\"detail-body\">Ostatni\u0105 rol\u0119 zagra\u0142a w serialu &#8222;Edukacja XD&#8221;, kt\u00f3ry mia\u0142 premier\u0119 w tym roku. Jab\u0142onowska, mimo swojego wieku, do ko\u0144ca pozosta\u0142a aktywna zawodowo. Niestety, w 2015 r. prze\u017cy\u0142a osobist\u0105 tragedi\u0119 \u2014 straci\u0142a swoj\u0105 jedyn\u0105 c\u00f3rk\u0119, kt\u00f3ra zmaga\u0142a si\u0119 z powa\u017cn\u0105 chorob\u0105.<\/p>\n<p>        Ostatni wywiad Haliny Jab\u0142onowskiej<\/p>\n<p class=\"article-p\" data-section=\"detail-body\">Jeszcze w tym roku Halina Jab\u0142onowska, maj\u0105c niespe\u0142na 92 lata, udzieli\u0142a wywiadu dla &#8222;Super Expressu&#8221;. Aktorka opowiada\u0142a, jak wielk\u0105 rado\u015b\u0107 daje jej praca przed kamer\u0105. \u2014 Danuta Szaflarska nie wyobra\u017ca\u0142a sobie \u017cycia bez teatru, a ja to tak samo widz\u0119. Bardzo du\u017co jest seriali i film\u00f3w, w kt\u00f3rych gram. Zdarza mi si\u0119 to bardzo cz\u0119sto i z ka\u017cdej roli si\u0119 bardzo ciesz\u0119 \u2014 m\u00f3wi\u0142a z entuzjazmem.<\/p>\n<p class=\"article-p\" data-section=\"detail-body\">Podkre\u015bla\u0142a, \u017ce to w\u0142a\u015bnie aktorstwo trzyma j\u0105 w formie. \u2014 Jak czasami nie mam propozycji, co zdarza si\u0119 rzadko, to od razu czuj\u0119, \u017ce co\u015b mnie boli, co\u015b mnie d\u017aga. A praca w zawodzie mi pomaga. Na 92. urodziny poprosz\u0119 o zdrowie i dobr\u0105 rol\u0119. Oby mog\u0142a gra\u0107 jak najd\u0142u\u017cej, bo to mnie trzyma \u2014 wyzna\u0142a.<\/p>\n<p>        \u017bycie w Skolimowie i ostatnie po\u017cegnanie Haliny Jab\u0142onowskiej<\/p>\n<p class=\"article-p\" data-section=\"detail-body\">Ostatnie lata swojego \u017cycia Halina Jab\u0142onowska sp\u0119dzi\u0142a w Domu Artyst\u00f3w Weteran\u00f3w Scen Polskich w Skolimowie. To w\u0142a\u015bnie przedstawiciele o\u015brodka potwierdzili smutne informacje o jej \u015bmierci. Pogrzeb aktorki odby\u0142 si\u0119 7 listopada 2025 r. na warszawskim Cmentarzu Czerniakowskim.<\/p>\n<p class=\"article-p\" data-section=\"detail-body\"><a href=\"https:\/\/ludzie.fakt.pl\/tlumy-przy-grobie-joanny-kolaczkowskiej-na-mogile-pojawilo-sie-cos-wyjatkowego\/sdpjnp3\" id=\"fc7408cc-ff44-4a09-a374-393521c22722\" rel=\"nofollow noopener\" target=\"_blank\">Tak fani Joanny Ko\u0142aczkowskiej oddaj\u0105 jej ho\u0142d. Na grobie pojawiaj\u0105 si\u0119 zaskakuj\u0105ce pami\u0105tki<\/a><\/p>\n<p class=\"article-p\" data-section=\"detail-body\"><a href=\"https:\/\/ludzie.fakt.pl\/tak-w-mlodosci-wygladala-barbara-bursztynowicz-od-zawsze-zachwycala-uroda\/ghscn62\" id=\"1d845e78-ecac-42c5-a2c8-829cc64b0d56\" rel=\"nofollow noopener\" target=\"_blank\">Tak w m\u0142odo\u015bci wygl\u0105da\u0142a Barbara Bursztynowicz. Od zawsze zachwyca\u0142a urod\u0105<\/a><\/p>\n<p class=\"article-p\" data-section=\"detail-body\"><a href=\"https:\/\/ludzie.fakt.pl\/80-letni-jerzy-zelnik-dorabia-do-emerytury-szkoda-mi-strzepic-jezyka\/1p9xgrz\" id=\"9fb25bda-ba1b-40d6-9293-270cae76fcbc\" rel=\"nofollow noopener\" target=\"_blank\">Skromne \u017cycie 80-letniego Jerzego Zelnika. &#8222;Je\u017cd\u017c\u0119 starym autem. Nie mam wymaga\u0144&#8221;. M\u00f3wi wprost o emeryturze<\/a><\/p>\n<p>        \/1<\/p>\n<p>                    <img decoding=\"async\" class=\"article-image-img\" loading=\"lazy\" alt=\"\" src=\"https:\/\/www.europesays.com\/pl\/wp-content\/uploads\/2025\/11\/phJk9kuTURBXy8yNWM1MTVlYy0wMjJlLTQ3ZmUtOTE4Ny01YzE3Yzk2YTE0NGQuanBlZ5GTAs0DSM0B294AAqEwAaExAQ.jpeg\" width=\"840\" height=\"475\"\/><\/p>\n<p>                  @klan.serial \/ Instagram<\/p>\n<p class=\"article-gallery-p\">\n        Halina Jab\u0142onowska ma\u0142a 94 lata.\n    <\/p>\n","protected":false},"excerpt":{"rendered":"Halina Jab\u0142onowska swoj\u0105 artystyczn\u0105 przygod\u0119 rozpocz\u0119\u0142a od wyst\u0119pu w kultowych &#8222;Zakazanych piosenkach&#8221;. W teatrze zadebiutowa\u0142a w 1948 r.,&hellip;\n","protected":false},"author":2,"featured_media":93014,"comment_status":"","ping_status":"","sticky":false,"template":"","format":"standard","meta":{"footnotes":""},"categories":[22],"tags":[122,42,38,40,39,41,123],"class_list":{"0":"post-93013","1":"post","2":"type-post","3":"status-publish","4":"format-standard","5":"has-post-thumbnail","7":"category-rozrywka","8":"tag-entertainment","9":"tag-pl","10":"tag-poland","11":"tag-polish","12":"tag-polska","13":"tag-polski","14":"tag-rozrywka"},"share_on_mastodon":{"url":"https:\/\/pubeurope.com\/@pl\/115520549920427189","error":""},"_links":{"self":[{"href":"https:\/\/www.europesays.com\/pl\/wp-json\/wp\/v2\/posts\/93013","targetHints":{"allow":["GET"]}}],"collection":[{"href":"https:\/\/www.europesays.com\/pl\/wp-json\/wp\/v2\/posts"}],"about":[{"href":"https:\/\/www.europesays.com\/pl\/wp-json\/wp\/v2\/types\/post"}],"author":[{"embeddable":true,"href":"https:\/\/www.europesays.com\/pl\/wp-json\/wp\/v2\/users\/2"}],"replies":[{"embeddable":true,"href":"https:\/\/www.europesays.com\/pl\/wp-json\/wp\/v2\/comments?post=93013"}],"version-history":[{"count":0,"href":"https:\/\/www.europesays.com\/pl\/wp-json\/wp\/v2\/posts\/93013\/revisions"}],"wp:featuredmedia":[{"embeddable":true,"href":"https:\/\/www.europesays.com\/pl\/wp-json\/wp\/v2\/media\/93014"}],"wp:attachment":[{"href":"https:\/\/www.europesays.com\/pl\/wp-json\/wp\/v2\/media?parent=93013"}],"wp:term":[{"taxonomy":"category","embeddable":true,"href":"https:\/\/www.europesays.com\/pl\/wp-json\/wp\/v2\/categories?post=93013"},{"taxonomy":"post_tag","embeddable":true,"href":"https:\/\/www.europesays.com\/pl\/wp-json\/wp\/v2\/tags?post=93013"}],"curies":[{"name":"wp","href":"https:\/\/api.w.org\/{rel}","templated":true}]}}