{"id":93120,"date":"2025-11-09T16:59:10","date_gmt":"2025-11-09T16:59:10","guid":{"rendered":"https:\/\/www.europesays.com\/pl\/93120\/"},"modified":"2025-11-09T16:59:10","modified_gmt":"2025-11-09T16:59:10","slug":"ukryta-mobilizacja-w-rosji-ruch-kremla-obnaza-skale-problemow-w-armii-putina-pomocnych-byloby-nawet-10-osob-z-karabinami","status":"publish","type":"post","link":"https:\/\/www.europesays.com\/pl\/93120\/","title":{"rendered":"Ukryta&#8221; mobilizacja w Rosji. Ruch Kremla obna\u017ca skal\u0119 problem\u00f3w w armii Putina. &#8222;Pomocnych by\u0142oby nawet 10 os\u00f3b z karabinami"},"content":{"rendered":"<p>Eksperci twierdz\u0105, \u017ce Kreml prawdopodobnie zwerbuje dodatkowy personel, kt\u00f3ry mo\u017ce zosta\u0107 wykorzystany do wzmocnienia si\u0142 zbrojnych bez konieczno\u015bci przeprowadzania nowej fali mobilizacji, co mog\u0142oby wywo\u0142a\u0107 powszechne niezadowolenie spo\u0142eczne.<\/p>\n<p>\u2014 Nowe przepisy mog\u0105 by\u0107 skierowane do os\u00f3b, kt\u00f3re nie s\u0105 gotowe podpisa\u0107 umowy z Ministerstwem Obrony Rosji, ale s\u0105 sk\u0142onne s\u0142u\u017cy\u0107 przez kr\u00f3tki okres \u2014 powiedzia\u0142 prawnik Aleksiej Taba\u0142ow, szef organizacji pozarz\u0105dowej Szko\u0142a Poborowych zajmuj\u0105cej si\u0119 prawami \u017co\u0142nierzy.<\/p>\n<p>Siergiej Kriwenko, dyrektor organizacji pozarz\u0105dowej Citizen. Army. Rights, powiedzia\u0142 w rozmowie The Moscow Times, \u017ce przepisy wprowadzone przez Putina uwypuklaj\u0105 problemy zwi\u0105zane z rekrutacj\u0105, poniewa\u017c zbyt ma\u0142o \u017co\u0142nierzy kontraktowych zg\u0142asza si\u0119 do s\u0142u\u017cby, aby zast\u0105pi\u0107 straty wojska. Okazuje si\u0119, \u017ce w obecnej sytuacji rezerwi\u015bci mog\u0105 okaza\u0107 si\u0119 ostatni\u0105 desk\u0105 ratunku dla Putina \u2014 ale jedno pytanie sp\u0119dza ekspertom sen z powiek.<\/p>\n<p class=\"ods-c-paragraph \">Chodzi mianowicie o wielko\u015b\u0107 rezerw, kt\u00f3rymi dysponuje obecnie Rosja. W 2015 r. Putin utworzy\u0142 rezerw\u0119 mobilizacyjn\u0105 \u2014 Specjaln\u0105 Rezerw\u0119 Armii Bojowej (BARS). Do rezerwy mog\u0105 przyst\u0105pi\u0107 osoby, kt\u00f3re wcze\u015bniej s\u0142u\u017cy\u0142y w armii i podpisa\u0142y specjaln\u0105 umow\u0119 &#8222;rezerwisty&#8221; z Ministerstwem Obrony Rosji.<\/p>\n<p class=\"ods-c-paragraph \">Osoby te, znane jako rezerwi\u015bci, prowadz\u0105 cywilne \u017cycie i otrzymuj\u0105 skromne miesi\u0119czne wynagrodzenie w wysoko\u015bci do 10 000 rubli (123 dol. lub 451 z\u0142). Chocia\u017c nie s\u0105 oni uwa\u017cani za \u017co\u0142nierzy kontraktowych, <a href=\"https:\/\/wiadomosci.onet.pl\/kraj\/wladimir-putin-podpisal-ustawe-pobor-do-armii-bedzie-trwal-caly-rok\/7rh3z8f\" id=\"f91b85d9-e5bf-4ef5-8dac-bad1589ed429\" rel=\"nofollow noopener\" target=\"_blank\">rezerwi\u015bci s\u0105 zobowi\u0105zani do regularnego uczestnictwa w szkoleniach wojskowych<\/a> w celu utrzymania i aktualizacji swoich umiej\u0119tno\u015bci bojowych. Podczas tych szkole\u0144 pracodawcy rezerwist\u00f3w otrzymuj\u0105 rekompensat\u0119 za nieobecno\u015b\u0107 swoich pracownik\u00f3w.<\/p>\n<p class=\"ods-c-paragraph \">\u0141\u0105czna liczba rezerwist\u00f3w nie jest podawana do wiadomo\u015bci publicznej. Aktywna rekrutacja do rezerwy rozpocz\u0119\u0142a si\u0119 w 2021 r., na kr\u00f3tko przed inwazj\u0105 Rosji na Ukrain\u0119. Wed\u0142ug informacji podanych przez serwis Meduza w tym czasie liczba rezerwist\u00f3w wzros\u0142a z kilku tysi\u0119cy do 100 tys.<\/p>\n<p class=\"ods-c-paragraph \">W pierwszych miesi\u0105cach wojny wielu rezerwist\u00f3w zg\u0142osi\u0142o si\u0119 na ochotnika do walki w ramach tzw. batalion\u00f3w BARS, a nast\u0119pnie podpisa\u0142o umowy wojskowe z Ministerstwem Obrony Rosji.<\/p>\n<p class=\"ods-c-paragraph \">Jak poinformowa\u0142o trzech ochotniczych \u017co\u0142nierzy w wywiadzie dla The Moscow Times w tamtym czasie wst\u0105pienie do BARS by\u0142o r\u00f3wnie\u017c sposobem na wzi\u0119cie udzia\u0142u w walkach dla tych, kt\u00f3rzy nie spe\u0142niali kryteri\u00f3w rekrutacyjnych Ministerstwa Obrony Rosji, poniewa\u017c bataliony te by\u0142y bardziej elastyczne pod wzgl\u0119dem wymaga\u0144 dotycz\u0105cych wieku i stanu zdrowia.<\/p>\n<p class=\"ods-c-paragraph \">W zesz\u0142ym miesi\u0105cu pose\u0142 Aleksiej \u017burawlew, pierwszy wiceprzewodnicz\u0105cy Komisji Obrony Dumy Pa\u0144stwowej, powiedzia\u0142 w rozmowie z rosyjsk\u0105 telewizj\u0105 RTVI, \u017ce w rezerwach Rosji znajduje si\u0119 ok. 2 mln os\u00f3b. Jednak eksperci podali t\u0119 informacj\u0119 w w\u0105tpliwo\u015b\u0107.<\/p>\n<p><img decoding=\"async\" src=\"https:\/\/www.europesays.com\/pl\/wp-content\/uploads\/2025\/11\/iRzk9lBaHR0cHM6Ly9vY2RuLmV1L3B1bHNjbXMvTURBXy8wZWY3ZmVhNDZmMDI0MmVkMDhjOGE1MGIxNjg3ZDVhOC5qcGeRlQLNB.jpeg\" height=\"695\" width=\"940\" alt=\"Rosyjscy ochotnicy przechodz\u0105 szkolenie (zdj. ilustracyjne)\" loading=\"lazy\" class=\"ods-c-image__img ods-c-image__img--viewport-width\"\/><\/p>\n<p>Rosyjscy ochotnicy przechodz\u0105 szkolenie (zdj. ilustracyjne)Vladimir Aleksandrov\/Anadolu Agency via Getty Images \/ Contributor \/ Getty Images<\/p>\n<p class=\"ods-c-paragraph \">\u2014 Liczba rezerwist\u00f3w jest prawdopodobnie stosunkowo niewielka \u2014 powiedzia\u0142 w rozmowie z &#8222;The Moscow Times&#8221; analityk wojskowy Aleksiej Alsza\u0144ski. Jak twierdzi ekspert, wielu z tych, kt\u00f3rzy byli w rezerwie wojskowej, ju\u017c uda\u0142o si\u0119 na front i podpisa\u0142o umowy z Ministerstwem Obrony Rosji.<\/p>\n<p class=\"ods-c-paragraph \">\u2014 Nawet w 2022 r. by\u0142o zbyt ma\u0142o cz\u0142onk\u00f3w BARS, aby m\u00f3wi\u0107 o jakichkolwiek realnych rezerwach dla armii rosyjskiej \u2014 powiedzia\u0142. &#8222;Gdyby by\u0142o ich wystarczaj\u0105co du\u017co, [w\u0142adze] nie musia\u0142yby wychodzi\u0107 na ulice i \u015bciga\u0107 ludzi [podczas mobilizacji w 2022 r.]&#8221;.<\/p>\n<p class=\"ods-c-paragraph \">Doda\u0142, \u017ce obecna zakrojona na szerok\u0105 skal\u0119 kampania rekrutacyjna \u017co\u0142nierzy kontraktowych r\u00f3wnie\u017c wskazuje na to, \u017ce liczba rezerwist\u00f3w jest niewielka.<\/p>\n<p>Co zmienia si\u0119 wraz z now\u0105 ustaw\u0105?<\/p>\n<p class=\"ods-c-paragraph \">Projekt ustawy, kt\u00f3ry zosta\u0142 szybko przyj\u0119ty przez parlament w trzech czytaniach w ci\u0105gu jednego dnia, stanowi, \u017ce rezerwi\u015bci &#8222;mog\u0105 zosta\u0107 wys\u0142ani na specjalne szkolenia w celu zapewnienia ochrony obiekt\u00f3w o krytycznym znaczeniu i innej niezb\u0119dnej infrastruktury&#8221;.<\/p>\n<p class=\"ods-c-paragraph \">\u0179r\u00f3d\u0142a serwisu Wiorstka w administracji prezydenckiej i Dumie Pa\u0144stwowej poinformowa\u0142y, \u017ce dokument zosta\u0142 przyj\u0119ty w po\u015bpiechu na polecenie Kremla. Jak wynika z dokumentu, procedura przeprowadzania tych specjalnych szkole\u0144 ma zosta\u0107 ustalona przez rosyjski rz\u0105d.<\/p>\n<p class=\"ods-c-paragraph \">Ministerstwo Obrony Rosji stwierdzi\u0142o, \u017ce projekt ustawy dotyczy wy\u0142\u0105cznie rezerwist\u00f3w i nie przewiduje wys\u0142ania ich na front ani s\u0142u\u017cby poza granicami kraju. &#8222;Nie ma mowy o \u017cadnej mobilizacji&#8221; \u2014 o\u015bwiadczy\u0142 resort.<\/p>\n<p class=\"ods-c-paragraph \">Wed\u0142ug Alsza\u0144skiego z militarnego punktu widzenia nie ma sensu wysy\u0142a\u0107 takich rezerwist\u00f3w na front, skoro stacjonuj\u0105 tam lepiej wyszkoleni \u017co\u0142nierze kontraktowi.<\/p>\n<p class=\"ods-c-paragraph \">Jednak Putin ju\u017c z\u0142ama\u0142 swoje obietnice, w tym zobowi\u0105zanie, \u017ce nie b\u0119dzie wykorzystywa\u0142 poborowych w wojnie i wysy\u0142a\u0142 na front wy\u0142\u0105cznie &#8222;zawodowych \u017co\u0142nierzy&#8221;.<\/p>\n<p>Czym b\u0119d\u0105 si\u0119 zajmowa\u0107 rezerwi\u015bci?<\/p>\n<p class=\"ods-c-paragraph \">W\u0142adimir Czymla\u0144ski, urz\u0119dnik rosyjskiego sztabu generalnego, powiedzia\u0142, \u017ce rezerwi\u015bci b\u0119d\u0105 zajmowa\u0107 si\u0119 infrastruktur\u0105 krytyczn\u0105, w tym infrastruktur\u0105 energetyczn\u0105 i transportow\u0105. Rezerwi\u015bci mog\u0105 wykonywa\u0107 takie zadania &#8222;tylko w swoim regionie&#8221; i przede wszystkim w celu &#8222;zwalczania dron\u00f3w&#8221; \u2014 doda\u0142.<\/p>\n<p class=\"ods-c-paragraph \">Od tego lata rosyjska infrastruktura energetyczna i transportowa, a tak\u017ce rafinerie ropy naftowej s\u0105 <a href=\"https:\/\/wiadomosci.onet.pl\/swiat\/ukraina-uderza-z-chirurgiczna-precyzja-zrozumieja-jaka-bedzie-tego-cena\/xqh5fpz\" id=\"618c25ca-14f2-4009-97c2-753f75b5b5eb\" rel=\"nofollow noopener\" target=\"_blank\">celem ci\u0105g\u0142ych atak\u00f3w ukrai\u0144skich dron\u00f3w<\/a>. Co najmniej 15 region\u00f3w w Rosji rozpocz\u0119\u0142o ju\u017c rekrutacj\u0119 rezerwist\u00f3w do ochrony tych obiekt\u00f3w. W\u0142adze podkre\u015blaj\u0105, \u017ce rekruci ci nie zostan\u0105 wys\u0142ani na front.<\/p>\n<p class=\"ods-c-paragraph \">Opr\u00f3cz zachowania swoich regularnych wynagrodze\u0144 za dni i tygodnie pe\u0142nienia s\u0142u\u017cby wojskowej, rezerwi\u015bci w regionie Bria\u0144ska, granicz\u0105cym z Ukrain\u0105, otrzymuj\u0105 miesi\u0119czne wynagrodzenie w wysoko\u015bci od 40 tys. do 99 tys. rubli (490\u20131200 dol. lub od ponad 1796 z\u0142 do niemal 4399 z\u0142), w zale\u017cno\u015bci od stopnia wojskowego. W regionie Permu, po\u0142o\u017conym daleko od granicy z Ukrain\u0105, miesi\u0119czne wynagrodzenie rezerwist\u00f3w wynosi od 4000 do 7000 rubli (50\u201385 dol. lub 183-312 z\u0142).<\/p>\n<p class=\"ods-c-paragraph \">\u0179r\u00f3d\u0142o z jednej z najwi\u0119kszych rosyjskich firm naftowo-gazowych poinformowa\u0142o serwis Wiorstka, \u017ce zesp\u00f3\u0142 ochrony firmy &#8222;nie ma wielkich oczekiwa\u0144&#8221; wobec rezerwist\u00f3w.<\/p>\n<p class=\"ods-c-paragraph \">&#8222;Pomocnych by\u0142oby nawet 10 dodatkowych os\u00f3b z karabinami. Jednak zasadniczo tylko prawdziwa armia obrony powietrznej mo\u017ce nas chroni\u0107 \u2014 a jest ma\u0142o prawdopodobne, aby\u015bmy mogli na ni\u0105 liczy\u0107&#8221; \u2014 powiedzia\u0142 informator serwisu Wiorstka.<\/p>\n","protected":false},"excerpt":{"rendered":"Eksperci twierdz\u0105, \u017ce Kreml prawdopodobnie zwerbuje dodatkowy personel, kt\u00f3ry mo\u017ce zosta\u0107 wykorzystany do wzmocnienia si\u0142 zbrojnych bez konieczno\u015bci&hellip;\n","protected":false},"author":2,"featured_media":93121,"comment_status":"","ping_status":"","sticky":false,"template":"","format":"standard","meta":{"footnotes":""},"categories":[14],"tags":[56,32,33,20646,27,76,34,35,28,31,48,25,46,40,41,87,47,80,29,30,415,26,408,82,83,84],"class_list":{"0":"post-93120","1":"post","2":"type-post","3":"status-publish","4":"format-standard","5":"has-post-thumbnail","7":"category-swiat","8":"tag-article_premium","9":"tag-breaking-news","10":"tag-breakingnews","11":"tag-fp3_tst1","12":"tag-headlines","13":"tag-inwazja_rosji_na_ukraine","14":"tag-latest-news","15":"tag-latestnews","16":"tag-naglowki","17":"tag-najwazniejsze-artykuly","18":"tag-nat_styl","19":"tag-news","20":"tag-omp","21":"tag-polish","22":"tag-polski","23":"tag-rosja","24":"tag-screening_general","25":"tag-swiat","26":"tag-top-stories","27":"tag-topstories","28":"tag-ukraina","29":"tag-wiadomosci","30":"tag-wladimir_putin","31":"tag-world","32":"tag-world-news","33":"tag-worldnews"},"share_on_mastodon":{"url":"https:\/\/pubeurope.com\/@pl\/115520809499498700","error":""},"_links":{"self":[{"href":"https:\/\/www.europesays.com\/pl\/wp-json\/wp\/v2\/posts\/93120","targetHints":{"allow":["GET"]}}],"collection":[{"href":"https:\/\/www.europesays.com\/pl\/wp-json\/wp\/v2\/posts"}],"about":[{"href":"https:\/\/www.europesays.com\/pl\/wp-json\/wp\/v2\/types\/post"}],"author":[{"embeddable":true,"href":"https:\/\/www.europesays.com\/pl\/wp-json\/wp\/v2\/users\/2"}],"replies":[{"embeddable":true,"href":"https:\/\/www.europesays.com\/pl\/wp-json\/wp\/v2\/comments?post=93120"}],"version-history":[{"count":0,"href":"https:\/\/www.europesays.com\/pl\/wp-json\/wp\/v2\/posts\/93120\/revisions"}],"wp:featuredmedia":[{"embeddable":true,"href":"https:\/\/www.europesays.com\/pl\/wp-json\/wp\/v2\/media\/93121"}],"wp:attachment":[{"href":"https:\/\/www.europesays.com\/pl\/wp-json\/wp\/v2\/media?parent=93120"}],"wp:term":[{"taxonomy":"category","embeddable":true,"href":"https:\/\/www.europesays.com\/pl\/wp-json\/wp\/v2\/categories?post=93120"},{"taxonomy":"post_tag","embeddable":true,"href":"https:\/\/www.europesays.com\/pl\/wp-json\/wp\/v2\/tags?post=93120"}],"curies":[{"name":"wp","href":"https:\/\/api.w.org\/{rel}","templated":true}]}}