{"id":93811,"date":"2025-11-10T06:20:16","date_gmt":"2025-11-10T06:20:16","guid":{"rendered":"https:\/\/www.europesays.com\/pl\/93811\/"},"modified":"2025-11-10T06:20:16","modified_gmt":"2025-11-10T06:20:16","slug":"uderzyli-oplem-w-znak-i-dachowali-trzech-mlodych-mezczyzn-wypadlo-z-auta","status":"publish","type":"post","link":"https:\/\/www.europesays.com\/pl\/93811\/","title":{"rendered":"Uderzyli oplem w znak i dachowali. Trzech m\u0142odych m\u0119\u017cczyzn wypad\u0142o z auta"},"content":{"rendered":"<p class=\"ods-c-paragraph \">Kiedy policjanci z Leszna przyjechali na miejsce wezwania ok. godz. 2 w nocy z pi\u0105tku na sobot\u0119, na miejscu zastali le\u017c\u0105cy na dachu kompletnie rozbity samoch\u00f3d. Le\u017ca\u0142 w przydro\u017cnym rowie. Trzech m\u0142odych m\u0119\u017cczyzn znajdowa\u0142o si\u0119 na zewn\u0105trz pojazdu, wszyscy byli nietrze\u017awi. Policja poinformowa\u0142a w mediach spo\u0142eczno\u015bciowych, jak dosz\u0142o do wypadku.<\/p>\n<p class=\"ods-c-paragraph \">&#8222;Trzech m\u0142odych m\u0119\u017cczyzn w wieku 17, 19 i 20 lat porusza\u0142o si\u0119 oplem w kierunku Kaszczoru, kiedy na \u0142uku drogi kierowca najprawdopodobniej straci\u0142 panowanie nad pojazdem, uderzy\u0142 w przydro\u017cn\u0105 barier\u0119 energoch\u0142onn\u0105, znak drogowy, a nast\u0119pnie auto wpad\u0142o do rowu, gdzie dachowa\u0142o&#8221; \u2014 informuje policja z Leszna.<\/p>\n<p>Dalszy ci\u0105g artyku\u0142u pod materia\u0142em wideo<\/p>\n<p> Gdzie dosz\u0142o do wypadku? <\/p>\n<p> Ile mia\u0142o lat trzech m\u0119\u017cczyzn? <\/p>\n<p> Co robi policja w zwi\u0105zku z wypadkiem? <\/p>\n<p> Kt\u00f3ry m\u0119\u017cczyzna by\u0142 kierowc\u0105 w momencie wypadku? <\/p>\n<p>  Policja z Leszna apeluje o ostro\u017cno\u015b\u0107<\/p>\n<p class=\"ods-c-paragraph \">Okaza\u0142o si\u0119, \u017ce w czasie dachowania wszystkie jad\u0105ce oplem osoby z niego wypad\u0142y. 19-latek i 20-latek zostali przetransportowani do szpitala. Nie wiadomo, kt\u00f3ry z tr\u00f3jki pijanych m\u0119\u017cczyzn by\u0142 w momencie wypadku kierowc\u0105. Policja ustali to w trakcie \u015bledztwa. Zbada te\u017c okoliczno\u015bci zdarzenia.<\/p>\n<p class=\"ods-c-paragraph \">Tymczasem policja apeluje w mediach spo\u0142eczno\u015bciowych o &#8222;ostro\u017cn\u0105 jazd\u0119 i nieprowokowanie w\u0142asnym zachowaniem tragicznych zdarze\u0144&#8221;. Podkre\u015bla, \u017ce alkohol, nadmierna pr\u0119dko\u015b\u0107 i nieodpowiedzialno\u015b\u0107 kierowc\u00f3w to najcz\u0119stsze przyczyny wypadk\u00f3w.<\/p>\n<p class=\"ods-c-paragraph \">&#8222;Liczymy na Pa\u0144stwa rozwa\u017cno\u015b\u0107 i ostro\u017cno\u015b\u0107&#8221; \u2014 pisze leszczy\u0144ska policja.<\/p>\n","protected":false},"excerpt":{"rendered":"Kiedy policjanci z Leszna przyjechali na miejsce wezwania ok. godz. 2 w nocy z pi\u0105tku na sobot\u0119, na&hellip;\n","protected":false},"author":2,"featured_media":93812,"comment_status":"","ping_status":"","sticky":false,"template":"","format":"standard","meta":{"footnotes":""},"categories":[12],"tags":[32,33,19508,36,37,27,34,35,7967,28,31,48,25,46,5928,42,38,40,39,41,1817,1248,47,29,30,26,2588],"class_list":{"0":"post-93811","1":"post","2":"type-post","3":"status-publish","4":"format-standard","5":"has-post-thumbnail","7":"category-polska","8":"tag-breaking-news","9":"tag-breakingnews","10":"tag-dachowanie","11":"tag-featured-news","12":"tag-featurednews","13":"tag-headlines","14":"tag-latest-news","15":"tag-latestnews","16":"tag-leszno","17":"tag-naglowki","18":"tag-najwazniejsze-artykuly","19":"tag-nat_styl","20":"tag-news","21":"tag-omp","22":"tag-opel","23":"tag-pl","24":"tag-poland","25":"tag-polish","26":"tag-polska","27":"tag-polski","28":"tag-poznan","29":"tag-samochod","30":"tag-screening_general","31":"tag-top-stories","32":"tag-topstories","33":"tag-wiadomosci","34":"tag-wypadek"},"share_on_mastodon":{"url":"https:\/\/pubeurope.com\/@pl\/115523959219801922","error":""},"_links":{"self":[{"href":"https:\/\/www.europesays.com\/pl\/wp-json\/wp\/v2\/posts\/93811","targetHints":{"allow":["GET"]}}],"collection":[{"href":"https:\/\/www.europesays.com\/pl\/wp-json\/wp\/v2\/posts"}],"about":[{"href":"https:\/\/www.europesays.com\/pl\/wp-json\/wp\/v2\/types\/post"}],"author":[{"embeddable":true,"href":"https:\/\/www.europesays.com\/pl\/wp-json\/wp\/v2\/users\/2"}],"replies":[{"embeddable":true,"href":"https:\/\/www.europesays.com\/pl\/wp-json\/wp\/v2\/comments?post=93811"}],"version-history":[{"count":0,"href":"https:\/\/www.europesays.com\/pl\/wp-json\/wp\/v2\/posts\/93811\/revisions"}],"wp:featuredmedia":[{"embeddable":true,"href":"https:\/\/www.europesays.com\/pl\/wp-json\/wp\/v2\/media\/93812"}],"wp:attachment":[{"href":"https:\/\/www.europesays.com\/pl\/wp-json\/wp\/v2\/media?parent=93811"}],"wp:term":[{"taxonomy":"category","embeddable":true,"href":"https:\/\/www.europesays.com\/pl\/wp-json\/wp\/v2\/categories?post=93811"},{"taxonomy":"post_tag","embeddable":true,"href":"https:\/\/www.europesays.com\/pl\/wp-json\/wp\/v2\/tags?post=93811"}],"curies":[{"name":"wp","href":"https:\/\/api.w.org\/{rel}","templated":true}]}}