{"id":93861,"date":"2025-11-10T07:12:10","date_gmt":"2025-11-10T07:12:10","guid":{"rendered":"https:\/\/www.europesays.com\/pl\/93861\/"},"modified":"2025-11-10T07:12:10","modified_gmt":"2025-11-10T07:12:10","slug":"widzowie-podzieleni-po-werdykcie-w-tancu-z-gwiazdami-w-koncu-vs-niesprawiedliwie","status":"publish","type":"post","link":"https:\/\/www.europesays.com\/pl\/93861\/","title":{"rendered":"Widzowie podzieleni po werdykcie w &#8222;Ta\u0144cu z gwiazdami&#8221;. &#8222;W ko\u0144cu&#8221; vs &#8222;Niesprawiedliwie&#8221;"},"content":{"rendered":"<p class=\"Paragraph_desktopParagraph__U31Gm\">W p\u00f3\u0142finale <a href=\"https:\/\/plejada.pl\/taniec-z-gwiazdami-program-tv\" id=\"3f434737-9e52-458e-82e0-50bce5931b8d\" rel=\"nofollow noopener\" target=\"_blank\">&#8222;Ta\u0144ca z gwiazdami&#8221;<\/a> na parkiecie swoje umiej\u0119tno\u015bci taneczne zaprezentowa\u0142o pi\u0119\u0107 par: Maurycy Popiel i Sara Janicka, Wiktoria Gorodecka i Kamil Kuroczko, Miko\u0142aj &#8222;Bagi&#8221; Bagi\u0144ski i Magdalena Tarnowska, Katarzyna Zillmann i Janja Lesar oraz Tomasz Karolak i Izabela Skierska. Wszystkie duety da\u0142y z siebie wszystko, pokazuj\u0105c dopracowane choreografie i pe\u0142ne emocji wyst\u0119py.<\/p>\n<ul class=\"OchatFollowUps_wrapper__1ry7X\">\n<li class=\"OchatFollowUps_item__Dhyly OchatFollowUps_itemDesktop__R6aBv\">Kt\u00f3re pary awansowa\u0142y do fina\u0142u?<\/li>\n<li class=\"OchatFollowUps_item__Dhyly OchatFollowUps_itemDesktop__R6aBv\">Kto odpad\u0142 z programu?<\/li>\n<li class=\"OchatFollowUps_item__Dhyly OchatFollowUps_itemDesktop__R6aBv\">Co s\u0105dz\u0105 widzowie o decyzji jury?<\/li>\n<li class=\"OchatFollowUps_item__Dhyly OchatFollowUps_itemDesktop__R6aBv\">Jakie emocje towarzysz\u0105 widzom po p\u00f3\u0142finale?<\/li>\n<\/ul>\n<p class=\"Paragraph_desktopParagraph__U31Gm\">Decyzj\u0105 jury do fina\u0142u awansowali Maurycy Popiel i Sara Janicka, Miko\u0142aj &#8222;Bagi&#8221; Bagi\u0144ski i Magdalena Tarnowska oraz Wiktoria Gorodecka i Kamil Kuroczko. Tym samym z programem po\u017cegnali si\u0119 Tomasz Karolak i Izabela Skierska oraz Katarzyna Zillmann i Janja Lesar. Wyb\u00f3r juror\u00f3w, kt\u00f3ry zapad\u0142 w dogrywce, wywo\u0142a\u0142 fal\u0119 komentarzy w mediach spo\u0142eczno\u015bciowych.<\/p>\n<p class=\"Paragraph_desktopParagraph__U31Gm\">Cz\u0119\u015b\u0107 widz\u00f3w nie kry\u0142a rozczarowania odpadni\u0119ciem Zillmann, kt\u00f3ra, jak twierdz\u0105, zas\u0142ugiwa\u0142a na miejsce w finale.<\/p>\n<p class=\"Paragraph_desktopParagraph__U31Gm\">&#8222;Za\u0142ami\u0119 si\u0119 chyba. Przysi\u0119gam, to by\u0142a moja ulubiona para od pocz\u0105tku i tak mi si\u0119 dobrze je ogl\u0105da\u0142o&#8221;; &#8222;Powinny by\u0107 na miejscu Bagiego, ta\u0144czy\u0142a po prostu lepiej&#8221;; &#8222;Totalnie niesprawiedliwe. Dziewczyny powinny by\u0142y przej\u015b\u0107 do fina\u0142u. Dogrywka by\u0142a zupe\u0142nie niepotrzebna&#8221;; &#8222;Kpina i \u017cart to, co si\u0119 wydarzy\u0142o&#8230;&#8221; \u2014 czytamy.<\/p>\n<p class=\"Paragraph_desktopParagraph__U31Gm\">Nie brakuje jednak g\u0142os\u00f3w poparcia dla decyzji jury. Wiele os\u00f3b uwa\u017ca, \u017ce fina\u0142owe trzy pary to najlepszy wyb\u00f3r i nie wyobra\u017ca sobie innego rozstrzygni\u0119cia.<\/p>\n<p class=\"Paragraph_desktopParagraph__U31Gm\">&#8222;W ko\u0144cu&#8221;; &#8222;Nareszcie. Brawo jury m\u0105dry wyb\u00f3r&#8221;; &#8222;Jednak jest sprawiedliwo\u015b\u0107&#8230; brawo&#8221;; &#8222;Nareszcie. Trzeba by\u0142o czeka\u0107 ca\u0142y sezon na to!&#8221;; &#8222;W ko\u0144cu jest sprawiedliwie, zosta\u0142y najlepsze pary&#8221; \u2014 pisali internauci.<\/p>\n<p class=\"Paragraph_desktopParagraph__U31Gm\">Dzi\u0119kujemy, \u017ce przeczyta\u0142a\u015b\/e\u015b nasz artyku\u0142 do ko\u0144ca. W serwisie Plejada.pl ka\u017cdego dnia piszemy o najwa\u017cniejszych wydarzeniach show-biznesowych. B\u0105d\u017a na bie\u017c\u0105co! <a rel=\"nofollow noopener\" href=\"https:\/\/news.google.com\/publications\/CAAiEF0PeAlb7W1llpV_mwV2rL4qFAgKIhBdD3gJW-1tZZaVf5sFdqy-?hl=pl&amp;gl=PL&amp;ceid=PL%3Apl\" id=\"72b19ed7-b3ba-497d-b493-f867a64e239c\" target=\"_blank\">Obserwuj<\/a> Plejad\u0119 w Wiadomo\u015bciach Google. Odwied\u017a nas tak\u017ce na <a rel=\"nofollow noopener\" href=\"https:\/\/www.facebook.com\/plejadapl\" id=\"db712642-60ae-4005-9769-9e0d94dafe72\" target=\"_blank\">Facebooku<\/a>, <a rel=\"nofollow noopener\" href=\"https:\/\/www.instagram.com\/plejadapl\/\" id=\"0223f1ed-35de-46fb-a12f-e709d2862390\" target=\"_blank\">Instagramie<\/a>, <a rel=\"nofollow noopener\" href=\"https:\/\/www.youtube.com\/c\/plejada\" id=\"4ef9ed3e-a803-42c6-822c-648b82156146\" target=\"_blank\">YouTube<\/a> oraz <a rel=\"nofollow noopener\" href=\"https:\/\/www.tiktok.com\/@plejada_pl\" id=\"e3be8174-96f6-4b5e-861b-59a8cf2cb5b2\" target=\"_blank\">TikToku<\/a>.<\/p>\n<p class=\"Paragraph_desktopParagraph__U31Gm\">Chcesz podzieli\u0107 si\u0119 ciekawym newsem lub zaproponowa\u0107 temat? Skontaktuj si\u0119 z nami, pisz\u0105c e-maila na adres: <a href=\"https:\/\/www.onet.pl\/styl-zycia\/plejada\/widzowie-podzieleni-po-tancu-z-gwiazdami-w-koncu-vs-niesprawiedliwie\/mailto:plejada@redakcjaonet.pl\" id=\"9faa231b-b534-42f2-94b3-904e4d3b66ce\" rel=\"nofollow noopener\" target=\"_blank\">plejada@redakcjaonet.pl<\/a>.<\/p>\n<p><script async src=\"\/\/www.instagram.com\/embed.js\"><\/script><script async src=\"\/\/www.tiktok.com\/embed.js\"><\/script><\/p>\n","protected":false},"excerpt":{"rendered":"W p\u00f3\u0142finale &#8222;Ta\u0144ca z gwiazdami&#8221; na parkiecie swoje umiej\u0119tno\u015bci taneczne zaprezentowa\u0142o pi\u0119\u0107 par: Maurycy Popiel i Sara Janicka,&hellip;\n","protected":false},"author":2,"featured_media":93862,"comment_status":"","ping_status":"","sticky":false,"template":"","format":"standard","meta":{"footnotes":""},"categories":[22],"tags":[122,67,3561,261,53,52,68,51,55,42,38,40,39,41,123,47,1884,1863,3560,3423,50],"class_list":{"0":"post-93861","1":"post","2":"type-post","3":"status-publish","4":"format-standard","5":"has-post-thumbnail","7":"category-rozrywka","8":"tag-entertainment","9":"tag-intextvideo_splayer","10":"tag-katarzyna_zillmann","11":"tag-kultura","12":"tag-new_header","13":"tag-onet3","14":"tag-onet3d","15":"tag-onet3d_2i","16":"tag-phx","17":"tag-pl","18":"tag-poland","19":"tag-polish","20":"tag-polska","21":"tag-polski","22":"tag-rozrywka","23":"tag-screening_general","24":"tag-taniec_z_gwiazdami","25":"tag-taniec_z_gwiazdami_program_tv","26":"tag-tomasz_karolak","27":"tag-tomasz_karolak_aktor","28":"tag-v2021"},"share_on_mastodon":{"url":"https:\/\/pubeurope.com\/@pl\/115524163550692480","error":""},"_links":{"self":[{"href":"https:\/\/www.europesays.com\/pl\/wp-json\/wp\/v2\/posts\/93861","targetHints":{"allow":["GET"]}}],"collection":[{"href":"https:\/\/www.europesays.com\/pl\/wp-json\/wp\/v2\/posts"}],"about":[{"href":"https:\/\/www.europesays.com\/pl\/wp-json\/wp\/v2\/types\/post"}],"author":[{"embeddable":true,"href":"https:\/\/www.europesays.com\/pl\/wp-json\/wp\/v2\/users\/2"}],"replies":[{"embeddable":true,"href":"https:\/\/www.europesays.com\/pl\/wp-json\/wp\/v2\/comments?post=93861"}],"version-history":[{"count":0,"href":"https:\/\/www.europesays.com\/pl\/wp-json\/wp\/v2\/posts\/93861\/revisions"}],"wp:featuredmedia":[{"embeddable":true,"href":"https:\/\/www.europesays.com\/pl\/wp-json\/wp\/v2\/media\/93862"}],"wp:attachment":[{"href":"https:\/\/www.europesays.com\/pl\/wp-json\/wp\/v2\/media?parent=93861"}],"wp:term":[{"taxonomy":"category","embeddable":true,"href":"https:\/\/www.europesays.com\/pl\/wp-json\/wp\/v2\/categories?post=93861"},{"taxonomy":"post_tag","embeddable":true,"href":"https:\/\/www.europesays.com\/pl\/wp-json\/wp\/v2\/tags?post=93861"}],"curies":[{"name":"wp","href":"https:\/\/api.w.org\/{rel}","templated":true}]}}