{"id":93865,"date":"2025-11-10T07:16:09","date_gmt":"2025-11-10T07:16:09","guid":{"rendered":"https:\/\/www.europesays.com\/pl\/93865\/"},"modified":"2025-11-10T07:16:09","modified_gmt":"2025-11-10T07:16:09","slug":"polscy-kierowcy-zaplaca-za-tzw-proceder-wloski-uderza-w-uczciwych-klientow","status":"publish","type":"post","link":"https:\/\/www.europesays.com\/pl\/93865\/","title":{"rendered":"Polscy kierowcy zap\u0142ac\u0105 za tzw. proceder w\u0142oski. &#8222;Uderza w uczciwych klient\u00f3w&#8221;"},"content":{"rendered":"\n<p>Kilkadziesi\u0105t samochod\u00f3w i\u00a0skuter\u00f3w na polskich <a href=\"https:\/\/www.money.pl\/gospodarka\/nowe-tablice-rejestracyjne-kogo-dotyczy-zmiana-6992042867432416a.html\" rel=\"noopener noreferrer nofollow\" target=\"_blank\">tablicach rejestracyjnych<\/a> &#8211;\u00a0tyle naliczyli\u015bmy tylko podczas kr\u00f3tkiego spaceru po kilku ulicach w\u00a0centrum\u00a0Neapolu. W\u00a0ca\u0142ym mie\u015bcie i\u00a0jego okolicach jest ich oko\u0142o 35 tys. I\u00a0nie by\u0142y nigdy w\u00a0Polsce. W\u0142osi przez po\u015brednik\u00f3w rejestruj\u0105 swoje pojazdy nad Wis\u0142\u0105, aby unikn\u0105\u0107 wysokich sk\u0142adek u\u00a0lokalnych ubezpieczycieli. <\/p>\n<p>Ju\u017c w\u00a0pa\u017adzierniku 2024 r. w\u0142oska agencja informacyjna ANSA poinformowa\u0142a, \u017ce <a href=\"https:\/\/www.money.pl\/gospodarka\/unia-europejska\/wiadomosci\/artykul\/gwardia-finansowa-we-wloszech-staruszka,196,0,1972932.html\" rel=\"noopener noreferrer nofollow\" target=\"_blank\">Guardia di Finanza<\/a> skonfiskowa\u0142a w\u00a0rejonie Neapolu przesy\u0142k\u0119 z\u00a0ponad 20 polskimi tablicami rejestracyjnymi i\u00a0dokumentami pojazd\u00f3w. Co si\u0119 zmieni\u0142o od tamtej pory?<\/p>\n<p>&#8222;Je\u015bli chodzi o\u00a0t\u0119 kwesti\u0119, W\u0142ochy pracuj\u0105 nad zmianami w\u00a0kodeksie ubezpieczeniowym&#8221; &#8211;\u00a0potwierdzi\u0142o money.pl w\u0142oskie Ministerstwo Infrastruktury i\u00a0Transportu. To problem nie tylko dla ubezpieczycieli we W\u0142oszech i\u00a0tamtejszego bud\u017cetu, ale r\u00f3wnie\u017c dla ubezpieczycieli i\u00a0kierowc\u00f3w w\u00a0naszym kraju. &#8222;Proceder w\u0142oski&#8221; odbije si\u0119 na wysoko\u015bci sk\u0142adek, kt\u00f3re p\u0142ac\u0105 Polacy. <\/p>\n<p> <img role=\"presentation\" class=\"absolute left-1\/2 top-1\/2 max-h-[80%] max-w-[100px] -translate-x-1\/2 -translate-y-1\/2\" src=\"https:\/\/v.wpimg.pl\/ZXJfd3AudTkrBBIAbg54LGhcRlAxHQUrPgJGH2MAeGJoSQ1eIBI_K2UHAEVuBTY5KQMMXC0RPyoVERQdMgM9ejc\" loading=\"lazy\" decoding=\"async\"\/><\/p>\n<p>Benzyna E5\u00a0vs. E10 &#8211;\u00a0bez panikowania oraz propagandy <\/p>\n<p>&#8222;Ka\u017cde takie dzia\u0142anie uderza w\u00a0uczciwych klient\u00f3w&#8221; <\/p>\n<p>&#8211; Ka\u017cde oszustwo i\u00a0udana dzia\u0142alno\u015b\u0107 przest\u0119pcza wp\u0142ywa na wzrost koszt\u00f3w dzia\u0142alno\u015bci ubezpieczeniowej. Kalkuluj\u0105c sk\u0142adki, zak\u0142ad ubezpiecze\u0144 ma obowi\u0105zek uwzgl\u0119dni\u0107 te koszty. Oznacza to, \u017ce ka\u017cde takie dzia\u0142anie po\u015brednio uderza w\u00a0uczciwych klient\u00f3w &#8211;\u00a0m\u00f3wi money.pl Artur Dzieka\u0144ski, rzecznik Polskiej Izby Ubezpiecze\u0144 (PIU).<\/p>\n<p>Wyja\u015bnia, \u017ce tzw. proceder w\u0142oski polega na rejestrowaniu na terytorium Polski pojazd\u00f3w w\u00a0rzeczywisto\u015bci u\u017cytkowanych we W\u0142oszech, szczeg\u00f3lnie w\u00a0Neapolu i\u00a0jego okolicach, a\u00a0tak\u017ce na zawieraniu um\u00f3w obowi\u0105zkowego ubezpieczenia OC w\u00a0Polsce, bez uwzgl\u0119dnienia rzeczywistego ryzyka ubezpieczeniowego. Bo polski ubezpieczyciel, sprzedaj\u0105c OC, nie wie, kto jest rzeczywistym posiadaczem samochodu lub skutera i\u00a0gdzie b\u0119dzie on u\u017cytkowany.<\/p>\n<p> <img role=\"presentation\" class=\"absolute left-1\/2 top-1\/2 max-h-[80%] max-w-[100px] -translate-x-1\/2 -translate-y-1\/2\" src=\"https:\/\/v.wpimg.pl\/ZXJfd3AudTkrBBIAbg54LGhcRlAxHQUrPgJGH2MAeGJoSQ1eIBI_K2UHAEVuBTY5KQMMXC0RPyoVERQdMgM9ejc\" loading=\"lazy\" decoding=\"async\"\/> <\/p>\n<p>Formalnie w\u0142a\u015bcicielem takiego samochodu nie jest W\u0142och, ale zagraniczny po\u015brednik &#8211;\u00a0w\u00a0tym przypadku polski &#8211;\u00a0kt\u00f3ry rejestruje samoch\u00f3d i\u00a0wykupuje polis\u0119 OC, a\u00a0nast\u0119pnie &#8222;u\u017cycza&#8221; auta u\u017cytkownikowi we W\u0142oszech.<\/p>\n<p>G\u0142\u00f3wnym celem procederu w\u0142oskiego jest uzyskanie korzystniejszej sk\u0142adki za ubezpieczenie OC. W Polsce \u015brednia za 2024 r. to 538 z\u0142, podczas gdy we W\u0142oszech to ponad 600 euro. Jednak sk\u0142adki dotycz\u0105ce pojazd\u00f3w u\u017cytkowanych w Neapolu to ju\u017c ponad 1100 euro. R\u00f3\u017cnica w ich wysoko\u015bci jest nast\u0119pstwem odmiennie kszta\u0142tuj\u0105cego si\u0119 ryzyka dla ubezpieczyciela.<\/p>\n<p><img decoding=\"async\" src=\"https:\/\/www.europesays.com\/pl\/wp-content\/uploads\/2025\/11\/ZDUxM2YydSU0GjsBdgJ4MHdCb1swW3ZmIFp3EHZPbjxjTGJUMBU_NjAIIhw-Cy80NA89HCkVdSUlEWJEaFY-LSYIIVMgVj8pNx0p.jpeg\"\/> Artur Dzieka\u0144ski, rzecznik Polskiej Izby Ubezpiecze\u0144Wypowied\u017a dla money.pl<\/p>\n<p>Proceder w\u0142oski. Oszcz\u0119dzaj\u0105 nie tylko na\u00a0sk\u0142adce OC <\/p>\n<p>Jednak na tym korzy\u015bci dla W\u0142och\u00f3w z\u00a0Neapolu wynikaj\u0105ce z\u00a0rejestrowania aut i\u00a0skuter\u00f3w w\u00a0Krakowie, Rzeszowie, Pruszkowie lub Poznaniu si\u0119 nie ko\u0144cz\u0105.\u00a0&#8211;\u00a0Inny cel to unikanie podatku nak\u0142adanego od posiadania pojazdu, tzw. bollo auto, a\u00a0tak\u017ce unikanie p\u0142acenia mandat\u00f3w albo ukrywanie sk\u0142adnik\u00f3w maj\u0105tku ruchomego. Taki pojazd jest formalnie w\u0142asno\u015bci\u0105 zagranicznego podmiotu &#8211;\u00a0dodaje Dzieka\u0144ski.<\/p>\n<p> <img role=\"presentation\" class=\"absolute left-1\/2 top-1\/2 max-h-[80%] max-w-[100px] -translate-x-1\/2 -translate-y-1\/2\" src=\"https:\/\/v.wpimg.pl\/ZXJfd3AudTkrBBIAbg54LGhcRlAxHQUrPgJGH2MAeGJoSQ1eIBI_K2UHAEVuBTY5KQMMXC0RPyoVERQdMgM9ejc\" loading=\"lazy\" decoding=\"async\"\/> <\/p>\n<p>Rzeczywi\u015bcie, dodatkow\u0105 korzy\u015bci\u0105 z\u00a0takiego mechanizmu jest utrudnione dochodzenie roszcze\u0144 z\u00a0tytu\u0142u mandat\u00f3w za wykroczenia drogowe, np. z\u00a0fotoradar\u00f3w, op\u0142at za parkowanie b\u0105d\u017a kar w\u00a0przypadku sprawstwa kolizji drogowej i\u00a0ucieczki z\u00a0miejsca zdarzenia.<\/p>\n<p>Przedstawiciel polskiego rynku ubezpieczeniowego wyja\u015bnia, \u017ce sprawcy procederu w\u0142oskiego maj\u0105\u00a0r\u00f3\u017cne modele dzia\u0142ania i\u00a0ci\u0105gle je modyfikuj\u0105. Jego zdaniem przest\u0119pczy mechanizm co do zasady prowadzi do &#8222;niekorzystnego rozporz\u0105dzenia mieniem&#8221; przez zak\u0142ad ubezpieczeniowy na kilka sposob\u00f3w. S\u0105 to:<\/p>\n<ul>\n<li>osi\u0105gni\u0119cie korzy\u015bci maj\u0105tkowej w\u00a0postaci nienale\u017cnego obni\u017cenia sk\u0142adki,<\/li>\n<li>uzyskanie nienale\u017cnych odszkodowa\u0144 i\u00a0podszywanie si\u0119 pod inne osoby z\u00a0wykorzystaniem ich danych osobowych,<\/li>\n<li>zawieranie um\u00f3w ubezpieczenia OC na fikcyjne to\u017csamo\u015bci w\u00a0celu braku odprowadzenia sk\u0142adki OC do zak\u0142adu ubezpiecze\u0144.<\/li>\n<\/ul>\n<p>Ich wsp\u00f3lnym mianownikiem jest &#8222;wprowadzenie w\u00a0b\u0142\u0105d pracownik\u00f3w ubezpieczycieli&#8221; co do okoliczno\u015bci zdarze\u0144 skutkuj\u0105cych powstaniem zobowi\u0105za\u0144 u\u00a0ubezpieczycieli albo co do miejsca i\u00a0sposobu u\u017cytkowania pojazd\u00f3w.<\/p>\n<p> <img role=\"presentation\" class=\"absolute left-1\/2 top-1\/2 max-h-[80%] max-w-[100px] -translate-x-1\/2 -translate-y-1\/2\" src=\"https:\/\/v.wpimg.pl\/ZXJfd3AudTkrBBIAbg54LGhcRlAxHQUrPgJGH2MAeGJoSQ1eIBI_K2UHAEVuBTY5KQMMXC0RPyoVERQdMgM9ejc\" loading=\"lazy\" decoding=\"async\"\/> <\/p>\n<p>&#8211; Prawo \u0142amane jest r\u00f3wnie\u017c w\u00a0sytuacji, gdy po\u015bwiadczana jest nieprawda w\u00a0trakcie okresowych bada\u0144 technicznych pojazd\u00f3w, kt\u00f3re nie s\u0105 u\u017cytkowane na terenie Polski i\u00a0nigdy w\u00a0Polsce nie by\u0142y u\u017cytkowane &#8211;\u00a0m\u00f3wi money.pl Artur Dzieka\u0144ski z\u00a0PIU. <\/p>\n<p>Dodaje, \u017ce w\u00a0uzasadnionych przypadkach dzia\u0142ania niezgodne z\u00a0prawem s\u0105 przez ubezpieczycieli zg\u0142aszane do w\u0142a\u015bciwych organ\u00f3w. &#8211;\u00a0Rynek ubezpieczeniowy podejmuje dzia\u0142ania, aby przeciwdzia\u0142a\u0107 tym praktykom, analizuj\u0105c bazy danych, tworz\u0105c i\u00a0wdra\u017caj\u0105c odpowiednie procedury, w\u00a0tym sprzeda\u017cowe &#8211;\u00a0dodaje. <\/p>\n<p> <a href=\"https:\/\/www.money.pl\/ubezpieczenia\/pozarow-i-wypadkow-elektrykow-bedzie-przybywac-oto-jak-wplynie-to-na-ceny-polis-6882411693251488a.html\" class=\"teaser-inline\" rel=\"nofollow noopener\" target=\"_blank\">  <img decoding=\"async\" src=\"https:\/\/www.europesays.com\/pl\/wp-content\/uploads\/2025\/11\/NmQ4MzMyYQwwVjtJYgJsGXMObxMkW2JPJBZ3WGJIfFVhTGIcJBUrHzREIlQqCzsdMEM9VD0VYQwhXWIMfFYqBCJEIRs0VisAM1Ep.jpeg\" width=\"0\" height=\"0\" loading=\"lazy\" class=\"wp-media-image cropped\" alt=\"Po\u017car\u00f3w i wypadk\u00f3w elektryk\u00f3w b\u0119dzie przybywa\u0107. Oto jak wp\u0142ynie to na ceny polis\"\/><\/p>\n<p>Po\u017car\u00f3w i wypadk\u00f3w elektryk\u00f3w b\u0119dzie przybywa\u0107. Oto jak wp\u0142ynie to na ceny polis<\/p>\n<p><\/a> <img role=\"presentation\" class=\"absolute left-1\/2 top-1\/2 max-h-[80%] max-w-[100px] -translate-x-1\/2 -translate-y-1\/2\" src=\"https:\/\/v.wpimg.pl\/ZXJfd3AudTkrBBIAbg54LGhcRlAxHQUrPgJGH2MAeGJoSQ1eIBI_K2UHAEVuBTY5KQMMXC0RPyoVERQdMgM9ejc\" loading=\"lazy\" decoding=\"async\"\/><\/p>\n<p>Co m\u00f3wi w\u0142oskie prawo? <\/p>\n<p>W\u0142oskie przepisy stawiaj\u0105 spraw\u0119 jasno: obywatel W\u0142och lub cudzoziemiec mo\u017ce swobodnie porusza\u0107 si\u0119 samochodem na zagranicznych tablicach rejestracyjnych nie d\u0142u\u017cej ni\u017c 90 dni. Po tym okresie ma obowi\u0105zek za\u0142o\u017cenia w\u0142oskich tablic rejestracyjnych, uiszczania w\u0142oskiego podatku drogowego i\u00a0zakupu w\u0142oskiego ubezpieczenia OC.<\/p>\n<p>Ju\u017c w\u00a02018 r. dziennik &#8222;Corriere della Sera&#8221; opisywa\u0142 proceder w\u0142oski, cho\u0107 jeszcze nie w\u00a0odniesieniu do Polski. Poda\u0142, \u017ce rok wcze\u015bniej policja drogowa zg\u0142osi\u0142a 774 takie wykroczenia, z\u00a0czego ponad po\u0142owa aut mia\u0142a rumu\u0144skie tablice rejestracyjne.<\/p>\n<p>Marcin Walk\u00f3w, dziennikarz i\u00a0wydawca money.pl <\/p>\n","protected":false},"excerpt":{"rendered":"Kilkadziesi\u0105t samochod\u00f3w i\u00a0skuter\u00f3w na polskich tablicach rejestracyjnych &#8211;\u00a0tyle naliczyli\u015bmy tylko podczas kr\u00f3tkiego spaceru po kilku ulicach w\u00a0centrum\u00a0Neapolu. W\u00a0ca\u0142ym&hellip;\n","protected":false},"author":2,"featured_media":93866,"comment_status":"","ping_status":"","sticky":false,"template":"","format":"standard","meta":{"footnotes":""},"categories":[12],"tags":[32,33,36,37,27,34,35,28,31,25,42,38,40,39,41,29,30,26],"class_list":{"0":"post-93865","1":"post","2":"type-post","3":"status-publish","4":"format-standard","5":"has-post-thumbnail","7":"category-polska","8":"tag-breaking-news","9":"tag-breakingnews","10":"tag-featured-news","11":"tag-featurednews","12":"tag-headlines","13":"tag-latest-news","14":"tag-latestnews","15":"tag-naglowki","16":"tag-najwazniejsze-artykuly","17":"tag-news","18":"tag-pl","19":"tag-poland","20":"tag-polish","21":"tag-polska","22":"tag-polski","23":"tag-top-stories","24":"tag-topstories","25":"tag-wiadomosci"},"share_on_mastodon":{"url":"https:\/\/pubeurope.com\/@pl\/115524179521747078","error":""},"_links":{"self":[{"href":"https:\/\/www.europesays.com\/pl\/wp-json\/wp\/v2\/posts\/93865","targetHints":{"allow":["GET"]}}],"collection":[{"href":"https:\/\/www.europesays.com\/pl\/wp-json\/wp\/v2\/posts"}],"about":[{"href":"https:\/\/www.europesays.com\/pl\/wp-json\/wp\/v2\/types\/post"}],"author":[{"embeddable":true,"href":"https:\/\/www.europesays.com\/pl\/wp-json\/wp\/v2\/users\/2"}],"replies":[{"embeddable":true,"href":"https:\/\/www.europesays.com\/pl\/wp-json\/wp\/v2\/comments?post=93865"}],"version-history":[{"count":0,"href":"https:\/\/www.europesays.com\/pl\/wp-json\/wp\/v2\/posts\/93865\/revisions"}],"wp:featuredmedia":[{"embeddable":true,"href":"https:\/\/www.europesays.com\/pl\/wp-json\/wp\/v2\/media\/93866"}],"wp:attachment":[{"href":"https:\/\/www.europesays.com\/pl\/wp-json\/wp\/v2\/media?parent=93865"}],"wp:term":[{"taxonomy":"category","embeddable":true,"href":"https:\/\/www.europesays.com\/pl\/wp-json\/wp\/v2\/categories?post=93865"},{"taxonomy":"post_tag","embeddable":true,"href":"https:\/\/www.europesays.com\/pl\/wp-json\/wp\/v2\/tags?post=93865"}],"curies":[{"name":"wp","href":"https:\/\/api.w.org\/{rel}","templated":true}]}}