{"id":93912,"date":"2025-11-10T07:49:09","date_gmt":"2025-11-10T07:49:09","guid":{"rendered":"https:\/\/www.europesays.com\/pl\/93912\/"},"modified":"2025-11-10T07:49:09","modified_gmt":"2025-11-10T07:49:09","slug":"chiny-znosza-blokade-na-kluczowe-zasoby-komunikat-bialego-domu","status":"publish","type":"post","link":"https:\/\/www.europesays.com\/pl\/93912\/","title":{"rendered":"Chiny znosz\u0105 blokad\u0119 na kluczowe zasoby. Komunikat Bia\u0142ego Domu"},"content":{"rendered":"<p class=\"ods-c-paragraph \">Wed\u0142ug Bia\u0142ego Domu porozumienie ma zapewni\u0107 ameryka\u0144skim firmom stabilny dost\u0119p do materia\u0142\u00f3w niezb\u0119dnych w produkcji zaawansowanych technologii, a Chiny maj\u0105 odnie\u015b\u0107 korzy\u015bci z ponownego otwarcia rynku na ich produkty rolne i inne towary eksportowe. W ramach umowy Pekin zobowi\u0105za\u0142 si\u0119 r\u00f3wnie\u017c do wstrzymania eksportu prekursor\u00f3w fentanylu, z\u0142agodzenia ogranicze\u0144 wobec ameryka\u0144skich firm z bran\u017cy p\u00f3\u0142przewodnik\u00f3w oraz zwi\u0119kszenia zakup\u00f3w ameryka\u0144skich produkt\u00f3w rolnych.<\/p>\n<p>Dalszy ci\u0105g artyku\u0142u pod materia\u0142em wideo<\/p>\n<p> Jakie zasoby Chiny znios\u0142y blokad\u0119? <\/p>\n<p> Jakie s\u0105 kluczowe metale w produkcji? <\/p>\n<p> Kiedy wprowadzono zakaz eksportu metali ziem rzadkich? <\/p>\n<p> Jakie korzy\u015bci Chiny maj\u0105 z otwarcia rynku? <\/p>\n<p>  Chiny znosz\u0105 blokad\u0119 na kluczowe zasoby. Komunikat Bia\u0142ego Domu<\/p>\n<p class=\"ods-c-paragraph \">Jak poinformowa\u0142a agencja UPI, chi\u0144skie ministerstwo handlu og\u0142osi\u0142o w niedziel\u0119 zawieszenie zakazu eksportu niekt\u00f3rych metali ziem rzadkich do USA, co ma zwi\u0105zek z pr\u00f3b\u0105 z\u0142agodzenia napi\u0119\u0107 handlowych. Metale te s\u0105 kluczowe m.in. w produkcji zaawansowanych p\u00f3\u0142przewodnik\u00f3w, materia\u0142\u00f3w wybuchowych i amunicji przeciwpancernej. Chiny maj\u0105 dominuj\u0105c\u0105 pozycj\u0119 na \u015bwiatowym rynku tych surowc\u00f3w.<\/p>\n<p class=\"ods-c-paragraph \">Zakaz eksportu Pekin wprowadzi\u0142 w grudniu 2024 r., jeszcze przed rozpocz\u0119ciem drugiej kadencji prezydenta Donalda Trumpa, &#8222;w celu ochrony bezpiecze\u0144stwa narodowego i interes\u00f3w narodowych oraz wype\u0142nienia zobowi\u0105za\u0144 mi\u0119dzynarodowych, takich jak nierozprzestrzenianie broni j\u0105drowej&#8221;.<\/p>\n<p class=\"ods-c-paragraph \">Zgodnie z najnowszym komunikatem Chin zakaz eksportu pi\u0119ciu metali zostanie zawieszony do 27 listopada 2026 r. Decyzja ta zapad\u0142a po pa\u017adziernikowym spotkaniu prezydenta Trumpa z prezydentem Chin Xi Jinpingiem w Korei Po\u0142udniowej. Obie strony uzna\u0142y to za krok w stron\u0119 stabilizacji relacji handlowych po kilku latach napi\u0119\u0107.<\/p>\n<p class=\"ods-c-paragraph \">\u2014 Niedzielne o\u015bwiadczenie Chin nie odnios\u0142o si\u0119 do szerszych ram handlowych ani do licencji og\u00f3lnych opisanych przez Bia\u0142y Dom. Zamiast tego stwierdzono jedynie, \u017ce zawieszenie zakazu eksportu z 2024 r. b\u0119dzie obowi\u0105zywa\u0107 przez rok, co stanowi rozbie\u017cno\u015b\u0107 w ameryka\u0144skim i chi\u0144skim uj\u0119ciu umowy \u2014 zauwa\u017cy\u0142a UPI.<\/p>\n","protected":false},"excerpt":{"rendered":"Wed\u0142ug Bia\u0142ego Domu porozumienie ma zapewni\u0107 ameryka\u0144skim firmom stabilny dost\u0119p do materia\u0142\u00f3w niezb\u0119dnych w produkcji zaawansowanych technologii, a&hellip;\n","protected":false},"author":2,"featured_media":93913,"comment_status":"","ping_status":"","sticky":false,"template":"","format":"standard","meta":{"footnotes":""},"categories":[16],"tags":[113,112,85,44,10137,48,46,42,38,40,39,41,4239,47,80,71],"class_list":{"0":"post-93912","1":"post","2":"type-post","3":"status-publish","4":"format-standard","5":"has-post-thumbnail","7":"category-biznes","8":"tag-biznes","9":"tag-business","10":"tag-chiny","11":"tag-donald_trump","12":"tag-metale_ziem_rzadkich","13":"tag-nat_styl","14":"tag-omp","15":"tag-pl","16":"tag-poland","17":"tag-polish","18":"tag-polska","19":"tag-polski","20":"tag-polprzewodniki","21":"tag-screening_general","22":"tag-swiat","23":"tag-usa"},"share_on_mastodon":{"url":"https:\/\/pubeurope.com\/@pl\/115524309160841457","error":""},"_links":{"self":[{"href":"https:\/\/www.europesays.com\/pl\/wp-json\/wp\/v2\/posts\/93912","targetHints":{"allow":["GET"]}}],"collection":[{"href":"https:\/\/www.europesays.com\/pl\/wp-json\/wp\/v2\/posts"}],"about":[{"href":"https:\/\/www.europesays.com\/pl\/wp-json\/wp\/v2\/types\/post"}],"author":[{"embeddable":true,"href":"https:\/\/www.europesays.com\/pl\/wp-json\/wp\/v2\/users\/2"}],"replies":[{"embeddable":true,"href":"https:\/\/www.europesays.com\/pl\/wp-json\/wp\/v2\/comments?post=93912"}],"version-history":[{"count":0,"href":"https:\/\/www.europesays.com\/pl\/wp-json\/wp\/v2\/posts\/93912\/revisions"}],"wp:featuredmedia":[{"embeddable":true,"href":"https:\/\/www.europesays.com\/pl\/wp-json\/wp\/v2\/media\/93913"}],"wp:attachment":[{"href":"https:\/\/www.europesays.com\/pl\/wp-json\/wp\/v2\/media?parent=93912"}],"wp:term":[{"taxonomy":"category","embeddable":true,"href":"https:\/\/www.europesays.com\/pl\/wp-json\/wp\/v2\/categories?post=93912"},{"taxonomy":"post_tag","embeddable":true,"href":"https:\/\/www.europesays.com\/pl\/wp-json\/wp\/v2\/tags?post=93912"}],"curies":[{"name":"wp","href":"https:\/\/api.w.org\/{rel}","templated":true}]}}