{"id":94005,"date":"2025-11-10T09:01:09","date_gmt":"2025-11-10T09:01:09","guid":{"rendered":"https:\/\/www.europesays.com\/pl\/94005\/"},"modified":"2025-11-10T09:01:09","modified_gmt":"2025-11-10T09:01:09","slug":"zamieszanie-na-miesiecznicy-smolenskiej-prezes-pis-zagluszony","status":"publish","type":"post","link":"https:\/\/www.europesays.com\/pl\/94005\/","title":{"rendered":"Zamieszanie na miesi\u0119cznicy smole\u0144skiej. Prezes PiS zag\u0142uszony"},"content":{"rendered":"<p class=\"ods-c-paragraph \">\u2014 W dzisiejszej Polsce prawo nie obowi\u0105zuje. Przekonujemy si\u0119 o tym ka\u017cdego dnia. Najsmutniejsze jest to, \u017ce ludzie, kt\u00f3rzy pozwalali przez 8 lat okrada\u0107 Polsk\u0119 na dziesi\u0105tki miliard\u00f3w z\u0142otych o\u015bmielaj\u0105 si\u0119 oskar\u017ca\u0107 tych, kt\u00f3rzy kupowali bojowe wozy stra\u017cy po\u017carnej \u2014 m\u00f3wi\u0142 Jaros\u0142aw Kaczy\u0144ski.<\/p>\n<p>Dalszy ci\u0105g artyku\u0142u pod materia\u0142em wideo<\/p>\n<p> Jakie okrzyki towarzyszy\u0142y wyst\u0105pieniu Kaczy\u0144skiego? <\/p>\n<p> Kim jest Zbigniew Komosa? <\/p>\n<p> Jakie prawa ma na my\u015bli Zbigniew Komosa? <\/p>\n<p> Co wr\u0119czy\u0142 Zbigniew Komosa policji? <\/p>\n<p class=\"ods-c-paragraph \">Podczas przem\u00f3wienia prezesa Prawa i Sprawiedliwo\u015bci w tle nasila\u0142y si\u0119 okrzyki &#8222;k\u0142amca, k\u0142amca&#8221;.<\/p>\n<p class=\"ods-c-paragraph \">\u2014 My\u015bleli\u015bmy, \u017ce uda si\u0119 to opanowa\u0107, ale policja chroni tych, kt\u00f3rzy postawili haniebny wieniec z haniebnym napisem, kt\u00f3ry jest putinowsk\u0105 propagand\u0105, bezczeln\u0105 dzia\u0142alno\u015bci\u0105 agenturaln\u0105. Zapewniam pa\u0144stwa, \u017ce przyjdzie kres tego czasu i przyjdzie prawdziwa sprawiedliwo\u015b\u0107. Oni si\u0119 chwytaj\u0105 wszystkich mo\u017cliwo\u015bci. Prawo ju\u017c w\u0142a\u015bciwie w tej chwili nie obowi\u0105zuje. Zosta\u0142o zniesione. Dzia\u0142alno\u015b\u0107 obecnego ministra sprawiedliwo\u015bci to po prostu drwienie z prawa, a dzia\u0142alno\u015bci Tuska i tego pana [ministra sprawiedliwo\u015bci Waldemara \u017burka \u2014 red.], to tak\u017ce drwiny ze spo\u0142ecze\u0144stwa \u2014 m\u00f3wi\u0142 Kaczy\u0144ski.<\/p>\n<p class=\"ods-c-paragraph \">\u2014 Te wszystkie przyj\u0119cia z \u017burkiem to odwo\u0142ywanie si\u0119 do tej najgorszej, najmarniejszej, najbardziej \u017ca\u0142osnej, najbardziej bezwarto\u015bciowej cz\u0119\u015bci naszego spo\u0142ecze\u0144stwa. W ka\u017cdym spo\u0142ecze\u0144stwie s\u0105 tacy ludzie, ale oni w \u017cadnym razie nie mog\u0105 by\u0107 podstaw\u0105 w\u0142adzy nie tylko dobrej, ale nawet z\u0142ej. Mog\u0105 by\u0107 podstaw\u0105 w\u0142adzy tylko zdradzieckiej, obcej. I tak\u0105 w\u0142adz\u0119 mamy w\u0142a\u015bnie dzisiaj w Polsce. Ale zwyci\u0119\u017cymy \u2014 podsumowa\u0142 prezes PiS. W tle s\u0142ycha\u0107 by\u0142o przeplataj\u0105ce si\u0119 okrzyki &#8222;k\u0142amca&#8221;, kt\u00f3re za pomoc\u0105 megafonu wydaj\u0105 uczestnicy kontrmanifestacji oraz &#8222;zwyci\u0119\u017cymy&#8221;, kt\u00f3re s\u0142ycha\u0107 z ust zwolennik\u00f3w PiS.<\/p>\n<p>   Zbigniew Komosa wr\u0119czy\u0142 policji o\u015bwiadczenie<\/p>\n<p class=\"ods-c-paragraph \">Na placu Pi\u0142sudskiego jak co miesi\u0105c pojawi\u0142 si\u0119 r\u00f3wnie\u017c Zbigniew Komosa, kt\u00f3ry z\u0142o\u017cy\u0142 sw\u00f3j wieniec pod pomnikiem ofiar katastrofy smole\u0144skiej. Ponadto aktywista o godz. 7 wr\u0119czy\u0142 policji o\u015bwiadczenie, kt\u00f3rego tre\u015b\u0107 zosta\u0142a opublikowana w mediach spo\u0142eczno\u015bciowych.<\/p>\n<p class=\"ods-c-paragraph \">&#8222;Swoimi zachowaniami i uniemo\u017cliwianiem innym sk\u0142adania ho\u0142du ofiarom katastrofy, osoby zwi\u0105zane z Pa\u0142acem Prezydenckim i z Jaros\u0142awem Kaczy\u0144skim, zmuszaj\u0105 nas do walki o swoje prawa jako obywateli tego kraju. Prawa wielokrotnie podpartego wyrokami s\u0105d\u00f3w wszystkich instancji, w tym dwukrotnie S\u0105du Najwy\u017cszego. Prawa z kt\u00f3rego mamy zamiar w pe\u0142ni korzysta\u0107. To osoby zwi\u0105zane z Jaros\u0142awem Kaczy\u0144skim i Pa\u0142acem Prezydenckim zacz\u0119\u0142y ten bezsensowny i bezprawny proceder i to one mog\u0105 go r\u00f3wnie szybko zako\u0144czy\u0107. W innym przypadku nadal b\u0119dziemy zmuszeni by mu przeciwdzia\u0142a\u0107&#8221; \u2014 brzmi jego fragment.<\/p>\n","protected":false},"excerpt":{"rendered":"\u2014 W dzisiejszej Polsce prawo nie obowi\u0105zuje. Przekonujemy si\u0119 o tym ka\u017cdego dnia. Najsmutniejsze jest to, \u017ce ludzie,&hellip;\n","protected":false},"author":2,"featured_media":94006,"comment_status":"","ping_status":"","sticky":false,"template":"","format":"standard","meta":{"footnotes":""},"categories":[12],"tags":[32,33,36,37,27,34,35,28,31,48,25,46,42,38,40,39,41,47,29,30,435,26],"class_list":{"0":"post-94005","1":"post","2":"type-post","3":"status-publish","4":"format-standard","5":"has-post-thumbnail","7":"category-polska","8":"tag-breaking-news","9":"tag-breakingnews","10":"tag-featured-news","11":"tag-featurednews","12":"tag-headlines","13":"tag-latest-news","14":"tag-latestnews","15":"tag-naglowki","16":"tag-najwazniejsze-artykuly","17":"tag-nat_styl","18":"tag-news","19":"tag-omp","20":"tag-pl","21":"tag-poland","22":"tag-polish","23":"tag-polska","24":"tag-polski","25":"tag-screening_general","26":"tag-top-stories","27":"tag-topstories","28":"tag-warszawa","29":"tag-wiadomosci"},"share_on_mastodon":{"url":"https:\/\/pubeurope.com\/@pl\/115524592301531801","error":""},"_links":{"self":[{"href":"https:\/\/www.europesays.com\/pl\/wp-json\/wp\/v2\/posts\/94005","targetHints":{"allow":["GET"]}}],"collection":[{"href":"https:\/\/www.europesays.com\/pl\/wp-json\/wp\/v2\/posts"}],"about":[{"href":"https:\/\/www.europesays.com\/pl\/wp-json\/wp\/v2\/types\/post"}],"author":[{"embeddable":true,"href":"https:\/\/www.europesays.com\/pl\/wp-json\/wp\/v2\/users\/2"}],"replies":[{"embeddable":true,"href":"https:\/\/www.europesays.com\/pl\/wp-json\/wp\/v2\/comments?post=94005"}],"version-history":[{"count":0,"href":"https:\/\/www.europesays.com\/pl\/wp-json\/wp\/v2\/posts\/94005\/revisions"}],"wp:featuredmedia":[{"embeddable":true,"href":"https:\/\/www.europesays.com\/pl\/wp-json\/wp\/v2\/media\/94006"}],"wp:attachment":[{"href":"https:\/\/www.europesays.com\/pl\/wp-json\/wp\/v2\/media?parent=94005"}],"wp:term":[{"taxonomy":"category","embeddable":true,"href":"https:\/\/www.europesays.com\/pl\/wp-json\/wp\/v2\/categories?post=94005"},{"taxonomy":"post_tag","embeddable":true,"href":"https:\/\/www.europesays.com\/pl\/wp-json\/wp\/v2\/tags?post=94005"}],"curies":[{"name":"wp","href":"https:\/\/api.w.org\/{rel}","templated":true}]}}