{"id":94157,"date":"2025-11-10T10:40:28","date_gmt":"2025-11-10T10:40:28","guid":{"rendered":"https:\/\/www.europesays.com\/pl\/94157\/"},"modified":"2025-11-10T10:40:28","modified_gmt":"2025-11-10T10:40:28","slug":"czlowiek-w-fedorze-spod-luwru-odnaleziony-nie-chcialem-od-razu-powiedziec","status":"publish","type":"post","link":"https:\/\/www.europesays.com\/pl\/94157\/","title":{"rendered":"Cz\u0142owiek w fedorze&#8221; spod Luwru odnaleziony. &#8222;Nie chcia\u0142em od razu powiedzie\u0107"},"content":{"rendered":"<p class=\"ods-c-paragraph \">Pedro Elias Garzon Delvaux, znany teraz w sieci jako &#8222;Cz\u0142owiek w fedorze&#8221; (ang. Fedora man) [fedora to rodzaj kapelusza z mi\u0119kkim rondem oraz wkl\u0119s\u0142\u0105 fa\u0142d\u0105 wzd\u0142u\u017c g\u0142\u00f3wki], zosta\u0142 sfotografowany 19 pa\u017adziernika 2025 r. tu\u017c po napadzie we francuskim muzeum. Na zdj\u0119ciu przechodzi obok policjant\u00f3w strzeg\u0105cych wej\u015bcia do Luwru, ubrany w eleganck\u0105 kamizelk\u0119, krawat. Ma te\u017c ze sob\u0105 parasol o drewnianej r\u0105czce.<\/p>\n<p>Dalszy ci\u0105g artyku\u0142u pod materia\u0142em wideo<br \/>\n&#8222;Cz\u0142owiek w fedorze&#8221; spod Luwru znaleziony. To 15-latek<\/p>\n<p class=\"ods-c-paragraph \">Zdj\u0119cie wykonane przez francuskiego fotografa Thibaulta Camusa mia\u0142o dokumentowa\u0107 policyjne dzia\u0142ania po napadzie, ale uwag\u0119 internaut\u00f3w przyku\u0142a posta\u0107 wygl\u0105daj\u0105ca jak bohater filmu noir. Sam zainteresowany d\u0142ugo pozostawa\u0142 w ukryciu. Teraz udzieli\u0142 wywiadu agencji Assosiated Press.<\/p>\n<p class=\"ods-c-paragraph \">&#8222;Nie chcia\u0142em od razu powiedzie\u0107, \u017ce to ja. W tym zdj\u0119ciu jest tajemnica \u2014 trzeba j\u0105 by\u0142o troch\u0119 zachowa\u0107&#8221; \u2014 wyzna\u0142 w wywiadzie. Jak si\u0119 okaza\u0142o, w tamtym momencie nastolatek nie mia\u0142 poj\u0119cia o napadzie. Tego dnia odwiedza\u0142 Luwr z rodzicami i dziadkiem. &#8222;Chcieli\u015bmy wej\u015b\u0107 do \u015brodka, ale muzeum by\u0142o zamkni\u0119te. Nie wiedzieli\u015bmy, \u017ce w\u0142a\u015bnie odby\u0142 si\u0119 napad&#8221; \u2014 t\u0142umaczy\u0142 w rozmowie z dziennikarzami.<\/p>\n<p class=\"ods-c-paragraph \">Kiedy cztery dni p\u00f3\u017aniej jego znajoma wys\u0142a\u0142a mu wiadomo\u015b\u0107 z pytaniem, czy to on jest nowym &#8222;detektywem internetu&#8221;, by\u0142 zaskoczony. &#8222;Powiedzia\u0142a mi, \u017ce by\u0142o 5 milion\u00f3w wy\u015bwietle\u0144. By\u0142em troch\u0119 zaskoczony. Potem zadzwoni\u0142a jej matka, \u017ceby powiedzie\u0107, \u017ce jestem w \u00bbThe New York Times\u00ab. Kuzyni z Kolumbii, przyjaciele z Austrii, znajomi rodziny i koledzy z klasy przys\u0142ali zrzuty ekranu i dzwonili&#8221; \u2014 opowiada 15-latek.<\/p>\n<p class=\"ods-c-paragraph \">Pedro przyznaje, \u017ce uwielbia klasycznych detektyw\u00f3w \u2014 Sherlocka Holmesa i Herkulesa Poirota \u2014 i cz\u0119sto inspiruje si\u0119 stylem z lat 40. XX wieku. Do szko\u0142y chodzi w garniturach, cho\u0107 nie ma tam obowi\u0105zkowych mundurk\u00f3w. Fedora, jego znak rozpoznawczy, jest zarezerwowana na weekendy, \u015bwi\u0119ta i wizyty w muzeach. &#8222;Lubi\u0119 wygl\u0105da\u0107 elegancko. To nie kostium \u2014 po prostu tak si\u0119 ubieram. Lubi\u0119 styl retro&#8221; \u2014 m\u00f3wi.<\/p>\n<p class=\"ods-c-paragraph \">Niekt\u00f3rzy internauci byli przekonani, \u017ce zdj\u0119cie to grafika wygenerowana przez AI. Pedro rozumie to zdziwienie. Zauwa\u017ca, \u017ce wygl\u0105da na nim jak prosto z lat 40. XX wieku. Ostatecznie ch\u0142opiec zdecydowa\u0142 si\u0119 ujawni\u0107 to\u017csamo\u015b\u0107, gdy dziennikarze zacz\u0119li go szuka\u0107.<\/p>\n<p class=\"ods-c-paragraph \">Pedro mieszka w Rambouillet, 30 km od Pary\u017ca, z rodzicami i dziadkiem. Jego mama, Felicite Garzon Delvaux, to c\u00f3rka kustosza i artystki, dlatego od dziecka zabiera\u0142a go do galerii i muze\u00f3w. Co dalej? Pedro \u017cartuje, \u017ce czeka na propozycj\u0119 filmow\u0105. &#8222;Mo\u017ce kto\u015b zaprosi mnie do filmu. To by\u0142oby zabawne&#8221; \u2014 m\u00f3wi w wywiadzie z agencj\u0105 AP.<\/p>\n","protected":false},"excerpt":{"rendered":"Pedro Elias Garzon Delvaux, znany teraz w sieci jako &#8222;Cz\u0142owiek w fedorze&#8221; (ang. Fedora man) [fedora to rodzaj&hellip;\n","protected":false},"author":2,"featured_media":94158,"comment_status":"","ping_status":"","sticky":false,"template":"","format":"standard","meta":{"footnotes":""},"categories":[5],"tags":[32,33,36,37,96,27,1247,34,35,15040,28,31,48,25,46,42,38,40,39,41,47,29,30,26],"class_list":{"0":"post-94157","1":"post","2":"type-post","3":"status-publish","4":"format-standard","5":"has-post-thumbnail","7":"category-naglowki","8":"tag-breaking-news","9":"tag-breakingnews","10":"tag-featured-news","11":"tag-featurednews","12":"tag-francja","13":"tag-headlines","14":"tag-kradziez","15":"tag-latest-news","16":"tag-latestnews","17":"tag-luwr","18":"tag-naglowki","19":"tag-najwazniejsze-artykuly","20":"tag-nat_styl","21":"tag-news","22":"tag-omp","23":"tag-pl","24":"tag-poland","25":"tag-polish","26":"tag-polska","27":"tag-polski","28":"tag-screening_general","29":"tag-top-stories","30":"tag-topstories","31":"tag-wiadomosci"},"share_on_mastodon":{"url":"https:\/\/pubeurope.com\/@pl\/115524981452136340","error":""},"_links":{"self":[{"href":"https:\/\/www.europesays.com\/pl\/wp-json\/wp\/v2\/posts\/94157","targetHints":{"allow":["GET"]}}],"collection":[{"href":"https:\/\/www.europesays.com\/pl\/wp-json\/wp\/v2\/posts"}],"about":[{"href":"https:\/\/www.europesays.com\/pl\/wp-json\/wp\/v2\/types\/post"}],"author":[{"embeddable":true,"href":"https:\/\/www.europesays.com\/pl\/wp-json\/wp\/v2\/users\/2"}],"replies":[{"embeddable":true,"href":"https:\/\/www.europesays.com\/pl\/wp-json\/wp\/v2\/comments?post=94157"}],"version-history":[{"count":0,"href":"https:\/\/www.europesays.com\/pl\/wp-json\/wp\/v2\/posts\/94157\/revisions"}],"wp:featuredmedia":[{"embeddable":true,"href":"https:\/\/www.europesays.com\/pl\/wp-json\/wp\/v2\/media\/94158"}],"wp:attachment":[{"href":"https:\/\/www.europesays.com\/pl\/wp-json\/wp\/v2\/media?parent=94157"}],"wp:term":[{"taxonomy":"category","embeddable":true,"href":"https:\/\/www.europesays.com\/pl\/wp-json\/wp\/v2\/categories?post=94157"},{"taxonomy":"post_tag","embeddable":true,"href":"https:\/\/www.europesays.com\/pl\/wp-json\/wp\/v2\/tags?post=94157"}],"curies":[{"name":"wp","href":"https:\/\/api.w.org\/{rel}","templated":true}]}}