{"id":94220,"date":"2025-11-10T11:19:13","date_gmt":"2025-11-10T11:19:13","guid":{"rendered":"https:\/\/www.europesays.com\/pl\/94220\/"},"modified":"2025-11-10T11:19:13","modified_gmt":"2025-11-10T11:19:13","slug":"zorganizowal-koncert-tylko-dla-niej-od-razu-sie-we-mnie-zakochala","status":"publish","type":"post","link":"https:\/\/www.europesays.com\/pl\/94220\/","title":{"rendered":"Zorganizowa\u0142 koncert tylko dla niej. &#8222;Od razu si\u0119 we mnie zakocha\u0142a&#8221;"},"content":{"rendered":"\n<p>Pawe\u0142 Domaga\u0142a i\u00a0Zuzanna Grabowska poznali si\u0119 podczas studi\u00f3w aktorskich. Jak si\u0119 okaza\u0142o, by\u0142 to pocz\u0105tek wyj\u0105tkowej historii mi\u0142osnej, kt\u00f3ra trwa do dzi\u015b. Para pobra\u0142a si\u0119 25 maja 2013 roku i\u00a0wsp\u00f3lnie wychowuje dwie c\u00f3rki. Co ciekawe, na pocz\u0105tku znajomo\u015bci aktor nie wiedzia\u0142, \u017ce jego przysz\u0142a \u017cona pochodzi z\u00a0rodziny zwi\u0105zanej z\u00a0filmem &#8211;\u00a0jej ojcem jest znany aktor, Andrzej Grabowski.<\/p>\n<blockquote><p>&#8211; Nie wiedzia\u0142em w\u00a0og\u00f3le o\u00a0klanie Grabowskich. (&#8230;) Andrzej Grabowski, wybitny aktor teatralny, kojarzy\u0142 mi si\u0119 tylko z\u00a0jedn\u0105 rol\u0105. Nie wiedzia\u0142em o\u00a0istnieniu Miko\u0142aja Grabowskiego. Wszystkiego dowiedzia\u0142em si\u0119 na zaj\u0119ciach, na historii teatru. Jakby\u015b by\u0142a w\u00a0tym czasie c\u00f3rk\u0105 Marcina Da\u0144ca, to bym wiedzia\u0142 &#8211;\u00a0m\u00f3wi\u0142 Pawe\u0142 Domaga\u0142a w\u00a0programie &#8222;Demakija\u017c&#8221;, w\u00a0kt\u00f3rym go\u015bci\u0142 razem z\u00a0\u017con\u0105.<\/p><\/blockquote>\n<p> <img role=\"presentation\" class=\"absolute left-1\/2 top-1\/2 max-h-[80%] max-w-[100px] -translate-x-1\/2 -translate-y-1\/2\" src=\"https:\/\/v.wpimg.pl\/ZXJfd3AudTkrBBIAbg54LGhcRlAxHQUrPgJGH2MAeGJoSQ1eIBI_K2UHAEVuBTY5KQMMXC0RPyoVERQdMgM9ejc\" loading=\"lazy\" decoding=\"async\"\/> <\/p>\n<p>Tomasz i\u00a0Agata Wolni m\u00f3wi\u0105, jaki jest przepis na udany zwi\u0105zek ma\u0142\u017ce\u0144ski<\/p>\n<p>Przyja\u017a\u0144 przerodzi\u0142a si\u0119 w\u00a0mi\u0142o\u015b\u0107 <\/p>\n<p>Mimo \u017cycia w\u00a0blasku fleszy zakochani konsekwentnie chroni\u0105 swoj\u0105 prywatno\u015b\u0107. Domaga\u0142a, odnosz\u0105cy sukcesy zar\u00f3wno w\u00a0aktorstwie, jak i\u00a0muzyce, wielokrotnie podkre\u015bla\u0142 w\u00a0wywiadach, jak wa\u017cna jest dla niego rodzina. Ich zwi\u0105zek opiera si\u0119 na g\u0142\u0119bokiej przyja\u017ani, kt\u00f3ra trwa od czas\u00f3w studi\u00f3w.<\/p>\n<p> <img role=\"presentation\" class=\"absolute left-1\/2 top-1\/2 max-h-[80%] max-w-[100px] -translate-x-1\/2 -translate-y-1\/2\" src=\"https:\/\/v.wpimg.pl\/ZXJfd3AudTkrBBIAbg54LGhcRlAxHQUrPgJGH2MAeGJoSQ1eIBI_K2UHAEVuBTY5KQMMXC0RPyoVERQdMgM9ejc\" loading=\"lazy\" decoding=\"async\"\/> <\/p>\n<p>Niedawno para uchyli\u0142a r\u0105bka tajemnicy na temat swoich pocz\u0105tk\u00f3w w\u00a0reporta\u017cu dla programu &#8222;Dzie\u0144 Dobry TVN&#8221;.<\/p>\n<blockquote><p>&#8211; Zuza od razu si\u0119 we mnie zakocha\u0142a. Tylko po prostu nie mia\u0142a \u015bmia\u0142o\u015bci. Byli\u015bmy w\u00a0paczce &#8211;\u00a0\u017cartowa\u0142 aktor. &#8211;\u00a0Nie mia\u0142am \u015bmia\u0142o\u015bci podej\u015b\u0107. Bardzo si\u0119 zawsze lubili\u015bmy &#8211;\u00a0doda\u0142a Zuzanna Grabowska.<\/p><\/blockquote>\n<p>Od samego pocz\u0105tku Domaga\u0142a stara\u0142 si\u0119 okazywa\u0107 swoje uczucia w\u00a0niecodzienny spos\u00f3b. Jednym z\u00a0takich gest\u00f3w by\u0142 romantyczny, kameralny koncert, kt\u00f3ry muzyk zorganizowa\u0142 wy\u0142\u0105cznie dla swojej ukochanej. W\u015br\u00f3d utwor\u00f3w znalaz\u0142a si\u0119 nawet piosenka napisana specjalnie dla niej, inspirowana ni\u0105 i\u00a0zatytu\u0142owana jej imieniem.<\/p>\n<p> <img role=\"presentation\" class=\"absolute left-1\/2 top-1\/2 max-h-[80%] max-w-[100px] -translate-x-1\/2 -translate-y-1\/2\" src=\"https:\/\/v.wpimg.pl\/ZXJfd3AudTkrBBIAbg54LGhcRlAxHQUrPgJGH2MAeGJoSQ1eIBI_K2UHAEVuBTY5KQMMXC0RPyoVERQdMgM9ejc\" loading=\"lazy\" decoding=\"async\"\/> <\/p>\n<blockquote><p>&#8211; Tak, to prawda. Pawe\u0142 zorganizowa\u0142 koncert w\u00a0jednym z\u00a0lokali, ju\u017c nie ma tego miejsca. No i\u00a0zagra\u0142 swoje piosenki&#8230; &#8211;\u00a0wyzna\u0142a. <\/p><\/blockquote>\n<p>Domaga\u0142a doda\u0142, \u017ce by\u0142y to utwory skomponowane na jego pierwsz\u0105 p\u0142yt\u0119, kt\u00f3r\u0105 uda\u0142o mu si\u0119 za jaki\u015b czas wyda\u0107. &#8211;\u00a0Z\u00a0pierwszej p\u0142yty by\u0142y to w\u00a0og\u00f3le piosenki. (&#8230;) I\u00a0tam by\u0142a &#8222;Zuza&#8221;, zagra\u0142em &#8222;Zuz\u0119&#8221;, taki numer &#8211;\u00a0podkre\u015bli\u0142 aktor w\u00a0rozmowie z\u00a0dziennikark\u0105 &#8222;DDTVN&#8221;.<\/p>\n<p>     <img decoding=\"async\" src=\"https:\/\/www.europesays.com\/pl\/wp-content\/uploads\/2025\/11\/ZTQxYWIzdTUwGi9kZgF4IHNCez4gWHZ2JFpjdWYZdWViS2ove0pqZH4eMDssCD8kPlY-JTwKOyMhVik7ZhsqPX4OaHgtEykkPRkg.jpeg\" width=\"1333\" height=\"2000\" loading=\"lazy\" class=\"wp-media-image\" alt=\"Zuzanna Grabowska i Pawe\u0142 Domaga\u0142a\" data-lightbox=\"true\"\/> Zuzanna Grabowska i Pawe\u0142 Domaga\u0142a \u00a9 AKPA | AKPA <img role=\"presentation\" class=\"absolute left-1\/2 top-1\/2 max-h-[80%] max-w-[100px] -translate-x-1\/2 -translate-y-1\/2\" src=\"https:\/\/v.wpimg.pl\/ZXJfd3AudTkrBBIAbg54LGhcRlAxHQUrPgJGH2MAeGJoSQ1eIBI_K2UHAEVuBTY5KQMMXC0RPyoVERQdMgM9ejc\" loading=\"lazy\" decoding=\"async\"\/> <\/p>\n<p>Podobnie jak Pawe\u0142 Domaga\u0142a, Zuzanna Grabowska tak\u017ce nie ogranicza si\u0119 wy\u0142\u0105cznie do wyst\u0119p\u00f3w na scenie i\u00a0przed kamer\u0105. Jest r\u00f3wnie\u017c re\u017cyserk\u0105. Co ciekawe, wsp\u00f3\u0142pracowa\u0142a z\u00a0m\u0119\u017cem przy realizacji jednego z\u00a0jego teledysk\u00f3w, co \u015bwietnie pokazuje, jak wspieraj\u0105 si\u0119 w\u00a0swoich zawodowych pasjach.<\/p>\n<p>Zobacz te\u017c: <a href=\"https:\/\/kobieta.wp.pl\/wrocil-do-tanca-z-gwiazdami-pokazal-zabawne-nagranie-z-zona-7217820858682016a\" rel=\"noopener noreferrer nofollow\" target=\"_blank\">Wr\u00f3ci\u0142 do &#8222;Ta\u0144ca z\u00a0Gwiazdami&#8221;. Pokaza\u0142 zabawne nagranie z\u00a0\u017con\u0105<\/a><\/p>\n<p>Od pocz\u0105tku byli sobie pisani <\/p>\n<p>Grabowska wspomina\u0142a w\u00a0jednym z\u00a0wywiad\u00f3w, \u017ce aktor od samego pocz\u0105tku spodoba\u0142 si\u0119 nie tylko jej, ale tak\u017ce zdoby\u0142 sympati\u0119 jej rodziny dzi\u0119ki swojej naturalno\u015bci i\u00a0ujmuj\u0105cemu sposobowi bycia. Podczas pierwszego spotkania z\u00a0bliskimi ukochanej wr\u0119czy\u0142 przysz\u0142ej te\u015bciowej kwiat s\u0142onecznika, czym od razu zaskarbi\u0142 sobie jej sympati\u0119.<\/p>\n<p> <img role=\"presentation\" class=\"absolute left-1\/2 top-1\/2 max-h-[80%] max-w-[100px] -translate-x-1\/2 -translate-y-1\/2\" src=\"https:\/\/v.wpimg.pl\/ZXJfd3AudTkrBBIAbg54LGhcRlAxHQUrPgJGH2MAeGJoSQ1eIBI_K2UHAEVuBTY5KQMMXC0RPyoVERQdMgM9ejc\" loading=\"lazy\" decoding=\"async\"\/> <\/p>\n<blockquote><p>&#8211; Pawe\u0142 bardzo \u0142adnie si\u0119 zaprezentowa\u0142. Kupi\u0142 od razu moj\u0105 mam\u0119, bo jest taki naturalny i\u00a0lubi roz\u0142adowywa\u0107 sytuacje. Nawet jak jest zestresowany, to jest w\u00a0pewien spos\u00f3b uroczy &#8211;\u00a0powiedzia\u0142a Zuzanna Grabowska w\u00a0programie &#8222;Demakija\u017c&#8221;.<\/p><\/blockquote>\n<p>     <img decoding=\"async\" src=\"https:\/\/www.europesays.com\/pl\/wp-content\/uploads\/2025\/11\/MjNlY2E4YgsvDi8Bak9vHmxWe1ssFmFIO05jEGpXYlt6VWtKdAd-W2EKMF4gRigaIUI-QDBELB0-QilealU9A2EaaB0hXT4aIg0g.jpeg\" width=\"1492\" height=\"1331\" loading=\"lazy\" class=\"wp-media-image\" alt=\"Zuzanna Grabowska i Pawe\u0142 Domaga\u0142a\" data-lightbox=\"true\"\/> Zuzanna Grabowska i Pawe\u0142 Domaga\u0142a \u00a9 AKPA | AKPA <\/p>\n<p>Czytaj tak\u017ce: <a href=\"https:\/\/kobieta.wp.pl\/niewielu-wie-kim-jest-jego-zona-pracuje-w-konkurencyjnej-stacji-7218530426071648a\" rel=\"noopener noreferrer nofollow\" target=\"_blank\">Kim jest \u017cona Tomasza Wolnego? Pracuje w\u00a0konkurencyjnej stacji<\/a><\/p>\n<p> <img role=\"presentation\" class=\"absolute left-1\/2 top-1\/2 max-h-[80%] max-w-[100px] -translate-x-1\/2 -translate-y-1\/2\" src=\"https:\/\/v.wpimg.pl\/ZXJfd3AudTkrBBIAbg54LGhcRlAxHQUrPgJGH2MAeGJoSQ1eIBI_K2UHAEVuBTY5KQMMXC0RPyoVERQdMgM9ejc\" loading=\"lazy\" decoding=\"async\"\/> <\/p>\n<p>Zapraszamy na grup\u0119 FB &#8211;\u00a0<a href=\"https:\/\/www.facebook.com\/groups\/126020819449720\" rel=\"noopener noreferrer nofollow\" target=\"_blank\">#Wszechmocne.<\/a> To tu b\u0119dziemy informowa\u0107 na bie\u017c\u0105co o\u00a0terminach webinar\u00f3w, wywiadach, nowych historiach. Do\u0142\u0105czcie do nas i\u00a0zapro\u015bcie wszystkie znajome. Czekamy na was!<\/p>\n<p>Masz newsa, zdj\u0119cie lub filmik? Prze\u015blij nam przez <a href=\"https:\/\/dziejesie.wp.pl\/\" rel=\"noopener noreferrer nofollow\" target=\"_blank\">dziejesie.wp.pl<\/a>.<\/p>\n<p> <a class=\"cHJldmVudENC\" target=\"_blank\" rel=\"noopener nofollow\" href=\"https:\/\/kobieta.wp.pl\/testy-konsumenckie\/\">    <img decoding=\"async\" src=\"https:\/\/www.europesays.com\/pl\/wp-content\/uploads\/2025\/11\/MDFkNDUyYiUnCTh3egJvMGRRbC08W2FmM0l0ZnoaYnFzXjZ1Z0liIi8HKzYwCSJqIRk7NDQOPWo2B2ElJRBiMndEKi0mCSElP0Qr.jpeg\" width=\"555\" height=\"120\" loading=\"lazy\" class=\"wp-media-image\" alt=\"Klub \u015awiadomej Konsumentki\"\/><\/a> Klub \u015awiadomej Konsumentki \u00a9 WP Kobieta<\/p>\n","protected":false},"excerpt":{"rendered":"Pawe\u0142 Domaga\u0142a i\u00a0Zuzanna Grabowska poznali si\u0119 podczas studi\u00f3w aktorskich. Jak si\u0119 okaza\u0142o, by\u0142 to pocz\u0105tek wyj\u0105tkowej historii mi\u0142osnej,&hellip;\n","protected":false},"author":2,"featured_media":94221,"comment_status":"","ping_status":"","sticky":false,"template":"","format":"standard","meta":{"footnotes":""},"categories":[22],"tags":[122,42,38,40,39,41,123],"class_list":{"0":"post-94220","1":"post","2":"type-post","3":"status-publish","4":"format-standard","5":"has-post-thumbnail","7":"category-rozrywka","8":"tag-entertainment","9":"tag-pl","10":"tag-poland","11":"tag-polish","12":"tag-polska","13":"tag-polski","14":"tag-rozrywka"},"share_on_mastodon":{"url":"https:\/\/pubeurope.com\/@pl\/115525134904349474","error":""},"_links":{"self":[{"href":"https:\/\/www.europesays.com\/pl\/wp-json\/wp\/v2\/posts\/94220","targetHints":{"allow":["GET"]}}],"collection":[{"href":"https:\/\/www.europesays.com\/pl\/wp-json\/wp\/v2\/posts"}],"about":[{"href":"https:\/\/www.europesays.com\/pl\/wp-json\/wp\/v2\/types\/post"}],"author":[{"embeddable":true,"href":"https:\/\/www.europesays.com\/pl\/wp-json\/wp\/v2\/users\/2"}],"replies":[{"embeddable":true,"href":"https:\/\/www.europesays.com\/pl\/wp-json\/wp\/v2\/comments?post=94220"}],"version-history":[{"count":0,"href":"https:\/\/www.europesays.com\/pl\/wp-json\/wp\/v2\/posts\/94220\/revisions"}],"wp:featuredmedia":[{"embeddable":true,"href":"https:\/\/www.europesays.com\/pl\/wp-json\/wp\/v2\/media\/94221"}],"wp:attachment":[{"href":"https:\/\/www.europesays.com\/pl\/wp-json\/wp\/v2\/media?parent=94220"}],"wp:term":[{"taxonomy":"category","embeddable":true,"href":"https:\/\/www.europesays.com\/pl\/wp-json\/wp\/v2\/categories?post=94220"},{"taxonomy":"post_tag","embeddable":true,"href":"https:\/\/www.europesays.com\/pl\/wp-json\/wp\/v2\/tags?post=94220"}],"curies":[{"name":"wp","href":"https:\/\/api.w.org\/{rel}","templated":true}]}}