{"id":94224,"date":"2025-11-10T11:22:06","date_gmt":"2025-11-10T11:22:06","guid":{"rendered":"https:\/\/www.europesays.com\/pl\/94224\/"},"modified":"2025-11-10T11:22:06","modified_gmt":"2025-11-10T11:22:06","slug":"roman-i-anna-novak-zamordowani-na-pustyni-tajemnicza-smierc-w-dubaju","status":"publish","type":"post","link":"https:\/\/www.europesays.com\/pl\/94224\/","title":{"rendered":"Roman i Anna Novak zamordowani na pustyni. Tajemnicza \u015bmier\u0107 w Dubaju"},"content":{"rendered":"<p class=\"article-p\" data-section=\"detail-body\">Wed\u0142ug zezna\u0144 kierowcy, Roman i Anna zostali przekazani innemu pojazdowi na parkingu, po czym wszelki \u015blad po nich zagin\u0105\u0142. Dochodzenie rozpocz\u0119to po zg\u0142oszeniu zagini\u0119cia przez rodzin\u0119. Policja w Dubaju okre\u015bli\u0142a spraw\u0119 jako wyj\u0105tkowo z\u0142o\u017con\u0105 i niepokoj\u0105c\u0105. Zaanga\u017cowano tak\u017ce mi\u0119dzynarodowe organy, kt\u00f3re analizuj\u0105 motywy, szczeg\u00f3lnie ten finansowy.<\/p>\n<p class=\"article-p\" data-section=\"detail-body\">Czytaj te\u017c: <a href=\"https:\/\/www.fakt.pl\/wydarzenia\/polska\/krakow\/zabierzow-bochenski-pozar-nie-byl-przypadkiem-w-willi-znaleziono-cialo-romana\/4c5y4z2\" id=\"9abd63b9-41cd-42cd-ad40-2cbf5e2836d6\" rel=\"nofollow noopener\" target=\"_blank\">W willi znaleziono cia\u0142o Romana. To nie by\u0142 przypadek. Wstrz\u0105saj\u0105ce ustalenia<\/a><\/p>\n<p>        Brutalne morderstwo rosyjskiego miliardera. Zakopali ich na pustyni<\/p>\n<p class=\"article-p\" data-section=\"detail-body\">Pierwsi podejrzani zostali zatrzymani w rosyjskich miastach. \u015aledczy potwierdzili, \u017ce cia\u0142a ofiar zosta\u0142y rozcz\u0142onkowane i zakopane w p\u0142ytkich grobach na pustyni w pobli\u017cu rezerwatu Dubai Desert Conservation. Wst\u0119pne ustalenia wskazuj\u0105, \u017ce dom Novak\u00f3w zosta\u0142 spl\u0105drowany. Zagin\u0119\u0142y urz\u0105dzenia elektroniczne, w tym portfele kryptowalut oraz dyski twarde.<\/p>\n<p class=\"article-p\" data-section=\"detail-body\">Roman Novak by\u0142 znanym oszustem kryptowalutowym, kt\u00f3ry w mediach spo\u0142eczno\u015bciowych epatowa\u0142 blichtrem i luksusowym stylem \u017cycia. Policja podejrzewa, \u017ce motywem zbrodni mog\u0142y by\u0107 transakcje finansowe zwi\u0105zane z dynamicznie rozwijaj\u0105c\u0105 si\u0119 spo\u0142eczno\u015bci\u0105 kryptowalutow\u0105 w Dubaju. Kryminalistycy analizuj\u0105 ostatnie dzia\u0142ania pary, pr\u00f3buj\u0105c ustali\u0107, kto m\u00f3g\u0142 by\u0107 zamieszany w zbrodni\u0119.<\/p>\n<p class=\"article-p\" data-section=\"detail-body\">Czytaj te\u017c: <a href=\"https:\/\/www.fakt.pl\/polityka\/seria-tajemniczych-zgonow-w-rosji-ekspert-wskazal-mozliwy-trop\/573rqc9\" id=\"adb9471d-0d18-4bf4-8136-10bfbaa72c6d\" rel=\"nofollow noopener\" target=\"_blank\">Seria tajemniczych zgon\u00f3w w Rosji. Ekspert wskaza\u0142 mo\u017cliwy trop<\/a><\/p>\n<p class=\"article-p\" data-section=\"detail-body\">Tu\u017c przed utrat\u0105 kontaktu Roman Novak mia\u0142 wysy\u0142a\u0107 do znajomych wiadomo\u015bci, w kt\u00f3rych informowa\u0142, \u017ce utkn\u0105\u0142 w g\u00f3rach na granicy z Omanem i pilnie potrzebuje 200 tys. dolar\u00f3w. \u015aledczy podejrzewaj\u0105, \u017ce zab\u00f3jstwa mog\u0105 by\u0107 powi\u0105zane z szerok\u0105 sieci\u0105 finansow\u0105, w kt\u00f3rej para Novak\u00f3w utrzymywa\u0142a kontakty z wp\u0142ywowymi osobami, w tym z szefem Telegramu, Paw\u0142em Durowem. Rosyjski s\u0105d w 2020 r. skaza\u0142 Novaka za oszustwa na sze\u015b\u0107 lat kolonii karnej o zaostrzonym rygorze. Prawdopodobnie zosta\u0142 warunkowo zwolniony i uciek\u0142 do Dubaju.<\/p>\n<p class=\"article-p\" data-section=\"detail-body\">Wed\u0142ug organ\u00f3w \u015bcigania, para zosta\u0142a zmuszona do przekazania kryptowaluty, a sprawcy opu\u015bcili Zjednoczone Emiraty Arabskie i wr\u00f3cili do Rosji po morderstwie. Swiet\u0142ana Petrenko, rzeczniczka rosyjskiego Komitetu \u015aledczego, poinformowa\u0142a, \u017ce zab\u00f3jcy mieli wsp\u00f3lnik\u00f3w, kt\u00f3rzy pomogli zorganizowa\u0107 porwanie. W wyniku tego brutalnego ataku osierocone zosta\u0142y nieletnie dzieci pary.<\/p>\n<p class=\"article-p\" data-section=\"detail-body\">\u0179r\u00f3d\u0142o: Belsat, Onet\/ Fakt.pl<\/p>\n<p class=\"article-p\" data-section=\"detail-body\"><a href=\"https:\/\/www.fakt.pl\/polityka\/jeden-z-najbardziej-poszukiwanych-ludzi-na-swiecie-odnaleziony\/7c3l3d3\" id=\"77c293ef-2baf-4ad0-85ba-6143054fae55\" rel=\"nofollow noopener\" target=\"_blank\">Jeden z najbardziej poszukiwanych ludzi na \u015bwiecie odnaleziony<\/a><\/p>\n<p class=\"article-p\" data-section=\"detail-body\"><a href=\"https:\/\/www.fakt.pl\/wydarzenia\/polska\/slask\/zaginiecie-krola-bitcoinow-siostra-sylwestra-suszka-zostala-pozwana\/deqjfbw\" id=\"ebbb1833-df9e-4122-9d0c-92b672e45d70\" rel=\"nofollow noopener\" target=\"_blank\">Zagini\u0119cie polskiego &#8222;kr\u00f3la kryptowalut&#8221;. Siostra m\u0119\u017cczyzny: &#8222;nie dam si\u0119 zastraszy\u0107&#8221;<\/a><\/p>\n<p>        \/7<\/p>\n<p>                    <img decoding=\"async\" class=\"article-image-img\" loading=\"lazy\" alt=\"\" src=\"https:\/\/www.europesays.com\/pl\/wp-content\/uploads\/2025\/11\/ryTk9kuTURBXy9lYTIwZGFlZi05ZjFlLTQyYWQtYTY0ZS1kMWQ2NzdkNTVkYWMuanBlZ5GTAs0DSM0B2N4AAqEwAaExAQ.jpeg\" width=\"840\" height=\"472\"\/><\/p>\n<p>                  @t0r \/ Instagram<\/p>\n<p class=\"article-gallery-p\">\n        W Dubaju najprawdopodobniej zamordowano Romana Novaka i jego \u017con\u0119 Ann\u0119.\n    <\/p>\n<p>        \/7<\/p>\n<p>                    <img decoding=\"async\" class=\"article-image-img\" loading=\"lazy\" alt=\"\" src=\"https:\/\/www.europesays.com\/pl\/wp-content\/uploads\/2025\/11\/l19k9kuTURBXy85MGFkZWNjNi03YzFkLTQ3YzAtOGUzYy05ZjMyMzU2MDAyODUuanBlZ5GTAs0DSM0Cdt4AAqEwAaExAQ.jpeg\" width=\"840\" height=\"630\"\/><\/p>\n<p>                  @t0r \/ Instagram<\/p>\n<p class=\"article-gallery-p\">\n        Rozcz\u0142onkowane cia\u0142a ofiar znaleziono na pustyni w p\u0142ytkich grobach.\n    <\/p>\n","protected":false},"excerpt":{"rendered":"Wed\u0142ug zezna\u0144 kierowcy, Roman i Anna zostali przekazani innemu pojazdowi na parkingu, po czym wszelki \u015blad po nich&hellip;\n","protected":false},"author":2,"featured_media":94225,"comment_status":"","ping_status":"","sticky":false,"template":"","format":"standard","meta":{"footnotes":""},"categories":[14],"tags":[32,33,27,34,35,28,31,25,40,41,80,29,30,26,82,83,84],"class_list":{"0":"post-94224","1":"post","2":"type-post","3":"status-publish","4":"format-standard","5":"has-post-thumbnail","7":"category-swiat","8":"tag-breaking-news","9":"tag-breakingnews","10":"tag-headlines","11":"tag-latest-news","12":"tag-latestnews","13":"tag-naglowki","14":"tag-najwazniejsze-artykuly","15":"tag-news","16":"tag-polish","17":"tag-polski","18":"tag-swiat","19":"tag-top-stories","20":"tag-topstories","21":"tag-wiadomosci","22":"tag-world","23":"tag-world-news","24":"tag-worldnews"},"share_on_mastodon":{"url":"https:\/\/pubeurope.com\/@pl\/115525146822726059","error":""},"_links":{"self":[{"href":"https:\/\/www.europesays.com\/pl\/wp-json\/wp\/v2\/posts\/94224","targetHints":{"allow":["GET"]}}],"collection":[{"href":"https:\/\/www.europesays.com\/pl\/wp-json\/wp\/v2\/posts"}],"about":[{"href":"https:\/\/www.europesays.com\/pl\/wp-json\/wp\/v2\/types\/post"}],"author":[{"embeddable":true,"href":"https:\/\/www.europesays.com\/pl\/wp-json\/wp\/v2\/users\/2"}],"replies":[{"embeddable":true,"href":"https:\/\/www.europesays.com\/pl\/wp-json\/wp\/v2\/comments?post=94224"}],"version-history":[{"count":0,"href":"https:\/\/www.europesays.com\/pl\/wp-json\/wp\/v2\/posts\/94224\/revisions"}],"wp:featuredmedia":[{"embeddable":true,"href":"https:\/\/www.europesays.com\/pl\/wp-json\/wp\/v2\/media\/94225"}],"wp:attachment":[{"href":"https:\/\/www.europesays.com\/pl\/wp-json\/wp\/v2\/media?parent=94224"}],"wp:term":[{"taxonomy":"category","embeddable":true,"href":"https:\/\/www.europesays.com\/pl\/wp-json\/wp\/v2\/categories?post=94224"},{"taxonomy":"post_tag","embeddable":true,"href":"https:\/\/www.europesays.com\/pl\/wp-json\/wp\/v2\/tags?post=94224"}],"curies":[{"name":"wp","href":"https:\/\/api.w.org\/{rel}","templated":true}]}}