{"id":94624,"date":"2025-11-10T15:56:18","date_gmt":"2025-11-10T15:56:18","guid":{"rendered":"https:\/\/www.europesays.com\/pl\/94624\/"},"modified":"2025-11-10T15:56:18","modified_gmt":"2025-11-10T15:56:18","slug":"bunt-w-narodowym-banku-polskim-pracownicy-sprzeciwili-sie-adamowi-glapinskiemu-2","status":"publish","type":"post","link":"https:\/\/www.europesays.com\/pl\/94624\/","title":{"rendered":"Bunt w Narodowym Banku Polskim. Pracownicy sprzeciwili si\u0119 Adamowi Glapi\u0144skiemu"},"content":{"rendered":"<ul class=\"UnorderedList_container__nmfSl\">\n<li class=\"UnorderedList_listElement__Py7xi\" data-id=\"ai-summary-link\">Du\u017co czytania, a ma\u0142o czasu? Sprawd\u017a\u00a0skr\u00f3t\u00a0artyku\u0142u<\/li>\n<\/ul>\n<p class=\"Paragraph_desktopParagraph__U31Gm\">Rz\u0105d przyj\u0105\u0142 26 wrze\u015bnia projekt ustawy bud\u017cetowej na 2026 r., zak\u0142adaj\u0105cy dochody na poziomie 647,2 mld z\u0142, wydatki w wysoko\u015bci 918,9 mld z\u0142 oraz deficyt wynosz\u0105cy 271,7 mld z\u0142. Zgodnie z przepisami, prezes NBP przekazuje w imieniu Rady Polityki Pieni\u0119\u017cnej opini\u0119 na temat projektu bud\u017cetu Radzie Ministr\u00f3w oraz Ministrowi Finans\u00f3w.<\/p>\n<p class=\"VideoPlayerText_videoPlayerText__iDwyz\">Dalszy ci\u0105g materia\u0142u pod wideo<\/p>\n<p class=\"Paragraph_desktopParagraph__U31Gm\">Przed przekazaniem opinii, zarz\u0105d NBP musi uzgodni\u0107 jej tre\u015b\u0107. Pierwsze spotkanie w tej sprawie odby\u0142o si\u0119 23 pa\u017adziernika, kiedy to Adam Glapi\u0144ski przedstawi\u0142 projekt dokumentu zatytu\u0142owanego &#8222;Opinia Rady Polityki Pieni\u0119\u017cnej do projektu Ustawy bud\u017cetowej na rok 2026&#8221;.<\/p>\n<ul class=\"OchatFollowUps_wrapper__1ry7X\">\n<li class=\"OchatFollowUps_item__Dhyly OchatFollowUps_itemDesktop__R6aBv\">Jakie by\u0142y powody sprzeciwu cz\u0142onk\u00f3w zarz\u0105du NBP wobec Glapi\u0144skiego?<\/li>\n<li class=\"OchatFollowUps_item__Dhyly OchatFollowUps_itemDesktop__R6aBv\">Kiedy odby\u0142o si\u0119 pierwsze spotkanie dotycz\u0105ce opinii bud\u017cetowej?<\/li>\n<li class=\"OchatFollowUps_item__Dhyly OchatFollowUps_itemDesktop__R6aBv\">Co zmieniono w ostatecznej wersji opinii NBP?<\/li>\n<li class=\"OchatFollowUps_item__Dhyly OchatFollowUps_itemDesktop__R6aBv\">Dlaczego Glapi\u0144ski anulowa\u0142 g\u0142osowanie nad opini\u0105?<\/li>\n<\/ul>\n<p class=\"Paragraph_desktopParagraph__U31Gm\">Wed\u0142ug ustale\u0144 Radia Zet, pierwotna wersja opinii wywo\u0142a\u0142a o\u017cywion\u0105 dyskusj\u0119 w zarz\u0105dzie. Cz\u0119\u015b\u0107 cz\u0142onk\u00f3w domaga\u0142a si\u0119 ostrzejszej oceny polityki finansowej rz\u0105du Donalda Tuska, uznaj\u0105c, \u017ce dokument jest zbyt \u0142agodny. Ostatecznie projekt zosta\u0142 zdj\u0119ty z obrad.<\/p>\n<p>Opini\u0119 ostatecznie przyj\u0119to <\/p>\n<p class=\"Paragraph_desktopParagraph__U31Gm\">Kolejna wersja opinii pojawi\u0142a si\u0119 dzie\u0144 p\u00f3\u017aniej i zawiera\u0142a niewielkie zmiany. G\u0142osowanie nad ni\u0105 trwa\u0142o do 27 pa\u017adziernika do godziny 14, jednak tu\u017c przed jego zako\u0144czeniem zosta\u0142o ono anulowane przez prezesa Glapi\u0144skiego. Wed\u0142ug informatora z NBP, prezes by\u0142 \u015bwiadomy, \u017ce nie uzyska poparcia wi\u0119kszo\u015bci zarz\u0105du i zdecydowa\u0142 si\u0119 uniewa\u017cni\u0107 g\u0142osowanie. NBP nie udzieli\u0142o odpowiedzi na pytania dotycz\u0105ce powod\u00f3w anulowania g\u0142osowania przez prezesa Glapi\u0144skiego.<\/p>\n<p class=\"Paragraph_desktopParagraph__U31Gm\">Kolejne posiedzenie zarz\u0105du NBP odby\u0142o si\u0119 30 pa\u017adziernika. Przedstawiono na nim t\u0119 sam\u0105 wersj\u0119 projektu opinii, kt\u00f3ra ponownie nie zyska\u0142a akceptacji wszystkich cz\u0142onk\u00f3w zarz\u0105du. W zwi\u0105zku z tym prezes Glapi\u0144ski zarz\u0105dzi\u0142 przerw\u0119 do 3 listopada. Po wprowadzeniu poprawek dokument zosta\u0142 ostatecznie przyj\u0119ty w drodze g\u0142osowania.<\/p>\n<p class=\"Paragraph_desktopParagraph__U31Gm\">Z informacji uzyskanych przez Radio Zet wynika, \u017ce zmiany w opinii dotyczy\u0142y g\u0142\u00f3wnie tonu poszczeg\u00f3lnych rozdzia\u0142\u00f3w. Przyk\u0142adowo, tytu\u0142 drugiego rozdzia\u0142u pierwotnie brzmia\u0142 &#8222;Sytuacja sektora finans\u00f3w publicznych w 2025 r.&#8221;, natomiast w wersji przyj\u0119tej przez zarz\u0105d zosta\u0142 zmieniony na &#8222;Wyra\u017ane pogorszenie sytuacji sektora finans\u00f3w publicznych w latach 2024-2025&#8221;. Poprawki mia\u0142y na celu podkre\u015blenie trudnej sytuacji finansowej Polski pod rz\u0105dami Donalda Tuska oraz krytyk\u0119 polityki fiskalnej nowego rz\u0105du.<\/p>\n","protected":false},"excerpt":{"rendered":"Du\u017co czytania, a ma\u0142o czasu? Sprawd\u017a\u00a0skr\u00f3t\u00a0artyku\u0142u Rz\u0105d przyj\u0105\u0142 26 wrze\u015bnia projekt ustawy bud\u017cetowej na 2026 r., zak\u0142adaj\u0105cy dochody&hellip;\n","protected":false},"author":2,"featured_media":94625,"comment_status":"","ping_status":"","sticky":false,"template":"","format":"standard","meta":{"footnotes":""},"categories":[12],"tags":[15716,32,33,200,36,37,27,67,34,35,19839,28,31,15715,53,25,52,68,51,55,42,38,40,39,41,47,29,30,65,50,26],"class_list":{"0":"post-94624","1":"post","2":"type-post","3":"status-publish","4":"format-standard","5":"has-post-thumbnail","7":"category-polska","8":"tag-adam_glapinski","9":"tag-breaking-news","10":"tag-breakingnews","11":"tag-donald_tusk_polityk","12":"tag-featured-news","13":"tag-featurednews","14":"tag-headlines","15":"tag-intextvideo_splayer","16":"tag-latest-news","17":"tag-latestnews","18":"tag-mp_player_tst0","19":"tag-naglowki","20":"tag-najwazniejsze-artykuly","21":"tag-nbp_narodowy_bank_polski","22":"tag-new_header","23":"tag-news","24":"tag-onet3","25":"tag-onet3d","26":"tag-onet3d_2i","27":"tag-phx","28":"tag-pl","29":"tag-poland","30":"tag-polish","31":"tag-polska","32":"tag-polski","33":"tag-screening_general","34":"tag-top-stories","35":"tag-topstories","36":"tag-update_me","37":"tag-v2021","38":"tag-wiadomosci"},"share_on_mastodon":{"url":"https:\/\/pubeurope.com\/@pl\/115526224367942984","error":""},"_links":{"self":[{"href":"https:\/\/www.europesays.com\/pl\/wp-json\/wp\/v2\/posts\/94624","targetHints":{"allow":["GET"]}}],"collection":[{"href":"https:\/\/www.europesays.com\/pl\/wp-json\/wp\/v2\/posts"}],"about":[{"href":"https:\/\/www.europesays.com\/pl\/wp-json\/wp\/v2\/types\/post"}],"author":[{"embeddable":true,"href":"https:\/\/www.europesays.com\/pl\/wp-json\/wp\/v2\/users\/2"}],"replies":[{"embeddable":true,"href":"https:\/\/www.europesays.com\/pl\/wp-json\/wp\/v2\/comments?post=94624"}],"version-history":[{"count":0,"href":"https:\/\/www.europesays.com\/pl\/wp-json\/wp\/v2\/posts\/94624\/revisions"}],"wp:featuredmedia":[{"embeddable":true,"href":"https:\/\/www.europesays.com\/pl\/wp-json\/wp\/v2\/media\/94625"}],"wp:attachment":[{"href":"https:\/\/www.europesays.com\/pl\/wp-json\/wp\/v2\/media?parent=94624"}],"wp:term":[{"taxonomy":"category","embeddable":true,"href":"https:\/\/www.europesays.com\/pl\/wp-json\/wp\/v2\/categories?post=94624"},{"taxonomy":"post_tag","embeddable":true,"href":"https:\/\/www.europesays.com\/pl\/wp-json\/wp\/v2\/tags?post=94624"}],"curies":[{"name":"wp","href":"https:\/\/api.w.org\/{rel}","templated":true}]}}