{"id":94626,"date":"2025-11-10T15:57:21","date_gmt":"2025-11-10T15:57:21","guid":{"rendered":"https:\/\/www.europesays.com\/pl\/94626\/"},"modified":"2025-11-10T15:57:21","modified_gmt":"2025-11-10T15:57:21","slug":"sasiedzi-marii-nie-szanuja-polskiej-flagi-wyglada-gorzej-niz-scierka","status":"publish","type":"post","link":"https:\/\/www.europesays.com\/pl\/94626\/","title":{"rendered":"S\u0105siedzi Marii nie szanuj\u0105 polskiej flagi. &#8222;Wygl\u0105da gorzej ni\u017c \u015bcierka&#8221;"},"content":{"rendered":"<p class=\"ods-c-paragraph \">Poni\u017cej zamieszczamy list od naszej czytelniczki i zach\u0119camy was do dzielenia si\u0119 swoimi opiniami i w\u0142asnymi historiami pod adresem: redakcja_lifestyle@lst.onet.pl. Wybrane maile opublikujemy w Onecie.<\/p>\n<p class=\"ods-c-paragraph \">Z uwag\u0105 i zainteresowaniem przeczyta\u0142am wasz artyku\u0142 pt. &#8222;<a href=\"https:\/\/wiadomosci.onet.pl\/kraj\/nigdy-nie-wywieszaj-tak-flagi-panstwowej-groza-za-to-surowe-kary\/x9y56fz#google_vignette\" id=\"3fe8331b-26a1-4e64-840f-de85b338214c\" rel=\"nofollow noopener\" target=\"_blank\">Nigdy nie wywieszaj tak flagi pa\u0144stwowej. Gro\u017c\u0105 za to surowe kary<\/a>&#8222;. Przyznam szczerze, \u017ce nie wiedzia\u0142am, \u017ce jest tyle obostrze\u0144 co do wywieszania flagi pa\u0144stwowej. W zwi\u0105zku z tym uzna\u0142am, \u017ce opisz\u0119, jak sytuacja wygl\u0105da na moim osiedlu. Od d\u0142u\u017cszego czasu nie jestem w stanie przej\u015b\u0107 oboj\u0119tnie obok kilku balkon\u00f3w moich wyj\u0105tkowo &#8222;patriotycznych&#8221; s\u0105siad\u00f3w. Powiewaj\u0105 na nich flagi Polski. Nie by\u0142oby w tym nic dziwnego (szczeg\u00f3lnie przed <a href=\"https:\/\/wiadomosci.onet.pl\/kraj\/11-listopada-co-to-za-swieto-co-sie-wydarzylo\/lwvykzm\" id=\"ff201a80-0ae0-4b31-87f2-fd621f99bf65\" rel=\"nofollow noopener\" target=\"_blank\">\u015awi\u0119tem Niepodleg\u0142o\u015bci<\/a>), gdyby nie fakt, \u017ce wisz\u0105 tam od&#8230; <a href=\"https:\/\/kobieta.onet.pl\/majowka\" id=\"d357c508-9807-42df-bfd2-9d509e280e1c\" rel=\"nofollow noopener\" target=\"_blank\">maj\u00f3wki<\/a> 2024 r. Tak, to nie \u017cart. Moich trzech s\u0105siad\u00f3w wywiesi\u0142o je ponad rok temu i nie schowa\u0142o ich nawet na moment.<\/p>\n<p>Dalszy ci\u0105g artyku\u0142u pod materia\u0142em wideo<\/p>\n<p> Jak d\u0142ugo s\u0105siedzi wywieszaj\u0105 flagi Polski? <\/p>\n<p> Dlaczego pani Barbara jest zniesmaczona flagami s\u0105siad\u00f3w? <\/p>\n<p> Co m\u00f3wi przewodnik rz\u0105dowy o wywieszaniu flagi Polski? <\/p>\n<p> Jakie kary gro\u017c\u0105 za zniewa\u017cenie flagi pa\u0144stwowej? <\/p>\n<p class=\"ods-c-paragraph \">Jak wygl\u0105daj\u0105 teraz te flagi? Po bia\u0142o-czerwonych barwach nie zosta\u0142 nawet \u015blad. To raczej po\u0142\u0105czenie szaro\u015bci i r\u00f3\u017cu. Jakiego kraju to flaga? Nie wiem. Ale na pewno nie Polski. W dodatku na jednej z flag dostrzeg\u0142am ju\u017c dziur\u0119. Jak si\u0119 to ma do przepis\u00f3w, kt\u00f3re zabraniaj\u0105 niszczenia i nieszanowania symboli narodowych?! Po co wywiesza\u0107 na balkonie co\u015b, co zamiast pokazywa\u0107, jak kochamy nasz\u0105 ojczyzn\u0119, wygl\u0105da gorzej ni\u017c \u015bcierka?<\/p>\n<p class=\"ods-c-paragraph \">Nie mam odwagi, \u017ceby p\u00f3j\u015b\u0107 do tych s\u0105siad\u00f3w i zwr\u00f3ci\u0107 im uwag\u0119, bo boj\u0119 si\u0119, \u017ce wezm\u0105 mnie za dziwn\u0105 osob\u0119 albo \u2014 co gorsza \u2014 zaczn\u0105 mnie wyzywa\u0107. Z drugiej strony nie mog\u0119 patrze\u0107, jak kto\u015b z wa\u017cnego symbolu robi sobie ozdob\u0119 balkonu, kt\u00f3ra \u2014 um\u00f3wmy si\u0119 \u2014 t\u0105 ozdob\u0105 ju\u017c dawno nie jest. W Stanach Zjednoczonych by\u0142oby nie do pomy\u015blenia, \u017ceby tak traktowa\u0107 flag\u0119. Czy moi s\u0105siedzi zapomnieli, co ona symbolizuje? Czy nie wiedz\u0105, \u017ce czerwie\u0144 to krew przelana za ojczyzn\u0119, a biel to czysto\u015b\u0107 i niewinno\u015b\u0107? Mo\u017ce powinni wr\u00f3ci\u0107 do podstaw\u00f3wki na solidn\u0105 powt\u00f3rk\u0119.<\/p>\n<p>Jak poprawnie wywiesza\u0107 flag\u0119 Polski? Tych zasad nie mo\u017cna \u0142ama\u0107   <\/p>\n<p class=\"ods-c-paragraph \">Wiele cennych wskaz\u00f3wek dotycz\u0105cych wywieszania flagi pa\u0144stwowej mo\u017cna znale\u017a\u0107 w <a href=\"https:\/\/www.gov.pl\/web\/mswia\/miniprzewodnik-bialo-czerwona\" id=\"dd7e2a4e-05db-49f2-9c47-886d0c916916\" rel=\"nofollow noopener\" target=\"_blank\">specjalnym przewodniku opublikowanym na stronach rz\u0105dowych Ministerstwa Spraw Wewn\u0119trznych i Administracji.<\/a> W\u015br\u00f3d rzeczy, o kt\u00f3rych zdecydowanie powinni\u015bmy pami\u0119ta\u0107, jest to, \u017ce flaga Polski nie mo\u017ce by\u0107 brudna, podarta lub podziurawiona. Nie mo\u017ce by\u0107 na niej dodatkowych oznacza\u0107 ani w\u0142asnor\u0119cznie wykonanych napis\u00f3w.<\/p>\n<p class=\"ods-c-paragraph \">Przepisy jasno wskazuj\u0105 r\u00f3wnie\u017c, \u017ce nie nale\u017cy wywiesza\u0107 flagi podczas deszczu, burzy oraz silnego wiatru i \u015bnie\u017cycy, czyli w sytuacjach, gdy grozi jej zerwanie i upadek na ziemi\u0119. Nie mo\u017ce bowiem dotyka\u0107 pod\u0142o\u017ca oraz wody. Wywieszaj\u0105c j\u0105 przed domem, trzeba uwa\u017ca\u0107, by jej barwy uk\u0142ada\u0142y si\u0119 poprawnie.<\/p>\n<p class=\"ods-c-paragraph \"><a href=\"https:\/\/www.onet.pl\/styl-zycia\/onetkobieta\/nigdy-nie-wywieszaj-tak-flagi-panstwowej-za-zlamanie-przepisow-groza-surowe-kary\/fwthb5x,2b83378a\" id=\"9a72aed7-6c01-4648-8c55-0e54a789b61a\" rel=\"nofollow noopener\" target=\"_blank\">Nieprzestrzeganie zasad u\u017cywania i wywieszania flagi pa\u0144stwowej mo\u017ce by\u0107 potraktowane jako jej zniewa\u017cenie<\/a>. Zgodnie z art. 137 par. 1 Kodeksu karnego, &#8222;Kto publicznie zniewa\u017ca, niszczy, uszkadza lub usuwa god\u0142o, sztandar, chor\u0105giew, bander\u0119, flag\u0119 lub inny znak pa\u0144stwowy, podlega grzywnie, karze ograniczenia wolno\u015bci albo pozbawienia wolno\u015bci do roku&#8221;.<\/p>\n","protected":false},"excerpt":{"rendered":"Poni\u017cej zamieszczamy list od naszej czytelniczki i zach\u0119camy was do dzielenia si\u0119 swoimi opiniami i w\u0142asnymi historiami pod&hellip;\n","protected":false},"author":2,"featured_media":94627,"comment_status":"","ping_status":"","sticky":false,"template":"","format":"standard","meta":{"footnotes":""},"categories":[5],"tags":[32,33,36,37,21799,21798,27,34,35,28,31,48,25,46,42,38,40,39,41,47,29,30,26],"class_list":{"0":"post-94626","1":"post","2":"type-post","3":"status-publish","4":"format-standard","5":"has-post-thumbnail","7":"category-naglowki","8":"tag-breaking-news","9":"tag-breakingnews","10":"tag-featured-news","11":"tag-featurednews","12":"tag-flaga_panstwowa","13":"tag-flaga_polski","14":"tag-headlines","15":"tag-latest-news","16":"tag-latestnews","17":"tag-naglowki","18":"tag-najwazniejsze-artykuly","19":"tag-nat_styl","20":"tag-news","21":"tag-omp","22":"tag-pl","23":"tag-poland","24":"tag-polish","25":"tag-polska","26":"tag-polski","27":"tag-screening_general","28":"tag-top-stories","29":"tag-topstories","30":"tag-wiadomosci"},"share_on_mastodon":{"url":"https:\/\/pubeurope.com\/@pl\/115526227976208769","error":""},"_links":{"self":[{"href":"https:\/\/www.europesays.com\/pl\/wp-json\/wp\/v2\/posts\/94626","targetHints":{"allow":["GET"]}}],"collection":[{"href":"https:\/\/www.europesays.com\/pl\/wp-json\/wp\/v2\/posts"}],"about":[{"href":"https:\/\/www.europesays.com\/pl\/wp-json\/wp\/v2\/types\/post"}],"author":[{"embeddable":true,"href":"https:\/\/www.europesays.com\/pl\/wp-json\/wp\/v2\/users\/2"}],"replies":[{"embeddable":true,"href":"https:\/\/www.europesays.com\/pl\/wp-json\/wp\/v2\/comments?post=94626"}],"version-history":[{"count":0,"href":"https:\/\/www.europesays.com\/pl\/wp-json\/wp\/v2\/posts\/94626\/revisions"}],"wp:featuredmedia":[{"embeddable":true,"href":"https:\/\/www.europesays.com\/pl\/wp-json\/wp\/v2\/media\/94627"}],"wp:attachment":[{"href":"https:\/\/www.europesays.com\/pl\/wp-json\/wp\/v2\/media?parent=94626"}],"wp:term":[{"taxonomy":"category","embeddable":true,"href":"https:\/\/www.europesays.com\/pl\/wp-json\/wp\/v2\/categories?post=94626"},{"taxonomy":"post_tag","embeddable":true,"href":"https:\/\/www.europesays.com\/pl\/wp-json\/wp\/v2\/tags?post=94626"}],"curies":[{"name":"wp","href":"https:\/\/api.w.org\/{rel}","templated":true}]}}