{"id":94638,"date":"2025-11-10T16:04:11","date_gmt":"2025-11-10T16:04:11","guid":{"rendered":"https:\/\/www.europesays.com\/pl\/94638\/"},"modified":"2025-11-10T16:04:11","modified_gmt":"2025-11-10T16:04:11","slug":"sciegny-wstrzasajace-sceny-na-ulicy-kierowca-zaproponowal-16-latce-podwozke-po-chwili-uzyl-sily","status":"publish","type":"post","link":"https:\/\/www.europesays.com\/pl\/94638\/","title":{"rendered":"\u015aciegny. Wstrz\u0105saj\u0105ce sceny na ulicy, kierowca zaproponowa\u0142 16-latce podw\u00f3zk\u0119, po chwili u\u017cy\u0142 si\u0142y"},"content":{"rendered":"<ul class=\"list-summary__items summary\">\n<li>Jak dosz\u0142o do pr\u00f3by porwania 16-latki w miejscowo\u015bci \u015aciegny.<\/li>\n<li>Dlaczego 30-latek nie zrealizowa\u0142 swojego zamierzenia.<\/li>\n<li>Co przyczyni\u0142o si\u0119 do szybkiego zatrzymania podejrzanego.<\/li>\n<li>Kt\u00f3re dzia\u0142ania policyjne pomog\u0142y w identyfikacji m\u0119\u017cczyzny.<\/li>\n<\/ul>\n<p>    <a name=\"eztoc35674981_0_5\" id=\"eztoc35674981_0_5\"\/>\u015aciegny. 30-latek pr\u00f3bowa\u0142 si\u0142\u0105 wci\u0105gn\u0105\u0107 16-latk\u0119 do busa<\/p>\n<p>\n<a href=\"https:\/\/wiadomosci.radiozet.pl\/tag\/kategoria\/jelenia-gora\" target=\"_self\" rel=\"dofollow noopener\">Jeleniog\u00f3rscy<\/a> policjanci zatrzymali 30-letniego mieszka\u0144ca powiatu kamiennog\u00f3rskiego, kt\u00f3ry wed\u0142ug relacji 16-letniej dziewczyny pr\u00f3bowa\u0142 wci\u0105gn\u0105\u0107 j\u0105 si\u0142\u0105 do pojazdu. Do zdarzenia dosz\u0142o w sobot\u0119 8 listopada oko\u0142o godziny 16.30.\u00a0&#8222;Z relacji nastolatki wynika, \u017ce kiedy wraca\u0142a do domu zaczepi\u0142 j\u0105 kieruj\u0105cy samochodem m\u0119\u017cczyzna. Najpierw zaproponowa\u0142 jej podwiezienie, a gdy nastolatka odm\u00f3wi\u0142a, podj\u0105\u0142 pr\u00f3b\u0119 wci\u0105gni\u0119cia jej do pojazdu&#8221; &#8211; relacjonuje podinspektor Edyta Bagrowska z jeleniog\u00f3rskiej policji.<\/p>\n<p>M\u0119\u017cczy\u017anie na szcz\u0119\u015bcie nie uda\u0142o si\u0119 osi\u0105gn\u0105\u0107 zmierzonego celu, poniewa\u017c zosta\u0142 sp\u0142oszony przez przeje\u017cd\u017caj\u0105cego akurat w tamtym miejscu przypadkowego kierowc\u0119. 16-latka b\u0142yskawicznie o zaj\u015bciu poinformowa\u0142a policj\u0119.<\/p>\n<p>\t\t\t\t                                    \t<a name=\"eztoc35674981_0_6\" id=\"eztoc35674981_0_6\"\/>M\u0119\u017cczyzna zosta\u0142 zatrzymany<\/p>\n<p>Policja bardzo szybko rozpocz\u0119\u0142a czynno\u015bci w tej sprawie. &#8222;Podj\u0119to dzia\u0142ania, kt\u00f3re obj\u0119\u0142y m.in. analiz\u0119 nagra\u0144 z kamer monitoringu, rozpytanie \u015bwiadk\u00f3w oraz weryfikacj\u0119 zgromadzonych informacji operacyjnych. Dzi\u0119ki temu funkcjonariusze wytypowali m\u0119\u017cczyzn\u0119 mog\u0105cego mie\u0107 zwi\u0105zek z tym zdarzeniem&#8221; &#8211; poinformowa\u0142a Bagrowska.<\/p>\n<p>Podejrzewany 30-latek zosta\u0142 zatrzymany 9 listopada na terenie powiatu kamiennog\u00f3rskiego i trafi\u0142 do policyjnego aresztu. Prowadzone z nim b\u0119d\u0105 dalsze czynno\u015bci procesowe, kt\u00f3re maj\u0105 na celu ustalenie wszystkich okoliczno\u015bci zdarzenia. &#8222;Ostatecznie o tre\u015bci zarzut\u00f3w zadecyduje prokurator&#8221; &#8211; podkre\u015bla podinspektor Edyta Bagrowska z KMP w Jeleniej G\u00f3rze.<\/p>\n<p>                            <img decoding=\"async\" data-ot-ignore=\"\" class=\" \" src=\"https:\/\/www.europesays.com\/pl\/wp-content\/uploads\/2025\/11\/2.jpg\" width=\"800\" height=\"439\" alt=\"2\" data- loading=\"lazy\"\/><\/p>\n<p>                            fot. <\/p>\n<p>\u0179r\u00f3d\u0142o: Radio ZET<\/p>\n<p>By\u0142e\u015b \u015bwiadkiem czego\u015b niespodziewanego? Masz temat, kt\u00f3rym powinni\u015bmy si\u0119 zaj\u0105\u0107?<\/p>\n<p>Zg\u0142o\u015b spraw\u0119 przez <a href=\"https:\/\/wiadomosci.radiozet.pl\/czerwony-telefon\" target=\"_blank\" title=\"Czerwony telefon Radia Zet\" rel=\"nofollow noopener\">Czerwony telefon Radia ZET<\/a><\/p>\n","protected":false},"excerpt":{"rendered":"Jak dosz\u0142o do pr\u00f3by porwania 16-latki w miejscowo\u015bci \u015aciegny. Dlaczego 30-latek nie zrealizowa\u0142 swojego zamierzenia. Co przyczyni\u0142o si\u0119&hellip;\n","protected":false},"author":2,"featured_media":94639,"comment_status":"","ping_status":"","sticky":false,"template":"","format":"standard","meta":{"footnotes":""},"categories":[12],"tags":[744,32,33,36,37,27,21822,34,35,28,31,25,42,38,414,40,39,41,1627,29,30,26],"class_list":{"0":"post-94638","1":"post","2":"type-post","3":"status-publish","4":"format-standard","5":"has-post-thumbnail","7":"category-polska","8":"tag-atak","9":"tag-breaking-news","10":"tag-breakingnews","11":"tag-featured-news","12":"tag-featurednews","13":"tag-headlines","14":"tag-jelenia-gora","15":"tag-latest-news","16":"tag-latestnews","17":"tag-naglowki","18":"tag-najwazniejsze-artykuly","19":"tag-news","20":"tag-pl","21":"tag-poland","22":"tag-policja","23":"tag-polish","24":"tag-polska","25":"tag-polski","26":"tag-prokuratura","27":"tag-top-stories","28":"tag-topstories","29":"tag-wiadomosci"},"share_on_mastodon":{"url":"https:\/\/pubeurope.com\/@pl\/115526255713811758","error":""},"_links":{"self":[{"href":"https:\/\/www.europesays.com\/pl\/wp-json\/wp\/v2\/posts\/94638","targetHints":{"allow":["GET"]}}],"collection":[{"href":"https:\/\/www.europesays.com\/pl\/wp-json\/wp\/v2\/posts"}],"about":[{"href":"https:\/\/www.europesays.com\/pl\/wp-json\/wp\/v2\/types\/post"}],"author":[{"embeddable":true,"href":"https:\/\/www.europesays.com\/pl\/wp-json\/wp\/v2\/users\/2"}],"replies":[{"embeddable":true,"href":"https:\/\/www.europesays.com\/pl\/wp-json\/wp\/v2\/comments?post=94638"}],"version-history":[{"count":0,"href":"https:\/\/www.europesays.com\/pl\/wp-json\/wp\/v2\/posts\/94638\/revisions"}],"wp:featuredmedia":[{"embeddable":true,"href":"https:\/\/www.europesays.com\/pl\/wp-json\/wp\/v2\/media\/94639"}],"wp:attachment":[{"href":"https:\/\/www.europesays.com\/pl\/wp-json\/wp\/v2\/media?parent=94638"}],"wp:term":[{"taxonomy":"category","embeddable":true,"href":"https:\/\/www.europesays.com\/pl\/wp-json\/wp\/v2\/categories?post=94638"},{"taxonomy":"post_tag","embeddable":true,"href":"https:\/\/www.europesays.com\/pl\/wp-json\/wp\/v2\/tags?post=94638"}],"curies":[{"name":"wp","href":"https:\/\/api.w.org\/{rel}","templated":true}]}}