{"id":94680,"date":"2025-11-10T16:26:14","date_gmt":"2025-11-10T16:26:14","guid":{"rendered":"https:\/\/www.europesays.com\/pl\/94680\/"},"modified":"2025-11-10T16:26:14","modified_gmt":"2025-11-10T16:26:14","slug":"podszedl-do-rzutu-karnego-to-co-stalo-sie-potem-bedzie-legenda-pilka-nozna","status":"publish","type":"post","link":"https:\/\/www.europesays.com\/pl\/94680\/","title":{"rendered":"Podszed\u0142 do rzutu karnego. To, co sta\u0142o si\u0119 potem, b\u0119dzie legend\u0105 Pi\u0142ka no\u017cna"},"content":{"rendered":"<p class=\"art_paragraph\">FC Porto wym\u0119czy\u0142o zwyci\u0119stwo 0:1 z Famalicao w meczu 11. kolejki <a href=\"https:\/\/www.sport.pl\/pilka\/0,65044.html#anchorLink\" rel=\"nofollow noopener\" target=\"_blank\">ligi<\/a> portugalskiej. W 19. minucie z boiska musia\u0142 zej\u015b\u0107 <a href=\"https:\/\/www.sport.pl\/jan-bednarek#anchorLink\" rel=\"nofollow noopener\" target=\"_blank\">Jan Bednarek<\/a>, kt\u00f3ry dozna\u0142 kontuzji kolana. W innym starciu Benfica mierzy\u0142a si\u0119 z Cas\u0105 Pi\u0105, kt\u00f3ra walczy o utrzymanie.<\/p>\n<p>\n    Zobacz wideo Adam Nawa\u0142ka w Wieczystej Krak\u00f3w? Kosecki: S\u0105 ambicje, ale nie wiem co na to trener\n  <\/p>\n<p> Kuriozalny samob\u00f3j w lidze portugalskiej<\/p>\n<p class=\"art_paragraph\">To spotkanie zacz\u0119\u0142o si\u0119 wr\u0119cz perfekcyjnie, bo ju\u017c w 17. minucie zdoby\u0142 Heorhij Sudakow. W 60. minucie na 2:0 z <a href=\"https:\/\/www.sport.pl\/pilka\/7,65043,31219851,rzut-karny-haalanda-stal-sie-hitem-w-sieci-2-mln-wyswietlen.html#anchorLink\" rel=\"nofollow noopener\" target=\"_blank\">rzutu karnego<\/a> podwy\u017cszy\u0142 Vangelis Pavlidis. Po tym trafieniu zacz\u0119\u0142y si\u0119 dzia\u0107 z\u0142e rzeczy dla gospodarzy. Pi\u0119\u0107 minut p\u00f3\u017aniej zosta\u0142 podyktowany dla go\u015bci. Do pi\u0142ki podszed\u0142 Brazylijczyk Cassiano. Jego strza\u0142 obroni\u0142 Andriej Trubin. Jednak to, co p\u00f3\u017aniej si\u0119 sta\u0142o, przesz\u0142o wszelkie poj\u0119cie.<\/p>\n<p class=\"art_paragraph\">Do wybitej pi\u0142ki przez Trubina dopad\u0142 Tomas <a href=\"https:\/\/www.sport.pl\/ronald-araujo#anchorLink\" rel=\"nofollow noopener\" target=\"_blank\">Araujo<\/a>. Portugalczyk pr\u00f3bowa\u0142 j\u0105 wybi\u0107, ale&#8230; trafi\u0142 w samo okno w\u0142asnej bramki. To by\u0142 wyj\u0105tkowej urody samob\u00f3j. &#8222;Ojej! Samob\u00f3j! Co tutaj si\u0119 sta\u0142o?! (&#8230;) Komedia pomy\u0142ek&#8221; &#8211; reagowa\u0142 komentator Eleven Sports.<\/p>\n<p class=\"art_paragraph\">Zobacz te\u017c: <a href=\"https:\/\/www.sport.pl\/pilka\/7,64946,32384609,pilkarz-fc-porto-powiedzial-co-mysli-o-bednarku-i-kiwiorze.html\" class=\"art_link\" rel=\"dofollow noopener\" target=\"_blank\">Pi\u0142karz FC Porto powiedzia\u0142, co my\u015bli o Bednarku i Kiwiorze<\/a><\/p>\n<p class=\"art_paragraph\">Po tym trafieniu Portugalczyk pad\u0142 na kolana, zakrywaj\u0105c twarz r\u0119koma. Od razu podbiegli do niego koledzy, kt\u00f3ry zacz\u0119li go pociesza\u0107. Bramkarz Benfiki nawet nie wiedzia\u0142, jak ma zareagowa\u0107 na to, co si\u0119 sta\u0142o.<\/p>\n<p class=\"art_paragraph\">To jeszcze nie by\u0142o najgorsze. W doliczonym czasie gry (90+1&#8242;) Renato Nhaga doprowadzi\u0142 do wyr\u00f3wnania. Benfica nie mia\u0142a ju\u017c czasu na strzelenie zwyci\u0119skiego gola. To sprawi\u0142o, \u017ce Benfica z dorobkiem 25 pkt plasuje si\u0119 na trzecim miejscu w tabeli ligi portugalskiej. Pierwsze jest FC Porto Jana Bednarka i Jakuba Kiwiora &#8211; 31 pkt. Drugi jest <a href=\"https:\/\/www.sport.pl\/sporting-lizbona#anchorLink\" rel=\"nofollow noopener\" target=\"_blank\">Sporting<\/a>, kt\u00f3ry traci do lidera trzy &#8222;oczka&#8221;.<\/p>\n","protected":false},"excerpt":{"rendered":"FC Porto wym\u0119czy\u0142o zwyci\u0119stwo 0:1 z Famalicao w meczu 11. kolejki ligi portugalskiej. W 19. minucie z boiska&hellip;\n","protected":false},"author":2,"featured_media":94681,"comment_status":"","ping_status":"","sticky":false,"template":"","format":"standard","meta":{"footnotes":""},"categories":[5],"tags":[32,33,36,37,27,34,35,28,31,25,42,38,40,39,41,29,30,26],"class_list":{"0":"post-94680","1":"post","2":"type-post","3":"status-publish","4":"format-standard","5":"has-post-thumbnail","7":"category-naglowki","8":"tag-breaking-news","9":"tag-breakingnews","10":"tag-featured-news","11":"tag-featurednews","12":"tag-headlines","13":"tag-latest-news","14":"tag-latestnews","15":"tag-naglowki","16":"tag-najwazniejsze-artykuly","17":"tag-news","18":"tag-pl","19":"tag-poland","20":"tag-polish","21":"tag-polska","22":"tag-polski","23":"tag-top-stories","24":"tag-topstories","25":"tag-wiadomosci"},"share_on_mastodon":{"url":"https:\/\/pubeurope.com\/@pl\/115526341935825216","error":""},"_links":{"self":[{"href":"https:\/\/www.europesays.com\/pl\/wp-json\/wp\/v2\/posts\/94680","targetHints":{"allow":["GET"]}}],"collection":[{"href":"https:\/\/www.europesays.com\/pl\/wp-json\/wp\/v2\/posts"}],"about":[{"href":"https:\/\/www.europesays.com\/pl\/wp-json\/wp\/v2\/types\/post"}],"author":[{"embeddable":true,"href":"https:\/\/www.europesays.com\/pl\/wp-json\/wp\/v2\/users\/2"}],"replies":[{"embeddable":true,"href":"https:\/\/www.europesays.com\/pl\/wp-json\/wp\/v2\/comments?post=94680"}],"version-history":[{"count":0,"href":"https:\/\/www.europesays.com\/pl\/wp-json\/wp\/v2\/posts\/94680\/revisions"}],"wp:featuredmedia":[{"embeddable":true,"href":"https:\/\/www.europesays.com\/pl\/wp-json\/wp\/v2\/media\/94681"}],"wp:attachment":[{"href":"https:\/\/www.europesays.com\/pl\/wp-json\/wp\/v2\/media?parent=94680"}],"wp:term":[{"taxonomy":"category","embeddable":true,"href":"https:\/\/www.europesays.com\/pl\/wp-json\/wp\/v2\/categories?post=94680"},{"taxonomy":"post_tag","embeddable":true,"href":"https:\/\/www.europesays.com\/pl\/wp-json\/wp\/v2\/tags?post=94680"}],"curies":[{"name":"wp","href":"https:\/\/api.w.org\/{rel}","templated":true}]}}