{"id":94734,"date":"2025-11-10T17:00:07","date_gmt":"2025-11-10T17:00:07","guid":{"rendered":"https:\/\/www.europesays.com\/pl\/94734\/"},"modified":"2025-11-10T17:00:07","modified_gmt":"2025-11-10T17:00:07","slug":"najbardziej-lubiani-politycy-takie-nazwiska-wskazali-polacy","status":"publish","type":"post","link":"https:\/\/www.europesays.com\/pl\/94734\/","title":{"rendered":"Najbardziej lubiani politycy. Takie nazwiska wskazali Polacy"},"content":{"rendered":"<p class=\"ods-c-paragraph \">W najnowszym sonda\u017cu dla Wirtualnej Polski ankietowani zostali zapytani o to, kt\u00f3rego z polskich polityk\u00f3w lubi\u0105 najbardziej? 28 proc. respondent\u00f3w jako ulubionego polityka wskaza\u0142o prezydenta Karola Nawrockiego.<\/p>\n<p>Dalszy ci\u0105g artyku\u0142u pod materia\u0142em wideo<\/p>\n<p> Kto jest najbardziej lubianym politykiem w Polsce? <\/p>\n<p> Ile g\u0142os\u00f3w otrzyma\u0142 prezydent Karol Nawrocki? <\/p>\n<p> Kto zaj\u0105\u0142 drugie miejsce w rankingu? <\/p>\n<p> Na kt\u00f3rym miejscu uplasowa\u0142 si\u0119 Jaros\u0142aw Kaczy\u0144ski? <\/p>\n<p class=\"ods-c-paragraph \">Na drugim miejscu usytuowa\u0142 si\u0119 prezydent Warszawy Rafa\u0142 Trzaskowski z wynikiem 14 proc. Premier Donald Tusk otrzyma\u0142 12 proc. g\u0142os\u00f3w. Jak wskazuje WP, suma poparcia dla dw\u00f3ch g\u0142\u00f3wnych postaci rz\u0105dz\u0105cego obozu jest ni\u017csza ni\u017c wynik prezydenta.<\/p>\n<p>Ranking ulubionych polityk\u00f3w. Oni nie dostali si\u0119 na podium   <\/p>\n<p class=\"ods-c-paragraph \">Na czwartej pozycji uplasowa\u0142 si\u0119 lider Konfederacji Krzysztof Bosak, kt\u00f3ry zosta\u0142 wybrany przez 9 proc. ankietowanych. Kolejne miejsce z wynikiem 8 proc. zaj\u0119li razem marsza\u0142ek Sejmu Szymon Ho\u0142ownia i lider partii Razem Adrian Zandberg; wicemarsza\u0142kini Senatu Magdalena Biejat zebra\u0142a g\u0142osy 7 proc. uczestnik\u00f3w badania.<\/p>\n<p class=\"ods-c-paragraph \">Wicepremier i szef MON W\u0142adys\u0142aw Kosiniak-Kamysz oraz by\u0142y premier Mateusz Morawiecki otrzymali g\u0142osy 4 proc. respondent\u00f3w. 3 proc. badanych jako ulubionego polityka wskaza\u0142o wsp\u00f3\u0142przewodnicz\u0105cego Lewicy W\u0142odzimierza Czarzastego.<\/p>\n<p class=\"ods-c-paragraph \">Najni\u017cszy wynik otrzyma\u0142 prezes PiS Jaros\u0142aw Kaczy\u0144ski. Lidera partii wybra\u0142o 2 proc. pytanych.<\/p>\n<p class=\"ods-c-paragraph \">Badanie zosta\u0142o przeprowadzone przez Og\u00f3lnopolski Panel Badawczy Ariadna 17\u201320 pa\u017adziernika 2025 r. metod\u0105 CAWI na pr\u00f3bie 1088 Polak\u00f3w.<\/p>\n","protected":false},"excerpt":{"rendered":"W najnowszym sonda\u017cu dla Wirtualnej Polski ankietowani zostali zapytani o to, kt\u00f3rego z polskich polityk\u00f3w lubi\u0105 najbardziej? 28&hellip;\n","protected":false},"author":2,"featured_media":94735,"comment_status":"","ping_status":"","sticky":false,"template":"","format":"standard","meta":{"footnotes":""},"categories":[12],"tags":[32,33,212,36,37,27,43,49,34,35,28,31,48,25,46,42,38,40,39,41,1014,47,29,30,26,3648],"class_list":{"0":"post-94734","1":"post","2":"type-post","3":"status-publish","4":"format-standard","5":"has-post-thumbnail","7":"category-polska","8":"tag-breaking-news","9":"tag-breakingnews","10":"tag-donald_tusk","11":"tag-featured-news","12":"tag-featurednews","13":"tag-headlines","14":"tag-karol_nawrocki","15":"tag-kraj","16":"tag-latest-news","17":"tag-latestnews","18":"tag-naglowki","19":"tag-najwazniejsze-artykuly","20":"tag-nat_styl","21":"tag-news","22":"tag-omp","23":"tag-pl","24":"tag-poland","25":"tag-polish","26":"tag-polska","27":"tag-polski","28":"tag-rafal_trzaskowski","29":"tag-screening_general","30":"tag-top-stories","31":"tag-topstories","32":"tag-wiadomosci","33":"tag-wszystkie_miasta_bloczek_regionalny_wiadomosci"},"share_on_mastodon":{"url":"https:\/\/pubeurope.com\/@pl\/115526475680189869","error":""},"_links":{"self":[{"href":"https:\/\/www.europesays.com\/pl\/wp-json\/wp\/v2\/posts\/94734","targetHints":{"allow":["GET"]}}],"collection":[{"href":"https:\/\/www.europesays.com\/pl\/wp-json\/wp\/v2\/posts"}],"about":[{"href":"https:\/\/www.europesays.com\/pl\/wp-json\/wp\/v2\/types\/post"}],"author":[{"embeddable":true,"href":"https:\/\/www.europesays.com\/pl\/wp-json\/wp\/v2\/users\/2"}],"replies":[{"embeddable":true,"href":"https:\/\/www.europesays.com\/pl\/wp-json\/wp\/v2\/comments?post=94734"}],"version-history":[{"count":0,"href":"https:\/\/www.europesays.com\/pl\/wp-json\/wp\/v2\/posts\/94734\/revisions"}],"wp:featuredmedia":[{"embeddable":true,"href":"https:\/\/www.europesays.com\/pl\/wp-json\/wp\/v2\/media\/94735"}],"wp:attachment":[{"href":"https:\/\/www.europesays.com\/pl\/wp-json\/wp\/v2\/media?parent=94734"}],"wp:term":[{"taxonomy":"category","embeddable":true,"href":"https:\/\/www.europesays.com\/pl\/wp-json\/wp\/v2\/categories?post=94734"},{"taxonomy":"post_tag","embeddable":true,"href":"https:\/\/www.europesays.com\/pl\/wp-json\/wp\/v2\/tags?post=94734"}],"curies":[{"name":"wp","href":"https:\/\/api.w.org\/{rel}","templated":true}]}}