{"id":94788,"date":"2025-11-10T17:43:09","date_gmt":"2025-11-10T17:43:09","guid":{"rendered":"https:\/\/www.europesays.com\/pl\/94788\/"},"modified":"2025-11-10T17:43:09","modified_gmt":"2025-11-10T17:43:09","slug":"usmiechniety-premier-z-popcornem-organizuje-igrzyska-nowy-wpis-na-koncie-prezesa-pis-onet","status":"publish","type":"post","link":"https:\/\/www.europesays.com\/pl\/94788\/","title":{"rendered":"&quot;U\u015bmiechni\u0119ty premier z popcornem organizuje igrzyska&quot;. Nowy wpis na koncie prezesa PiS &#8211; Onet"},"content":{"rendered":"<ol>\n<li><a href=\"https:\/\/news.google.com\/rss\/articles\/CBMixwFBVV95cUxNY2M4U2wzNHZPdmY0b1Y0QzIxd2dXVUZvTDRjQlJ0X2VxLUdkTzZKT2JVbFpEUFNGZ0dHQnprNjc3N2JBcm9uYlNacG5DSE1HdWdfYjJOaWxTQ2EwUDdySGR5YmZhZXRSS0JuNGF6V2dHMWpWM3Rpa2lrd0N0dDc3aGxPQU1SSldXclE2X2RfMzItTU5fMGJDck5jd0NOUnBXVE1COTVobGtKSVdwNnBtZVctQmN3MzNaVnFOQm1LWmwzWVpSNXdn?oc=5\" target=\"_blank\" rel=\"nofollow noopener\">&#8222;U\u015bmiechni\u0119ty premier z popcornem organizuje igrzyska&#8221;. Nowy wpis na koncie prezesa PiS<\/a>&nbsp;&nbsp;Onet<\/li>\n<li><a href=\"https:\/\/news.google.com\/rss\/articles\/CBMinwFBVV95cUxOLUtYRG5MNTRfc0JNUlpaV213c19XOGhuaEFZY3NRUDVZZG0wUF8zYm9FXzk2aWtOOVIyMTktd1BrVDIwZzFYMTQ5NHJlRnp3ekM2cGJ6Z3N0ejhqNzc0WUNEcFdzM2M1SmlrZFJNY21iUmNpQ1FTSTBpdWYyYU1DVVZjWUhWamM4a054dXhiZTE5VVZsVFVvTTk3eGd3Q00?oc=5\" target=\"_blank\" rel=\"nofollow noopener\">Ziobro oskar\u017ca Tuska o &#8222;s\u0105dow\u0105 ustawk\u0119&#8221;. Uderza te\u017c w ministra \u017burka<\/a>&nbsp;&nbsp;Onet Wiadomo\u015bci<\/li>\n<li><a href=\"https:\/\/news.google.com\/rss\/articles\/CBMimgFBVV95cUxOVGFBRHNnSnNLcjJGVFd4YnBHYUdzcUFNRElDSGlJOXQ0Y0wxRWZYcktIWEhSckNGVmFkNVBZSHNBWWZ1MnY3RV8zVFd6RjEwVFRNYm03Tzl1WUtXZkV5SUhkWGlwVWZzTGRPUVBWcUdSRTEyd2ZldjYxZzZpYmZZblc5alhzS1BySGVwdWJIZkJHSmRLUzRSdmpR?oc=5\" target=\"_blank\" rel=\"nofollow noopener\">&#8222;Oskar\u017cam Donalda Tuska&#8221;. Mocne s\u0142owa Zbigniewa Ziobry<\/a>&nbsp;&nbsp;WP Wiadomo\u015bci<\/li>\n<li><a href=\"https:\/\/news.google.com\/rss\/articles\/CBMiggFBVV95cUxPLXNYNktsWFBtdnBCaFpSTTcyNHFVMnZweTVocHhYaTJFQktwbG51ZzJQRDd1azI1NDRwc1V5TWZsNWJJZzh6LUpBRDNDVnZpQ2dwY1lRSFVnZXl3NFBQZmJZamNKU091NGp5U1Q2UVRnR3ptN19kRHhUUWF3Ri1iODdn?oc=5\" target=\"_blank\" rel=\"nofollow noopener\">Prezes PiS: To moralny upadek tej w\u0142adzy!<\/a>&nbsp;&nbsp;wPolityce.pl<\/li>\n<li><a href=\"https:\/\/news.google.com\/rss\/articles\/CBMi0wFBVV95cUxNVEdZcnJUcDYwTUtNZ3YzVDFhM3hsY1hXMWFjUk1DdXBrS0lOUERSbVZEQVF2Vjhxd292TE1qZl9sc2pDMTgxUGRmZXFTd2J6WDd0T1lJek1CQ3Z2SjAxYWtSWE45NTFyX3NsZnhVNDlyY2FBUzU2ZW51QU4yM2FGYUp4WFYtbnFGMGV0WmhKMEVjdDF2YUdDaGpBSDZrZTBNRE4ydHBFaWFSMG8wRzNoZmhVTTJRLVZGWXVGeWlIeXhUQ05SQzVuOWVLWUM3eW5hQ2w4?oc=5\" target=\"_blank\" rel=\"nofollow noopener\">Zbigniew Ziobro bez ogr\u00f3dek: Tusk urz\u0105dzi\u0142 igrzyska, by wyciszy\u0107 kryzys w polskiej onkologii<\/a>&nbsp;&nbsp;Medonet<\/li>\n<\/ol>\n","protected":false},"excerpt":{"rendered":"&#8222;U\u015bmiechni\u0119ty premier z popcornem organizuje igrzyska&#8221;. Nowy wpis na koncie prezesa PiS&nbsp;&nbsp;Onet Ziobro oskar\u017ca Tuska o &#8222;s\u0105dow\u0105 ustawk\u0119&#8221;.&hellip;\n","protected":false},"author":2,"featured_media":94789,"comment_status":"","ping_status":"","sticky":false,"template":"","format":"standard","meta":{"footnotes":""},"categories":[5],"tags":[32,33,244,36,37,27,422,34,35,985,28,31,53,25,52,68,51,55,42,38,40,39,41,47,1998,29,30,65,50,1234,26,4070],"class_list":{"0":"post-94788","1":"post","2":"type-post","3":"status-publish","4":"format-standard","5":"has-post-thumbnail","7":"category-naglowki","8":"tag-breaking-news","9":"tag-breakingnews","10":"tag-ctr_tst","11":"tag-featured-news","12":"tag-featurednews","13":"tag-headlines","14":"tag-jaroslaw_kaczynski","15":"tag-latest-news","16":"tag-latestnews","17":"tag-ministerstwo_sprawiedliwosci_minister_sprawiedliwosci","18":"tag-naglowki","19":"tag-najwazniejsze-artykuly","20":"tag-new_header","21":"tag-news","22":"tag-onet3","23":"tag-onet3d","24":"tag-onet3d_2i","25":"tag-phx","26":"tag-pl","27":"tag-poland","28":"tag-polish","29":"tag-polska","30":"tag-polski","31":"tag-screening_general","32":"tag-short_news","33":"tag-top-stories","34":"tag-topstories","35":"tag-update_me","36":"tag-v2021","37":"tag-wegry_wegier_wegierka_wegrzy","38":"tag-wiadomosci","39":"tag-zbigniew_ziobro_polityk"},"share_on_mastodon":{"url":"","error":"Validation failed: Text character limit of 500 exceeded"},"_links":{"self":[{"href":"https:\/\/www.europesays.com\/pl\/wp-json\/wp\/v2\/posts\/94788","targetHints":{"allow":["GET"]}}],"collection":[{"href":"https:\/\/www.europesays.com\/pl\/wp-json\/wp\/v2\/posts"}],"about":[{"href":"https:\/\/www.europesays.com\/pl\/wp-json\/wp\/v2\/types\/post"}],"author":[{"embeddable":true,"href":"https:\/\/www.europesays.com\/pl\/wp-json\/wp\/v2\/users\/2"}],"replies":[{"embeddable":true,"href":"https:\/\/www.europesays.com\/pl\/wp-json\/wp\/v2\/comments?post=94788"}],"version-history":[{"count":0,"href":"https:\/\/www.europesays.com\/pl\/wp-json\/wp\/v2\/posts\/94788\/revisions"}],"wp:featuredmedia":[{"embeddable":true,"href":"https:\/\/www.europesays.com\/pl\/wp-json\/wp\/v2\/media\/94789"}],"wp:attachment":[{"href":"https:\/\/www.europesays.com\/pl\/wp-json\/wp\/v2\/media?parent=94788"}],"wp:term":[{"taxonomy":"category","embeddable":true,"href":"https:\/\/www.europesays.com\/pl\/wp-json\/wp\/v2\/categories?post=94788"},{"taxonomy":"post_tag","embeddable":true,"href":"https:\/\/www.europesays.com\/pl\/wp-json\/wp\/v2\/tags?post=94788"}],"curies":[{"name":"wp","href":"https:\/\/api.w.org\/{rel}","templated":true}]}}