{"id":94927,"date":"2025-11-10T19:29:11","date_gmt":"2025-11-10T19:29:11","guid":{"rendered":"https:\/\/www.europesays.com\/pl\/94927\/"},"modified":"2025-11-10T19:29:11","modified_gmt":"2025-11-10T19:29:11","slug":"koszmar-legii-warszawa-trwa-kluczowy-zawodnik-wypada-z-gry-przeglad-sportowy-onet","status":"publish","type":"post","link":"https:\/\/www.europesays.com\/pl\/94927\/","title":{"rendered":"Koszmar Legii Warszawa trwa! Kluczowy zawodnik wypada z gry &#8211; Przegl\u0105d Sportowy Onet"},"content":{"rendered":"<ol>\n<li><a href=\"https:\/\/news.google.com\/rss\/articles\/CBMiwAFBVV95cUxNV3hDWHJ2NE5PT1l6YkJteTI1Z3dTU0U5V2FYc1dLcm5jdUQ5dDR4U0tWeUJ2VGZ3X2ZYTmVTR2Y4bVU5LXlmcjl6eld0UHZMM3NJckI1R09YalBrbDJqUUpOemx0ZExnQzVIVEpUc2NGTnM1T1hkdFZjYVFnU0dsSVR2ODRPTWNaY2NpMGl0MWRTOHh1U2JCTUVPOUM0a2U3RS03Yk1wTTBSYlptaG83eTlZZGNmTm1KU0I5aXhlcEs?oc=5\" target=\"_blank\" rel=\"nofollow noopener\">Koszmar Legii Warszawa trwa! Kluczowy zawodnik wypada z gry<\/a>&nbsp;&nbsp;Przegl\u0105d Sportowy Onet<\/li>\n<li><a href=\"https:\/\/news.google.com\/rss\/articles\/CBMiqgFBVV95cUxPWDVZQ2JHb1ZyeVdjUGpKQWMycjJId3dpZUFiZ2xSS3BnUGl0Y0VtM2NNNjVJWmZKM0hhZnZLV2hVWDRfem9DTGlSQXZCMXdkWEgxRk9fQTBjNVA2ODI0c09WUWFGU3dwdTRIYXA3cmVrYTMxRGJTQkVMRXV0ejliNDdDR1hFc2V4eHNCN3RoOGhRTmk1cV9zbEk5TnNnTE9uakNTUnV3Y0tXZw?oc=5\" target=\"_blank\" rel=\"nofollow noopener\">Kolejne problemy Legii. Dwaj kluczowi pi\u0142karze kontuzjowani<\/a>&nbsp;&nbsp;SportoweFakty<\/li>\n<li><a href=\"https:\/\/news.google.com\/rss\/articles\/CBMisgFBVV95cUxOZlFzRnZmampxM29OTThmMkl2UVg2RW9rWVRqT2R0SUFHZFBFdnhFWmFhdVh3Ulc3SW94ZDhhVkNsdjU1VW1zT2tfWWozSGpJbW1tZ2E4eHhZVXFocjItdFcyU2xNQUREVHg5RzVsS2NzNW5lcGstcWlXTHItOXJNeGhONjlwd3FDbzVkRTVjTlF5V1VXX0dGbk42Vk13VkJybFB4N0luOFp4ejVkV1pxMi1R0gG3AUFVX3lxTE80d2ZQY2x3WW0wZnNUXzdodnExVDN2bXlYSkduTVBHSkQ1ektDY0IyVnN3SV9RS2FqcEtOelNGdlZaV0Q3SDRPLTJQRGxRYUR2OVlCdVQ2V2M2R19EZHU4cndQUHpmVG55QjNfRkRfUDdMUjBacHFpNm5pdFlmMUF1OHEwd0RXVGNtajZ0Z3ZMcEU3MHRhZXh3Nmt1UzBRR3FfVlVwNU9fWWtOVTkwQUFFR29IeWF6RQ?oc=5\" target=\"_blank\" rel=\"nofollow noopener\">Legia Warszawa traci dw\u00f3ch pi\u0142karzy. Kontuzje dw\u00f3ch lider\u00f3w<\/a>&nbsp;&nbsp;sport.tvp.pl<\/li>\n<li><a href=\"https:\/\/news.google.com\/rss\/articles\/CBMiqgFBVV95cUxOOUxOcTBpNmMwMUdDZXdHcHJUanl0bjlvd0JVNlNCWFVyY0FNLVJDZ2s1bHZzNTNtOWRYX1V3ZlZyaDcwVWt2bHdZNTZDQ3FMLWNkSmxmODhpcGg3SlR3cXJIcWx6V3p2RkszdXN4VVFURjlBNm10X2otNDNRZ203SU9maGFnYlQzV3o0ZUo4bEhORTBJWFBKZkltYkQxNWx1UnVtVjhrVld5UQ?oc=5\" target=\"_blank\" rel=\"nofollow noopener\">Fatalne wie\u015bci dla Legii. Koszmarne wyniki to nie wszystko Pi\u0142ka no\u017cna<\/a>&nbsp;&nbsp;Sport.pl<\/li>\n<li><a href=\"https:\/\/news.google.com\/rss\/articles\/CBMixwFBVV95cUxOU2w3dldKZGV0UHFhUDhoMEhnMFJhSl9ZbVZEbVg1OXhwa1p3UVRNYjdELUVBWnFGMmRPVnVLaWJ2V1ltcHk4QTQtMjhkOXAyaFVHT0dMOHgtckljQTh1MGh2Z2tLSzZjSkNVTXZkNkRzWG1ZZGFPeUtUYUdaTmdRZDdHQXZxcnhtMVBkLUs2ZmF5bGJBQlNyQnBvZUpMcVNOc0VNanVUelFsSUxfSVNTZHNrY085TkduQWFKUGhTUEc2RktLYUw4?oc=5\" target=\"_blank\" rel=\"nofollow noopener\">Media: Zmiana w kadrze Legii na Lig\u0119 Konferencji? Szansa dla odstawionego pi\u0142karza<\/a>&nbsp;&nbsp;Meczyki.pl<\/li>\n<\/ol>\n","protected":false},"excerpt":{"rendered":"Koszmar Legii Warszawa trwa! Kluczowy zawodnik wypada z gry&nbsp;&nbsp;Przegl\u0105d Sportowy Onet Kolejne problemy Legii. Dwaj kluczowi pi\u0142karze kontuzjowani&nbsp;&nbsp;SportoweFakty&hellip;\n","protected":false},"author":2,"featured_media":94928,"comment_status":"","ping_status":"","sticky":false,"template":"","format":"standard","meta":{"footnotes":""},"categories":[24],"tags":[2805,274,67,21882,15451,2563,11744,42,38,40,39,41,136,128,47,127,135,126,130],"class_list":{"0":"post-94927","1":"post","2":"type-post","3":"status-publish","4":"format-standard","5":"has-post-thumbnail","7":"category-sport","8":"tag-bruk_bet_termalica_nieciecza","9":"tag-ekstraklasa","10":"tag-intextvideo_splayer","11":"tag-juergen_elitim","12":"tag-kacper_urbanski","13":"tag-legia_warszawa","14":"tag-ogor","15":"tag-pl","16":"tag-poland","17":"tag-polish","18":"tag-polska","19":"tag-polski","20":"tag-ps_detal_new","21":"tag-psv2","22":"tag-screening_general","23":"tag-sport","24":"tag-sport_sport","25":"tag-sports","26":"tag-wiadomosci_sportowe"},"share_on_mastodon":{"url":"https:\/\/pubeurope.com\/@pl\/115527061717146516","error":""},"_links":{"self":[{"href":"https:\/\/www.europesays.com\/pl\/wp-json\/wp\/v2\/posts\/94927","targetHints":{"allow":["GET"]}}],"collection":[{"href":"https:\/\/www.europesays.com\/pl\/wp-json\/wp\/v2\/posts"}],"about":[{"href":"https:\/\/www.europesays.com\/pl\/wp-json\/wp\/v2\/types\/post"}],"author":[{"embeddable":true,"href":"https:\/\/www.europesays.com\/pl\/wp-json\/wp\/v2\/users\/2"}],"replies":[{"embeddable":true,"href":"https:\/\/www.europesays.com\/pl\/wp-json\/wp\/v2\/comments?post=94927"}],"version-history":[{"count":0,"href":"https:\/\/www.europesays.com\/pl\/wp-json\/wp\/v2\/posts\/94927\/revisions"}],"wp:featuredmedia":[{"embeddable":true,"href":"https:\/\/www.europesays.com\/pl\/wp-json\/wp\/v2\/media\/94928"}],"wp:attachment":[{"href":"https:\/\/www.europesays.com\/pl\/wp-json\/wp\/v2\/media?parent=94927"}],"wp:term":[{"taxonomy":"category","embeddable":true,"href":"https:\/\/www.europesays.com\/pl\/wp-json\/wp\/v2\/categories?post=94927"},{"taxonomy":"post_tag","embeddable":true,"href":"https:\/\/www.europesays.com\/pl\/wp-json\/wp\/v2\/tags?post=94927"}],"curies":[{"name":"wp","href":"https:\/\/api.w.org\/{rel}","templated":true}]}}