{"id":95742,"date":"2025-11-11T11:05:12","date_gmt":"2025-11-11T11:05:12","guid":{"rendered":"https:\/\/www.europesays.com\/pl\/95742\/"},"modified":"2025-11-11T11:05:12","modified_gmt":"2025-11-11T11:05:12","slug":"cop30-zbojkotowany-przez-usa-nigdy-nie-bylo-jeszcze-takiej-sytuacji","status":"publish","type":"post","link":"https:\/\/www.europesays.com\/pl\/95742\/","title":{"rendered":"COP30 zbojkotowany przez USA. Nigdy nie by\u0142o jeszcze takiej sytuacji"},"content":{"rendered":"<ul class=\"typography ids-typeset-body ids-typeset-body--preset-large list ids-list ids-list--unordered ids-list--size-large \" datatype=\"disc\">\n<li class=\"ids-list-item\">\n<p>Konferencja COP30 w brazylijskiej Amazonii rozpocz\u0119\u0142a si\u0119 bez udzia\u0142u wysokich przedstawicieli USA, co zosta\u0142o uznane za historyczny moment.<\/p>\n<\/li>\n<li class=\"ids-list-item\">\n<p>Gospodarze, wraz z innymi krajami, skupiaj\u0105 si\u0119 na kwestii wylesiania i realnych dzia\u0142aniach na rzecz klimatu, mimo politycznych spor\u00f3w i niespe\u0142nionych obietnic z poprzednich konferencji.<\/p>\n<\/li>\n<li class=\"ids-list-item\">\n<p>Szczeg\u00f3ln\u0105 uwag\u0119 po\u015bwi\u0119ca si\u0119 spo\u0142eczno\u015bciom rdzennym, kt\u00f3rych liderzy przybyli do Belem \u0142odziami i domagaj\u0105 si\u0119 skuteczniejszej ochrony swoich terytori\u00f3w.<\/p>\n<\/li>\n<li class=\"ids-list-item\">Wi\u0119cej podobnych informacji znajdziesz na <a class=\"ids-undecorated-link link ids-link link\" href=\"https:\/\/zielona.interia.pl\/#utm_source=Zielona%20Interia&amp;utm_medium=bullet&amp;utm_campaign=powrot_z_wew&amp;iwa_source=bullet\" target=\"_blank\" rel=\"nofollow noopener\">stronie g\u0142\u00f3wnej serwisu<\/a><\/li>\n<\/ul>\n<p class=\"typography ids-typeset-body ids-typeset-body--preset-large link paragraph ids-paragraph ids-paragraph--default\">&#8211; Na forum COP30 waszym zadaniem nie jest walczy\u0107 mi\u0119dzy sob\u0105, tylko walczy\u0107 z kryzysem klimatycznym, wsp\u00f3lnie &#8211; powiedzia\u0142 Simon Stiell.<\/p>\n<p class=\"typography ids-typeset-body ids-typeset-body--preset-large link paragraph ids-paragraph ids-paragraph--default\">Sekretarz wykonawczy ONZ ds. klimatu oceni\u0142, \u017ce trzy dekady konferencji COP pomog\u0142y obni\u017cy\u0107 krzyw\u0105 prognozowanego globalnego ocieplenia. &#8211; Ale nie zamierzam tego upi\u0119ksza\u0107. Wci\u0105\u017c mamy wiele pracy do zrobienia &#8211; zaznaczy\u0142.<\/p>\n<p class=\"typography ids-typeset-body ids-typeset-body--preset-large link paragraph ids-paragraph ids-paragraph--default\">Nie jest jasne, czy uczestnicy konferencji b\u0119d\u0105 pr\u00f3bowali uzgodni\u0107 wsp\u00f3lne o\u015bwiadczenie ko\u0144cowe. Wed\u0142ug Reutera, by\u0142oby to trudne, bior\u0105c pod uwag\u0119 podzia\u0142y polityczne na \u015bwiecie i zabiegi administracji prezydenta USA Donalda Trumpa by zablokowa\u0107 odchodzenie od paliw kopalnych.<\/p>\n<p>Brazylia chce rozm\u00f3w w sprawie wylesiania<\/p>\n<p class=\"typography ids-typeset-body ids-typeset-body--preset-large link paragraph ids-paragraph ids-paragraph--default\">Gospodarz spotkania, Brazylia, wynegocjowa\u0142a z uczestnikami program konferencji, odpieraj\u0105c naciski pa\u0144stw rozwijaj\u0105cych si\u0119, kt\u00f3re stara\u0142y si\u0119 wprowadzi\u0107 do porz\u0105dku obrad takie sporne kwestie, jak finansowanie walki ze zmianami klimatu czy podatki w\u0119glowe &#8211; poda\u0142a agencja Reutera.<\/p>\n<p class=\"typography ids-typeset-body ids-typeset-body--preset-large link paragraph ids-paragraph ids-paragraph--default\">Brazylia i niekt\u00f3re inne pa\u0144stwa sugerowa\u0142y, \u017ce uczestnicy spotkania powinni skupi\u0107 si\u0119 na mniejszych wysi\u0142kach, kt\u00f3re nie wymagaj\u0105 konsensusu, takich jak kwestia wylesiania. Na poprzednich konferencjach COP og\u0142aszano ambitne cele, z kt\u00f3rych wiele nie zosta\u0142o zrealizowanych.<\/p>\n<p><img decoding=\"async\" class=\"ids-image-holder__img\" loading=\"lazy\" alt=\"Donald Trump planuje wycofa\u0107 si\u0119 z porozumienia paryskiego - donosi &quot;The New York Times&quot;\" title=\"Donald Trump planuje wycofa\u0107 si\u0119 z porozumienia paryskiego - donosi &quot;The New York Times&quot;\" width=\"2000\" height=\"1200\" src=\"https:\/\/www.europesays.com\/pl\/wp-content\/uploads\/2025\/11\/000K2CE3I42WFEQG-C322-F4.webp.webp\"\/><\/p>\n<p>Donald Trump planuje wycofa\u0107 si\u0119 z porozumienia paryskiego &#8211; donosi &#8222;The New York Times&#8221;CHARLY TRIBALLEAU \/ MAURO UJETTO \/ NurPhotoAFP<\/p>\n<p class=\"typography ids-typeset-body ids-typeset-body--preset-large link paragraph ids-paragraph ids-paragraph--default\">Wed\u0142ug najnowszych szacunk\u00f3w ONZ, uwzgl\u0119dniaj\u0105cych plany obni\u017cania emisji przez poszczeg\u00f3lne pa\u0144stwa, globalne emisje gaz\u00f3w cieplarnianych zmniejsz\u0105 si\u0119 do 2035 roku o 12 proc. w por\u00f3wnaniu z poziomem z 2019 roku. To o 2 punkty procentowe wi\u0119cej ni\u017c szacowano w ubieg\u0142ym miesi\u0105cu.<\/p>\n<p class=\"typography ids-typeset-body ids-typeset-body--preset-large link paragraph ids-paragraph ids-paragraph--default\">Spadek wci\u0105\u017c jest jednak o wiele mniejszy ni\u017c 60 proc., potrzebne by zatrzyma\u0107 globalne ocieplenie na poziomie 1,5 stopnia Celsjusza w stosunku do czas\u00f3w przedprzemys\u0142owych &#8211; zaznaczy\u0142 Reuters.<\/p>\n<p>Czas zada\u0107 negacjonistom kl\u0119sk\u0119<\/p>\n<p class=\"typography ids-typeset-body ids-typeset-body--preset-large link paragraph ids-paragraph ids-paragraph--default\">Prezydent Brazylii Luiz Inacio Lula da Silva powiedzia\u0142 na spotkaniu z grupami interesu, kt\u00f3re staraj\u0105 si\u0119 ukry\u0107 zagro\u017cenia zwi\u0105zane ze zmianami klimatu: &#8211; Atakuj\u0105 instytucje, nauk\u0119, uniwersytety. Czas, by zada\u0107 negacjonistom kolejn\u0105 kl\u0119sk\u0119.<\/p>\n<p class=\"typography ids-typeset-body ids-typeset-body--preset-large link paragraph ids-paragraph ids-paragraph--default\">Stany Zjednoczone, czyli kraj, kt\u00f3ry uwolni\u0142 do atmosfery najwi\u0119cej gaz\u00f3w cieplarnianych, nie przys\u0142a\u0142y na konferencj\u0119 oficjalnej delegacji. Trump twierdzi, \u017ce zmiany klimatu to oszustwo. Tu\u017c po rozpocz\u0119ciu swojej drugiej kadencji w styczniu po raz kolejny wycofa\u0142 USA z paryskiego porozumienia klimatycznego.<\/p>\n<p class=\"typography ids-typeset-body ids-typeset-body--preset-large link paragraph ids-paragraph ids-paragraph--default\">W\u015br\u00f3d komentator\u00f3w pojawia\u0142y si\u0119 g\u0142osy, \u017ce niech\u0119\u0107 obecnej administracji USA mo\u017ce utrudni\u0107 globalne wysi\u0142ki na rzecz przeciwdzia\u0142ania zmianom klimatu. Przewodnicz\u0105cy COP30 Andre Correa do Lago oceni\u0142 natomiast na konferencji prasowej, \u017ce nieobecno\u015b\u0107 USA na spotkaniu &#8222;otworzy\u0142a \u015bwiatu przestrze\u0144, by zobaczy\u0142, co robi\u0105 kraje rozwijaj\u0105ce si\u0119&#8221;.<\/p>\n<p><img decoding=\"async\" class=\"ids-image-holder__img\" loading=\"lazy\" alt=\"Belem w Brazylii. To tu w listopadzie 2025 r. odb\u0119dzie si\u0119 szczyt COP30. I to tu, a nie przez Amazoni\u0119 b\u0119dzie przebiega\u0107 nowa autostrada\" title=\"Belem w Brazylii. To tu w listopadzie 2025 r. odb\u0119dzie si\u0119 szczyt COP30. I to tu, a nie przez Amazoni\u0119 b\u0119dzie przebiega\u0107 nowa autostrada\" width=\"2365\" height=\"1774\" src=\"https:\/\/www.europesays.com\/pl\/wp-content\/uploads\/2025\/11\/000KQZOY3UYDVC4I-C322-F4.webp.webp\"\/><\/p>\n<p>Belem w Brazylii. To tu w listopadzie 2025 r. odb\u0119dzie si\u0119 szczyt COP30. I to tu, a nie przez Amazoni\u0119 b\u0119dzie przebiega\u0107 nowa autostrada123RF\/PICSEL<\/p>\n<p>Indianie przybyli na konferencj\u0119 \u0142odzi\u0105<\/p>\n<p class=\"typography ids-typeset-body ids-typeset-body--preset-large link paragraph ids-paragraph ids-paragraph--default\">Zgodnie z zapowiedziami organizator\u00f3w jednym z kluczowych temat\u00f3w tegorocznej konferencji ma by\u0107 sytuacja spo\u0142eczno\u015bci rdzennych. Rdzenni przyw\u00f3dcy przybyli w niedziel\u0119 do Belem \u0142odzi\u0105, kt\u00f3r\u0105 pokonali blisko 3 tys. kilometr\u00f3w, p\u0142yn\u0105c z podn\u00f3\u017ca And\u00f3w.\u00a0Domagaj\u0105 si\u0119 wi\u0119kszego udzia\u0142u w zarz\u0105dzaniu swoimi terytoriami w czasie, gdy skutki zmian klimatu s\u0105 coraz bardziej odczuwalne, a g\u00f3rnictwo, wydobycie ropy i wycinka las\u00f3w zagra\u017caj\u0105 puszczom.<\/p>\n<p class=\"typography ids-typeset-body ids-typeset-body--preset-large link paragraph ids-paragraph ids-paragraph--default\">&#8211; Chcemy si\u0119 upewni\u0107, \u017ce nie b\u0119d\u0105 dalej obiecywa\u0107, a zaczn\u0105 chroni\u0107 (te obszary) poniewa\u017c my jako rdzenni mieszka\u0144cy cierpimy z powodu skutk\u00f3w zmian klimatu &#8211; powiedzia\u0142 przyw\u00f3dca rdzennej spo\u0142eczno\u015bci z Peru, Pablo Inuma Flores.<\/p>\n<p class=\"typography ids-typeset-body ids-typeset-body--preset-large link paragraph ids-paragraph ids-paragraph--default\">Zgodnie z planem konferencja COP30 w Belem ma potrwa\u0107 do 21 listopada, ale w przesz\u0142o\u015bci dyskusje cz\u0119sto si\u0119 przed\u0142u\u017ca\u0142y, gdy kraje nie mog\u0142y doj\u015b\u0107 do porozumienia w sprawie deklaracji ko\u0144cowych.<\/p>\n<p>To rekordzi\u015bci w\u015br\u00f3d polskich drzew. Zupe\u0142ne unikaty. Znasz je?<img decoding=\"async\" class=\"ids-image-holder__img\" loading=\"lazy\" alt=\"\" title=\"\" width=\"625\" height=\"352\" src=\"https:\/\/www.europesays.com\/pl\/wp-content\/uploads\/2025\/11\/000KONV7CUAWPU57-C432.webp.webp\"\/>Rozpocznij quiz<a class=\"ids-undecorated-link source ids-page-info--source__link\" href=\"https:\/\/p.iplsc.com\/-\/000L0SCEGA4O3ESS.pdf\" rel=\"nofollow noopener\" target=\"_blank\"><img decoding=\"async\" class=\"ids-image-holder__img\" loading=\"lazy\" alt=\"\" title=\"\" height=\"24px\" src=\"https:\/\/www.europesays.com\/pl\/wp-content\/uploads\/2025\/11\/1762847411_465_0009A6098CYXTC6T-C202-F4.webp.webp\"\/><\/a><\/p>\n<p>Masz sugestie, uwagi albo widzisz b\u0142\u0105d? Napisz do nas<\/p>\n","protected":false},"excerpt":{"rendered":"Konferencja COP30 w brazylijskiej Amazonii rozpocz\u0119\u0142a si\u0119 bez udzia\u0142u wysokich przedstawicieli USA, co zosta\u0142o uznane za historyczny moment.&hellip;\n","protected":false},"author":2,"featured_media":95743,"comment_status":"","ping_status":"","sticky":false,"template":"","format":"standard","meta":{"footnotes":""},"categories":[5],"tags":[32,33,36,37,27,34,35,28,31,25,42,38,40,39,41,29,30,26],"class_list":{"0":"post-95742","1":"post","2":"type-post","3":"status-publish","4":"format-standard","5":"has-post-thumbnail","7":"category-naglowki","8":"tag-breaking-news","9":"tag-breakingnews","10":"tag-featured-news","11":"tag-featurednews","12":"tag-headlines","13":"tag-latest-news","14":"tag-latestnews","15":"tag-naglowki","16":"tag-najwazniejsze-artykuly","17":"tag-news","18":"tag-pl","19":"tag-poland","20":"tag-polish","21":"tag-polska","22":"tag-polski","23":"tag-top-stories","24":"tag-topstories","25":"tag-wiadomosci"},"share_on_mastodon":{"url":"https:\/\/pubeurope.com\/@pl\/115530742087702851","error":""},"_links":{"self":[{"href":"https:\/\/www.europesays.com\/pl\/wp-json\/wp\/v2\/posts\/95742","targetHints":{"allow":["GET"]}}],"collection":[{"href":"https:\/\/www.europesays.com\/pl\/wp-json\/wp\/v2\/posts"}],"about":[{"href":"https:\/\/www.europesays.com\/pl\/wp-json\/wp\/v2\/types\/post"}],"author":[{"embeddable":true,"href":"https:\/\/www.europesays.com\/pl\/wp-json\/wp\/v2\/users\/2"}],"replies":[{"embeddable":true,"href":"https:\/\/www.europesays.com\/pl\/wp-json\/wp\/v2\/comments?post=95742"}],"version-history":[{"count":0,"href":"https:\/\/www.europesays.com\/pl\/wp-json\/wp\/v2\/posts\/95742\/revisions"}],"wp:featuredmedia":[{"embeddable":true,"href":"https:\/\/www.europesays.com\/pl\/wp-json\/wp\/v2\/media\/95743"}],"wp:attachment":[{"href":"https:\/\/www.europesays.com\/pl\/wp-json\/wp\/v2\/media?parent=95742"}],"wp:term":[{"taxonomy":"category","embeddable":true,"href":"https:\/\/www.europesays.com\/pl\/wp-json\/wp\/v2\/categories?post=95742"},{"taxonomy":"post_tag","embeddable":true,"href":"https:\/\/www.europesays.com\/pl\/wp-json\/wp\/v2\/tags?post=95742"}],"curies":[{"name":"wp","href":"https:\/\/api.w.org\/{rel}","templated":true}]}}