{"id":95781,"date":"2025-11-11T11:46:16","date_gmt":"2025-11-11T11:46:16","guid":{"rendered":"https:\/\/www.europesays.com\/pl\/95781\/"},"modified":"2025-11-11T11:46:16","modified_gmt":"2025-11-11T11:46:16","slug":"rogale-marcinskie-magdy-gessler-drozsze-niz-rok-temu-skad-taka-cena","status":"publish","type":"post","link":"https:\/\/www.europesays.com\/pl\/95781\/","title":{"rendered":"Rogale marci\u0144skie Magdy Gessler dro\u017csze ni\u017c rok temu. Sk\u0105d taka cena?"},"content":{"rendered":"<p data-section=\"detail-body\">Rogale \u015bwi\u0119tomarci\u0144skie, kt\u00f3re wywodz\u0105 si\u0119 z Wielkopolski, na sta\u0142e wpisa\u0142y si\u0119 w polsk\u0105 tradycj\u0119 kulinarn\u0105. Dzi\u015b mo\u017cna je znale\u017a\u0107 w cukierniach w ca\u0142ym kraju. <a href=\"https:\/\/businessinsider.com.pl\/magda-gessler\" id=\"d7215f1d-3a82-4a8e-ac7d-28950915e6b4\" rel=\"nofollow noopener\" target=\"_blank\">Magda Gessler<\/a>, znana restauratorka i osobowo\u015b\u0107 telewizyjna, wsp\u00f3lnie z c\u00f3rk\u0105 Lar\u0105 Gessler, po raz kolejny zaprezentowa\u0142a swoj\u0105 wersj\u0119 tego kultowego przysmaku.<\/p>\n<p class=\"article_p\" data-section=\"detail-body\">Rogale wed\u0142ug przepisu Magdy Gessler przygotowywane s\u0105 na ma\u015ble, z du\u017c\u0105 ilo\u015bci\u0105 bakalii i bia\u0142ego maku. Restauratorka podkre\u015bla, \u017ce jako\u015b\u0107 sk\u0142adnik\u00f3w oraz dba\u0142o\u015b\u0107 o detale s\u0105 kluczowe w jej podej\u015bciu do cukiernictwa. &#8222;Cena wynika z wysokich koszt\u00f3w produkcji i jako\u015bci sk\u0142adnik\u00f3w&#8221; \u2014 podkre\u015bla restauratorka.<\/p>\n<p>        Rogale marci\u0144skie. Ile kosztuj\u0105? Cena, kt\u00f3ra dzieli klient\u00f3w<\/p>\n<p class=\"article_p\" data-section=\"detail-body\">Rogale ze &#8222;S\u0142odkiego S\u0142onego&#8221; s\u0105 jednymi z najdro\u017cszych na rynku. Tegoroczna cena 39 z\u0142 za sztuk\u0119 oznacza wzrost o 4 z\u0142 w por\u00f3wnaniu z ubieg\u0142ym rokiem, kiedy kosztowa\u0142y 35 z\u0142. Dla wielu klient\u00f3w to cena, kt\u00f3ra wywo\u0142uje kontrowersje, zw\u0142aszcza \u017ce w lokalnych piekarniach i cukierniach tradycyjne rogale marci\u0144skie mo\u017cna kupi\u0107 ju\u017c za 18-25 z\u0142.<\/p>\n<p class=\"article_p\" data-section=\"detail-body\">W sieciach handlowych ceny w tym roku pozosta\u0142y na zbli\u017conym poziomie do 2024 r. \u2014 <a href=\"https:\/\/businessinsider.com.pl\/poradnik-finansowy\/sprawdzilismy-ceny-rogali-swietomarcinskich\/7m88mhc\" id=\"45f3be2c-c0e0-4546-86d4-ebcf0f013f2b\" rel=\"nofollow noopener\" target=\"_blank\">czytamy w analizie aplikacji PanParagon<\/a>. Mediana ceny za sztuk\u0119 wynios\u0142a 7 z\u0142 49 gr, a wi\u0119c dok\u0142adnie tyle samo, co w ubieg\u0142ym roku.<\/p>\n<p class=\"article_p\" data-section=\"detail-body\">Cho\u0107 ta\u0144sze alternatywy s\u0105 dost\u0119pne w ca\u0142ej Polsce, to jednak wypieki sygnowane nazwiskiem Gessler przyci\u0105gaj\u0105 klient\u00f3w, kt\u00f3rzy s\u0105 gotowi zap\u0142aci\u0107 wi\u0119cej za jako\u015b\u0107 oraz presti\u017c.<\/p>\n<p>        Rogale marci\u0144skie<\/p>\n<p class=\"article_p\" data-section=\"detail-body\">Rogale marci\u0144skie (lub \u015bwi\u0119tomarci\u0144skie) to tradycyjny pozna\u0144ski wypiek z p\u00f3\u0142francuskiego ciasta, przygotowywany na 11 listopada (Dnia \u015awi\u0119tego Marcina), wype\u0142niony bia\u0142ym makiem, bakaliami (rodzynkami, orzechami, migda\u0142ami), a nast\u0119pnie posypany lukrem i orzechami. Nazwa &#8222;rogal \u015bwi\u0119tomarci\u0144ski&#8221; jest chroniona przez Uni\u0119 Europejsk\u0105, a jego produkcja musi spe\u0142nia\u0107 rygorystyczne wymogi dotycz\u0105ce sk\u0142adnik\u00f3w i sposobu wykonania.<\/p>\n<p class=\"article_p\" data-section=\"detail-body\">\u0179r\u00f3d\u0142o: Onet <\/p>\n","protected":false},"excerpt":{"rendered":"Rogale \u015bwi\u0119tomarci\u0144skie, kt\u00f3re wywodz\u0105 si\u0119 z Wielkopolski, na sta\u0142e wpisa\u0142y si\u0119 w polsk\u0105 tradycj\u0119 kulinarn\u0105. Dzi\u015b mo\u017cna je&hellip;\n","protected":false},"author":2,"featured_media":95782,"comment_status":"","ping_status":"","sticky":false,"template":"","format":"standard","meta":{"footnotes":""},"categories":[12],"tags":[32,33,36,37,27,34,35,28,31,25,42,38,40,39,41,29,30,26],"class_list":{"0":"post-95781","1":"post","2":"type-post","3":"status-publish","4":"format-standard","5":"has-post-thumbnail","7":"category-polska","8":"tag-breaking-news","9":"tag-breakingnews","10":"tag-featured-news","11":"tag-featurednews","12":"tag-headlines","13":"tag-latest-news","14":"tag-latestnews","15":"tag-naglowki","16":"tag-najwazniejsze-artykuly","17":"tag-news","18":"tag-pl","19":"tag-poland","20":"tag-polish","21":"tag-polska","22":"tag-polski","23":"tag-top-stories","24":"tag-topstories","25":"tag-wiadomosci"},"share_on_mastodon":{"url":"https:\/\/pubeurope.com\/@pl\/115530903365142318","error":""},"_links":{"self":[{"href":"https:\/\/www.europesays.com\/pl\/wp-json\/wp\/v2\/posts\/95781","targetHints":{"allow":["GET"]}}],"collection":[{"href":"https:\/\/www.europesays.com\/pl\/wp-json\/wp\/v2\/posts"}],"about":[{"href":"https:\/\/www.europesays.com\/pl\/wp-json\/wp\/v2\/types\/post"}],"author":[{"embeddable":true,"href":"https:\/\/www.europesays.com\/pl\/wp-json\/wp\/v2\/users\/2"}],"replies":[{"embeddable":true,"href":"https:\/\/www.europesays.com\/pl\/wp-json\/wp\/v2\/comments?post=95781"}],"version-history":[{"count":0,"href":"https:\/\/www.europesays.com\/pl\/wp-json\/wp\/v2\/posts\/95781\/revisions"}],"wp:featuredmedia":[{"embeddable":true,"href":"https:\/\/www.europesays.com\/pl\/wp-json\/wp\/v2\/media\/95782"}],"wp:attachment":[{"href":"https:\/\/www.europesays.com\/pl\/wp-json\/wp\/v2\/media?parent=95781"}],"wp:term":[{"taxonomy":"category","embeddable":true,"href":"https:\/\/www.europesays.com\/pl\/wp-json\/wp\/v2\/categories?post=95781"},{"taxonomy":"post_tag","embeddable":true,"href":"https:\/\/www.europesays.com\/pl\/wp-json\/wp\/v2\/tags?post=95781"}],"curies":[{"name":"wp","href":"https:\/\/api.w.org\/{rel}","templated":true}]}}