{"id":96294,"date":"2025-11-11T17:42:11","date_gmt":"2025-11-11T17:42:11","guid":{"rendered":"https:\/\/www.europesays.com\/pl\/96294\/"},"modified":"2025-11-11T17:42:11","modified_gmt":"2025-11-11T17:42:11","slug":"katarzyna-zillmann-nagrala-to-tuz-po-werdykcie-tanca-z-gwiazdami-tak-boli","status":"publish","type":"post","link":"https:\/\/www.europesays.com\/pl\/96294\/","title":{"rendered":"Katarzyna Zillmann nagra\u0142a to tu\u017c po werdykcie &#8222;Ta\u0144ca z gwiazdami&#8221;. &#8222;Tak, boli&#8221;"},"content":{"rendered":"<p class=\"ods-c-paragraph \">W ostatni\u0105 niedziel\u0119 poznali\u015bmy tr\u00f3jk\u0119 finalist\u00f3w &#8222;Ta\u0144ca z gwiazdami&#8221;: Wiktori\u0119 Gorodeck\u0105, Miko\u0142aja &#8222;Bagiego&#8221; Bagi\u0144skiego oraz Maurycego Popiela. W tym samym odcinku z programem po\u017cegna\u0142y si\u0119 dwie pary \u2014 Tomasz Karolak z Izabel\u0105 Skiersk\u0105 oraz Katarzyna Zillmann z Janj\u0105 Lesar.<\/p>\n<p class=\"ods-c-paragraph \">\u2014 Warto by\u0142o po\u015bwi\u0119ci\u0107 ka\u017cd\u0105 sekund\u0119 przygotowywania si\u0119 do tych wyst\u0119p\u00f3w, kt\u00f3re by\u0142y fenomenalne, za kt\u00f3re dzi\u0119kuj\u0119 ci [Janja] absolutnie. Nigdy nie spodziewa\u0142am si\u0119, \u017ce b\u0119d\u0119 robi\u0107 takie rzeczy, serio. Ja tak si\u0119 jara\u0142am za pierwszym razem, jak zobaczy\u0142am nagranie ta\u0144ca, kt\u00f3re pierwszy raz zata\u0144czy\u0142am pod choreografi\u0119, z pe\u0142n\u0105 sekwencj\u0105 ruch\u00f3w \u2014 <a href=\"https:\/\/plejada.pl\/wideo\/katarzyna-zillmann-podsumowuje-udzial-w-tancu-z-gwiazdami-warto-bylo-poswiecic\/hmjw50c\" id=\"91433b19-0bb1-4c51-8a16-e5844870ce9f\" rel=\"nofollow noopener\" target=\"_blank\">m\u00f3wi\u0142a wio\u015blarka w rozmowie z Plejad\u0105<\/a>.<\/p>\n<p>Dalszy ci\u0105g artyku\u0142u pod materia\u0142em wideo<\/p>\n<p> Dlaczego Katarzyna Zillmann odpad\u0142a z programu? <\/p>\n<p> Jakie emocje towarzyszy\u0142y Katarzynie Zillmann po odpadni\u0119ciu? <\/p>\n<p> Kto znalaz\u0142 si\u0119 w finale 'Ta\u0144ca z gwiazdami&#8217;? <\/p>\n<p> Co powiedzia\u0142a Katarzyna Zillmann o swoim wyst\u0119pie? <\/p>\n<p>  Katarzyna Zillmann nagra\u0142a to tu\u017c po werdykcie &#8222;Ta\u0144ca z gwiazdami&#8221;. &#8222;Tak, boli&#8221;<\/p>\n<p class=\"ods-c-paragraph \">We wtorek Katarzyna Zillmann opublikowa\u0142a wideo na TikToku, kt\u00f3re nagra\u0142a dzie\u0144 po odpadni\u0119ciu z &#8222;Ta\u0144ca z gwiazdami&#8221;. &#8222;Dobra, ten poranek by\u0142 wczoraj. Nagra\u0142am to na gor\u0105co, ale dopiero teraz mam psych\u0119 pos\u0142ucha\u0107 i udost\u0119pni\u0107&#8221; \u2014 napisa\u0142a.<\/p>\n<blockquote class=\"ods-o-quota\">\n<p class=\"ods-o-quota__paragraph\">Czy boli? Tak, boli jak c****a. Czy czuj\u0119 si\u0119 jakbym przegra\u0142a Igrzyska? By\u0107 mo\u017ce, ale ca\u0142e szcz\u0119\u015bcie medal jest dalej ze mn\u0105 <\/p>\n<\/blockquote>\n<p class=\"ods-c-paragraph \">Wio\u015blarka nagra\u0142a filmik, gdy wraca\u0142a ze sklepu, gdzie spotka\u0142a tam wielu ludzi, kt\u00f3rzy gratulowali jej udzia\u0142u w programie.<\/p>\n<p class=\"ods-c-paragraph \">&#8222;Nic lepszego nie mo\u017ce mnie spotka\u0107 ni\u017c ludzie, kt\u00f3rzy podchodz\u0105 i s\u0105 szcz\u0119\u015bliwi, gratuluj\u0105 i si\u0119 ciesz\u0105. Wiecie, ja ju\u017c wygra\u0142am ten program bez wzgl\u0119du na wynik ko\u0144cowy. Czuj\u0119, \u017ce zrobi\u0142am, co mog\u0142am i da\u0142am z siebie wszystko&#8221; \u2014 podkre\u015bli\u0142a.<\/p>\n<blockquote class=\"ods-o-quota\">\n<p class=\"ods-o-quota__paragraph\">Mog\u0142am by\u0107 t\u0105 reprezentacj\u0105, kt\u00f3rej mi brakowa\u0142o i mog\u0142am dotrze\u0107 do serc wielu ludzi. Wzrok matki, kt\u00f3ra m\u00f3wi, \u017ce jej c\u00f3rka jest w takiej samej sytuacji i widzi t\u0119 nadziej\u0119 we mnie, to dla mnie jest wi\u0119cej ni\u017c Kryszta\u0142owa Kula<\/p>\n<\/blockquote>\n<p class=\"ods-c-paragraph \">&#8222;Naprawd\u0119. B\u0105d\u017acie tacy, jacy chcecie&#8221; \u2014 zako\u0144czy\u0142a, nie kryj\u0105c poruszenia.<\/p>\n<p><img decoding=\"async\" src=\"https:\/\/www.europesays.com\/pl\/wp-content\/uploads\/2025\/11\/gVdk9lBaHR0cHM6Ly9vY2RuLmV1L3B1bHNjbXMvTURBXy9iZTJiNzc5NTA1M2MwM2VlMjFjMzhhNjYxNDY0MGI5OC5qcGeRlQLNB.jpeg\" height=\"627\" width=\"940\" alt=\"Tomasz Karolak i Katarzyna Zillmann odpadli z &quot;Ta\u0144ca z gwiazdami&quot;\" loading=\"lazy\" class=\"ods-c-image__img ods-c-image__img--viewport-width\"\/><\/p>\n<p>Tomasz Karolak i Katarzyna Zillmann odpadli z &#8222;Ta\u0144ca z gwiazdami&#8221;mwmedia \/ MW Media<\/p>\n<p> <img decoding=\"async\" src=\"https:\/\/www.europesays.com\/pl\/wp-content\/uploads\/2025\/11\/ljrk9lBaHR0cHM6Ly9vY2RuLmV1L3B1bHNjbXMvTURBXy9hNjhlODBhMTAyMzA2NzgwZTZkZjYwYTVmMjc3YWE3MC5qcGeRlQLNB.jpeg\" height=\"627\" width=\"940\" alt=\"Katarzyna Zillmann, Janja Lesar\" loading=\"lazy\" class=\"ods-c-image__img ods-c-image__img--viewport-width\"\/><\/p>\n<p>Katarzyna Zillmann, Janja LesarAndras Szilagyi \/ MW Media<\/p>\n<p class=\"ods-c-paragraph \">Dzi\u0119kujemy, \u017ce przeczyta\u0142a\u015b\/e\u015b nasz artyku\u0142 do ko\u0144ca. W serwisie Plejada.pl ka\u017cdego dnia piszemy o najwa\u017cniejszych wydarzeniach show-biznesowych. B\u0105d\u017a na bie\u017c\u0105co! <a rel=\"nofollow noopener\" href=\"https:\/\/news.google.com\/publications\/CAAiEF0PeAlb7W1llpV_mwV2rL4qFAgKIhBdD3gJW-1tZZaVf5sFdqy-?hl=pl&amp;gl=PL&amp;ceid=PL%3Apl\" id=\"a022c1ce-ef7e-4fb7-9ef7-4aee8dcb72af\" target=\"_blank\">Obserwuj<\/a> Plejad\u0119 w Wiadomo\u015bciach Google. Odwied\u017a nas tak\u017ce na <a rel=\"nofollow noopener\" href=\"https:\/\/www.facebook.com\/plejadapl\" id=\"cf357296-77da-43b5-a14b-b9e1b489f2e2\" target=\"_blank\">Facebooku<\/a>, <a rel=\"nofollow noopener\" href=\"https:\/\/www.instagram.com\/plejadapl\/\" id=\"d55b4610-61d3-4611-9638-dc3f26575f06\" target=\"_blank\">Instagramie<\/a>, <a rel=\"nofollow noopener\" href=\"https:\/\/www.youtube.com\/c\/plejada\" id=\"3ac5a1d4-72cc-4ee9-8089-c873375ea790\" target=\"_blank\">YouTubie<\/a> oraz <a rel=\"nofollow noopener\" href=\"https:\/\/www.tiktok.com\/@plejada_pl\" id=\"6932f391-f985-4d58-997e-2f4a93085877\" target=\"_blank\">TikToku<\/a>.<\/p>\n<p class=\"ods-c-paragraph \">Chcesz podzieli\u0107 si\u0119 ciekawym newsem lub zaproponowa\u0107 temat? Skontaktuj si\u0119 z nami, pisz\u0105c maila na adres: <a rel=\"nofollow noopener\" href=\"https:\/\/plejada.pl\/newsy\/katarzyna-zillmann-nagrala-to-tuz-po-werdykcie-tanca-z-gwiazdami-tak-boli\/mailto:plejada@redakcjaonet.pl\" id=\"51c531a4-82c7-452a-830b-58360cef3ad4\" target=\"_blank\">plejada@redakcjaonet.pl<\/a>.<\/p>\n<p><script async src=\"\/\/www.instagram.com\/embed.js\"><\/script><script async src=\"\/\/www.tiktok.com\/embed.js\"><\/script><\/p>\n","protected":false},"excerpt":{"rendered":"W ostatni\u0105 niedziel\u0119 poznali\u015bmy tr\u00f3jk\u0119 finalist\u00f3w &#8222;Ta\u0144ca z gwiazdami&#8221;: Wiktori\u0119 Gorodeck\u0105, Miko\u0142aja &#8222;Bagiego&#8221; Bagi\u0144skiego oraz Maurycego Popiela. W&hellip;\n","protected":false},"author":2,"featured_media":96295,"comment_status":"","ping_status":"","sticky":false,"template":"","format":"standard","meta":{"footnotes":""},"categories":[22],"tags":[122,3561,48,125,46,42,38,40,39,41,20738,123,47,1884],"class_list":{"0":"post-96294","1":"post","2":"type-post","3":"status-publish","4":"format-standard","5":"has-post-thumbnail","7":"category-rozrywka","8":"tag-entertainment","9":"tag-katarzyna_zillmann","10":"tag-nat_styl","11":"tag-newsy","12":"tag-omp","13":"tag-pl","14":"tag-poland","15":"tag-polish","16":"tag-polska","17":"tag-polski","18":"tag-rewquiz_tst0","19":"tag-rozrywka","20":"tag-screening_general","21":"tag-taniec_z_gwiazdami"},"share_on_mastodon":{"url":"https:\/\/pubeurope.com\/@pl\/115532303282069848","error":""},"_links":{"self":[{"href":"https:\/\/www.europesays.com\/pl\/wp-json\/wp\/v2\/posts\/96294","targetHints":{"allow":["GET"]}}],"collection":[{"href":"https:\/\/www.europesays.com\/pl\/wp-json\/wp\/v2\/posts"}],"about":[{"href":"https:\/\/www.europesays.com\/pl\/wp-json\/wp\/v2\/types\/post"}],"author":[{"embeddable":true,"href":"https:\/\/www.europesays.com\/pl\/wp-json\/wp\/v2\/users\/2"}],"replies":[{"embeddable":true,"href":"https:\/\/www.europesays.com\/pl\/wp-json\/wp\/v2\/comments?post=96294"}],"version-history":[{"count":0,"href":"https:\/\/www.europesays.com\/pl\/wp-json\/wp\/v2\/posts\/96294\/revisions"}],"wp:featuredmedia":[{"embeddable":true,"href":"https:\/\/www.europesays.com\/pl\/wp-json\/wp\/v2\/media\/96295"}],"wp:attachment":[{"href":"https:\/\/www.europesays.com\/pl\/wp-json\/wp\/v2\/media?parent=96294"}],"wp:term":[{"taxonomy":"category","embeddable":true,"href":"https:\/\/www.europesays.com\/pl\/wp-json\/wp\/v2\/categories?post=96294"},{"taxonomy":"post_tag","embeddable":true,"href":"https:\/\/www.europesays.com\/pl\/wp-json\/wp\/v2\/tags?post=96294"}],"curies":[{"name":"wp","href":"https:\/\/api.w.org\/{rel}","templated":true}]}}