{"id":96359,"date":"2025-11-11T18:33:14","date_gmt":"2025-11-11T18:33:14","guid":{"rendered":"https:\/\/www.europesays.com\/pl\/96359\/"},"modified":"2025-11-11T18:33:14","modified_gmt":"2025-11-11T18:33:14","slug":"range-rover-za-ulamek-ceny-kia-telluride-nie-kryje-inspiracji-ale-to-bardzo-dobra-rzecz","status":"publish","type":"post","link":"https:\/\/www.europesays.com\/pl\/96359\/","title":{"rendered":"Range Rover za u\u0142amek ceny. KIA Telluride nie kryje inspiracji, ale to bardzo dobra rzecz"},"content":{"rendered":"<p>Kia Telluride w ca\u0142kowicie nowym wydaniu zadebiutuje oficjalnie podczas Los Angeles Auto Show 2025.\u00a0Kia utrzymuje rodzinny charakter modelu, kt\u00f3ry od 2020 roku pozostaje jednym z najlepiej sprzedaj\u0105cych si\u0119 SUV-\u00f3w marki. Nowe wcielenie tego SUV-a ma jednak mocniej podkre\u015bla\u0107 terenowy styl i luksusowe wyko\u0144czenie.<\/p>\n<p>By\u0107 mo\u017ce st\u0105d te\u017c wzi\u0119\u0142y si\u0119 zapo\u017cyczenia wizualnie z <a href=\"https:\/\/autogaleria.pl\/range-rover-przyjmie-duzo-pradu-i-ma-zapas-mocy-to-znak-czasow\" rel=\"nofollow noopener\" target=\"_blank\">Range Rovera<\/a>. Czy s\u0105 kontrowersyjne? By\u0107 mo\u017ce &#8211; ale zdecydowanie pasuj\u0105 do tego modelu.<\/p>\n<p> KIA Telluride 2027 jest po prostu \u0142adniejsza. To ciekawy du\u017cy SUV <\/p>\n<p>Projektanci <a href=\"https:\/\/autogaleria.pl\/kia-telluride-popyt\" rel=\"nofollow noopener\" target=\"_blank\">korea\u0144skiej marki<\/a> nadali nadwoziu bardziej muskularny wygl\u0105d. Z przodu pojawi\u0142 si\u0119 wi\u0119kszy i szerszy grill, kt\u00f3ry \u0142\u0105czy si\u0119 z reflektorami. Poszczeg\u00f3lne wersje r\u00f3\u017cni\u0105 si\u0119 detalami: odmiana SXP ma grill z pionowymi listwami w czarnym po\u0142ysku, natomiast XRT otrzyma\u0142a czarn\u0105 siatk\u0119 si\u0119gaj\u0105c\u0105 zderzaka.<\/p>\n<p>Nadkola otaczaj\u0105 nowe, poszerzone obdowy. Proporcje nadwozia zmieniono przez wyd\u0142u\u017cenie maski i obni\u017cenie linii dachu. Pojawi\u0142 si\u0119 efekt \u201ep\u0142ywaj\u0105cego dachu\u201d, kt\u00f3ry p\u0142ynnie przechodzi w klap\u0119 baga\u017cnika. Na karoserii wida\u0107 te\u017c wyraziste przet\u0142oczenia, a \u015bwiat\u0142a tylne i przednie maj\u0105 teraz pionowy uk\u0142ad. Te pierwsze mocno przywodz\u0105 na my\u015bl wspomnianego Range Rovera.<\/p>\n<p><a href=\"https:\/\/www.europesays.com\/pl\/wp-content\/uploads\/2025\/11\/2027-kia-telluride-sxp-2.jpg\" class=\"c-image\" data-v-56bedc05=\"\"><img loading=\"lazy\" decoding=\"async\" src=\"https:\/\/www.europesays.com\/pl\/wp-content\/uploads\/2025\/11\/2027-kia-telluride-sxp-2.jpg\" alt=\"KIA Telluride 2026\" width=\"1920\" height=\"1080\" class=\"alignnone wp-image-368233 size-full\"\/><br \/>\n    Zobacz 21 zdj\u0119\u0107<br \/>\n  <\/a><\/p>\n<p>Wersje SXP i X-Pro otrzyma\u0142y nowe o\u015bmioramienne felgi w kszta\u0142cie krzy\u017ca, natomiast X-Pro wyr\u00f3\u017cnia si\u0119 r\u00f3wnie\u017c pomara\u0144czowymi hakami holowniczymi.<\/p>\n<p> W kabinie jest du\u017co wi\u0119cej miejsca <\/p>\n<p>KIA zwi\u0119kszy\u0142a rozstaw osi o 7,6 cm, a d\u0142ugo\u015b\u0107 auta wzros\u0142a o 5,8 cm i wynosi teraz 5,06 metra. Dzi\u0119ki temu pasa\u017cerowie zyskali wi\u0119cej przestrzeni, a baga\u017cnik oferuje wi\u0119ksz\u0105 pojemno\u015b\u0107.<\/p>\n<p>Kabina zosta\u0142a ca\u0142kowicie przeprojektowana. Zegary i centralny ekran tworz\u0105 teraz jeden szeroki panel, wi\u0119kszy ni\u017c dotychczasowy ekran o przek\u0105tnej 31 centymetr\u00f3w. Wn\u0119trze zdobi\u0105 prawdziwe drewno i metal, a w wy\u017cszych wersjach pojawi\u0142y si\u0119 dwukolorowe sk\u00f3ry i siatkowane zag\u0142\u00f3wki. Nowe kolory wn\u0119trza to Deep Navy, Blackberry, Tuscan Umber oraz Sand Beige.<\/p>\n<p><a href=\"https:\/\/www.europesays.com\/pl\/wp-content\/uploads\/2025\/11\/2027-kia-telluride-sxp-8.jpg\" class=\"c-image\" data-v-56bedc05=\"\"><img loading=\"lazy\" decoding=\"async\" src=\"https:\/\/www.europesays.com\/pl\/wp-content\/uploads\/2025\/11\/2027-kia-telluride-sxp-8.jpg\" alt=\"KIA Telluride 2026\" width=\"1920\" height=\"1080\" class=\"alignnone wp-image-368227 size-full\"\/><br \/>\n    Zobacz 21 zdj\u0119\u0107<br \/>\n  <\/a><\/p>\n<p> Co znajdziemy pod mask\u0105 tego samochodu? <\/p>\n<p><a href=\"http:\/\/kia.pl\" rel=\"nofollow noopener\" target=\"_blank\">KIA<\/a> nie ujawni\u0142a jeszcze pe\u0142nych danych technicznych, ale wiadomo, \u017ce nowy model wsp\u00f3\u0142dzieli platform\u0119 z Hyundaiem Palisade. Najprawdopodobniej pojawi\u0105 si\u0119 wi\u0119c te same silniki: 2,5-litrowa turbodo\u0142adowana benzyna z hybryd\u0105 oraz 3,5-litrowe wolnoss\u0105ce V6.<\/p>\n<p>Pe\u0142ne dane techniczne i szczeg\u00f3\u0142y wyposa\u017cenia Kia og\u0142osi podczas Los Angeles Auto Show w listopadzie 2025 roku.<\/p>\n","protected":false},"excerpt":{"rendered":"Kia Telluride w ca\u0142kowicie nowym wydaniu zadebiutuje oficjalnie podczas Los Angeles Auto Show 2025.\u00a0Kia utrzymuje rodzinny charakter modelu,&hellip;\n","protected":false},"author":2,"featured_media":96360,"comment_status":"","ping_status":"","sticky":false,"template":"","format":"standard","meta":{"footnotes":""},"categories":[16],"tags":[3112,22119,22121,113,112,22132,22130,22117,22106,22112,817,22107,1232,22120,22124,22109,22126,9477,22104,102,22111,22116,22105,42,38,40,39,41,18650,2747,22133,22134,9104,22131,22118,22113,22115,17365,22129,22108,22123,22125,22127,3355,22110,22135,22114,22122,26,2549,22128],"class_list":{"0":"post-96359","1":"post","2":"type-post","3":"status-publish","4":"format-standard","5":"has-post-thumbnail","7":"category-biznes","8":"tag-auto","9":"tag-auto-dane-techniczne","10":"tag-baza-danych-technicznych","11":"tag-biznes","12":"tag-business","13":"tag-cenniki-aut","14":"tag-ceny-samochodow","15":"tag-dane-techniczne","16":"tag-dlugi-dystans","17":"tag-forum-motoryzacyjne","18":"tag-fotografia","19":"tag-galeria-zdjec","20":"tag-motoryzacja","21":"tag-motoryzacja-dane-techniczne","22":"tag-motoryzacja-tapety","23":"tag-newsy-motoryzacyjne","24":"tag-nowe-samochody","25":"tag-nowosci","26":"tag-nowosci-motoryzacyjne","27":"tag-opinie","28":"tag-opinie-motoryzacyjne","29":"tag-opinie-motoryzacyjne-eksperci","30":"tag-pierwsza-jazda","31":"tag-pl","32":"tag-poland","33":"tag-polish","34":"tag-polska","35":"tag-polski","36":"tag-rabaty","37":"tag-recenzje","38":"tag-reklamy-motoryzacyjne","39":"tag-rzetelne-opinie","40":"tag-samochody","41":"tag-samochody-cenniki","42":"tag-samochody-dane-techniczne","43":"tag-samochody-testy","44":"tag-samochody-testy-zdjecia","45":"tag-spalanie","46":"tag-spalanie-samochody","47":"tag-tapety","48":"tag-tapety-motoryzacyjne","49":"tag-tapety-z-samochodami","50":"tag-targi-motoryzacyjne","51":"tag-testy","52":"tag-testy-motoryzacyjne","53":"tag-testy-nowych-aut","54":"tag-testy-samochodow","55":"tag-testy-samochodow-polska","56":"tag-wiadomosci","57":"tag-wywiady","58":"tag-zuzycie-paliwa-samochody"},"share_on_mastodon":{"url":"","error":"Validation failed: Text character limit of 500 exceeded"},"_links":{"self":[{"href":"https:\/\/www.europesays.com\/pl\/wp-json\/wp\/v2\/posts\/96359","targetHints":{"allow":["GET"]}}],"collection":[{"href":"https:\/\/www.europesays.com\/pl\/wp-json\/wp\/v2\/posts"}],"about":[{"href":"https:\/\/www.europesays.com\/pl\/wp-json\/wp\/v2\/types\/post"}],"author":[{"embeddable":true,"href":"https:\/\/www.europesays.com\/pl\/wp-json\/wp\/v2\/users\/2"}],"replies":[{"embeddable":true,"href":"https:\/\/www.europesays.com\/pl\/wp-json\/wp\/v2\/comments?post=96359"}],"version-history":[{"count":0,"href":"https:\/\/www.europesays.com\/pl\/wp-json\/wp\/v2\/posts\/96359\/revisions"}],"wp:featuredmedia":[{"embeddable":true,"href":"https:\/\/www.europesays.com\/pl\/wp-json\/wp\/v2\/media\/96360"}],"wp:attachment":[{"href":"https:\/\/www.europesays.com\/pl\/wp-json\/wp\/v2\/media?parent=96359"}],"wp:term":[{"taxonomy":"category","embeddable":true,"href":"https:\/\/www.europesays.com\/pl\/wp-json\/wp\/v2\/categories?post=96359"},{"taxonomy":"post_tag","embeddable":true,"href":"https:\/\/www.europesays.com\/pl\/wp-json\/wp\/v2\/tags?post=96359"}],"curies":[{"name":"wp","href":"https:\/\/api.w.org\/{rel}","templated":true}]}}