{"id":96660,"date":"2025-11-11T22:39:09","date_gmt":"2025-11-11T22:39:09","guid":{"rendered":"https:\/\/www.europesays.com\/pl\/96660\/"},"modified":"2025-11-11T22:39:09","modified_gmt":"2025-11-11T22:39:09","slug":"dzihadysta-w-bialym-domu-donalda-trumpa-ryzykowna-wspolpraca-usa-i-syrii","status":"publish","type":"post","link":"https:\/\/www.europesays.com\/pl\/96660\/","title":{"rendered":"D\u017cihadysta w Bia\u0142ym Domu Donalda Trumpa. Ryzykowna wsp\u00f3\u0142praca USA i Syrii"},"content":{"rendered":"<p>Ahmad asz-Szara, prezydent Syrii, jak nikt inny symbolizuje p\u0119kni\u0119cia w porz\u0105dku na Bliskim Wschodzie. Walczy\u0142 przeciwko wojskom USA w Iraku, p\u00f3\u017aniej dowodzi\u0142 syryjskim od\u0142amem Al-Kaidy, frontem D\u017cabhat an-Nusra, a nast\u0119pnie boj\u00f3wk\u0105 Hajat Tahrir asz-Szam\u2014 si\u0142ami, kt\u00f3re obali\u0142y dyktatora Baszszara al-Asada w grudniu 2024 r. 11 miesi\u0119cy p\u00f3\u017aniej to w\u0142a\u015bnie ten cz\u0142owiek zasiad\u0142 w Gabinecie Owalnym.<\/p>\n<p>Jego mi\u0119dzynarodowa rehabilitacja rozpocz\u0119\u0142a si\u0119 wkr\u00f3tce po upadku al-Asada. Rada Bezpiecze\u0144stwa ONZ znios\u0142a sankcje, a Waszyngton usun\u0105\u0142 go z listy terroryst\u00f3w w zesz\u0142ym tygodniu. Od tego czasu asz-Szara prezentuje si\u0119 jako m\u0105\u017c stanu, m\u00f3wi\u0105c o wyborach, konstytucji i pojednaniu narodowym. Krytycy pytaj\u0105: prawdziwa zmiana czy taktyczna maskarada?<\/p>\n<p>Dla Donalda Trumpa ta wizyta by\u0142a czym\u015b wi\u0119cej ni\u017c tylko spotkaniem dyplomatycznym. Przedstawia on siebie jako architekta nowej r\u00f3wnowagi na Bliskim Wschodzie. Zgodnie z mottem: Ameryka zn\u00f3w negocjuje, zamiast prowadzi\u0107 wojny. Wraz z asz-Szar\u0105 chce zademonstrowa\u0107, \u017ce nawet dawni wrogowie mog\u0105 sta\u0107 si\u0119 sojusznikami, je\u015bli b\u0119d\u0105 gra\u0107 zgodnie z zasadami Waszyngtonu.<\/p>\n<p class=\"ods-c-paragraph \">Za zamkni\u0119tymi drzwiami stawka jest wysoka. Syria ma oficjalnie do\u0142\u0105czy\u0107 do dowodzonej przez USA koalicji przeciwko Pa\u0144stwu Islamskiemu, jej s\u0142u\u017cby wywiadowcze maj\u0105 \u015bci\u015blej wsp\u00f3\u0142pracowa\u0107 z Waszyngtonem. Ma zdystansowa\u0107 si\u0119 geopolitycznie od Iranu, Hezbollahu i Rosji. W zamian czekaj\u0105 pieni\u0105dze na odbudow\u0119, zbli\u017cenie z Zachodem i mi\u0119dzynarodowa legitymizacja.<\/p>\n<p class=\"ods-c-paragraph \">Wed\u0142ug dyplomat\u00f3w USA planuj\u0105 r\u00f3wnie\u017c baz\u0119 wojskow\u0105 w pobli\u017cu stolicy Syrii, Damaszku. Wed\u0142ug doniesie\u0144 b\u0119dzie ona s\u0142u\u017cy\u0107 do &#8222;koordynowania pomocy humanitarnej&#8221; i &#8222;monitorowania rozwoju sytuacji mi\u0119dzy Syri\u0105 a Izraelem&#8221;.<\/p>\n<p>   Zach\u00f3d potrzebuje Syrii, Syria potrzebuje Zachodu <\/p>\n<p class=\"ods-c-paragraph \">Po 13 latach wojny domowej Syria le\u017cy w gruzach, a Bank \u015awiatowy szacuje koszty odbudowy na ponad 200 mld dol. [ok. 730 z\u0142]. Rosja oferuje ochron\u0119, ale prawie \u017cadnego kapita\u0142u. Asz-Szara uda\u0142 si\u0119 wi\u0119c w pa\u017adzierniku do Moskwy, <a href=\"https:\/\/wiadomosci.onet.pl\/swiat\/putin-miedzy-mlotem-a-kowadlem-zyskal-okazje-nie-do-przegapienia\/bdnp39y\" id=\"6f561e76-f081-4b0a-b5f5-ebdc38c05bf0\" rel=\"nofollow noopener\" target=\"_blank\">by spotka\u0107 si\u0119 z W\u0142adimirem Putinem<\/a> \u2014 by\u0142 to sygna\u0142 dla Waszyngtonu, \u017ce Syria ma alternatyw\u0119.<\/p>\n<p class=\"ods-c-paragraph \">Jednak pomoc Putina pozostaje symboliczna, a nie finansowa. Kraje Zatoki Perskiej daj\u0105 pieni\u0105dze, ale nie zapewniaj\u0105 bezpiecze\u0144stwa. USA mog\u0142yby zapewni\u0107 jedno i drugie, a jednocze\u015bnie otworzy\u0107 dost\u0119p do mi\u0119dzynarodowych instytucji finansowych.<\/p>\n<p>   <img decoding=\"async\" src=\"https:\/\/cdn.wiadomosci.onet.pl\/1\/XfCk9lBaHR0cHM6Ly9vY2RuLmV1L3B1bHNjbXMvTURBXy81NTgwMDAzMGU0Y2NlNjcwNmU3MzMxMTFlODRmZDI4NS5qcGeRlQLNB1gAwsPeAAKhMAehMQQ\" height=\"627\" width=\"940\" alt=\"W\u0142adimir Putin, prezydent i Ahmad asz-Szara, tymczasowy prezydent Syrii, Moskwa, 15 pa\u017adziernika 2025 r.\" loading=\"lazy\" class=\"ods-c-image__img ods-c-image__img--viewport-width\"\/><\/p>\n<p>W\u0142adimir Putin, prezydent i Ahmad asz-Szara, tymczasowy prezydent Syrii, Moskwa, 15 pa\u017adziernika 2025 r.EPA\/ALEXANDER ZEMLIANICHENKO \/ POOL \/ PAP<\/p>\n<p class=\"ods-c-paragraph \">Jednak\u017ce, podczas gdy asz-Szara przedstawia si\u0119 jako innowator, niesie on ze sob\u0105 du\u017ce wewn\u0119trzne obci\u0105\u017cenie polityczne. Wiosn\u0105 ponad 1700 cywil\u00f3w zosta\u0142o zmasakrowanych na obszarach alawickich, a ponad 1000 os\u00f3b zosta\u0142o zabitych w regionach druzyjskich. Si\u0142y kurdyjskie odmawiaj\u0105 w\u0142\u0105czenia swoich boj\u00f3wek do nowej armii. Islamscy twardog\u0142owi ju\u017c oskar\u017caj\u0105 asz-Szar\u0119 o &#8222;zdrad\u0119 rewolucji&#8221;. Jego w\u0142adza opiera si\u0119 na broni i lojalno\u015bci boj\u00f3wek, a nie na zjednoczeniu spo\u0142ecznym.<\/p>\n<p>Izrael te\u017c ma co\u015b do powiedzenia<\/p>\n<p class=\"ods-c-paragraph \">R\u00f3wnie\u017c Izrael odgrywa kluczow\u0105 rol\u0119 w tej sieci. Od upadku al-Asada kontroluje syryjsk\u0105 stref\u0119 przygraniczn\u0105 na po\u0142udniu i regularnie bombarduje ira\u0144skie pozycje. Waszyngton pr\u00f3buje roz\u0142adowa\u0107 t\u0119 wybuchow\u0105 sytuacj\u0119.<\/p>\n<p class=\"ods-c-paragraph \">Jak pisze &#8222;The Guardian&#8221;, za kulisami rozwa\u017cane jest porozumienie w sprawie bezpiecze\u0144stwa mi\u0119dzy Izraelem a Syri\u0105, w kt\u00f3rym po\u015bredniczy\u0142yby Stany Zjednoczone. Nie ma mowy o pokoju, ale o pewnego rodzaju umowie \u2014 np. w sprawie wsp\u00f3lnego nadzoru w okolicach g\u00f3ry Hermon.<\/p>\n<p class=\"ods-c-paragraph \">Dla Izraela Syria bez sponsorowanych przez Iran boj\u00f3wek by\u0142aby strategicznym zyskiem. Dla asz-Szara by\u0142aby to cena mi\u0119dzynarodowego uznania. Wie on jednak, \u017ce zbytnie zbli\u017cenie do USA i Izraela mo\u017ce kosztowa\u0107 go utrat\u0119 g\u0142owy w kraju.<\/p>\n<p class=\"ods-c-paragraph \">Ta wizyta jest zatem raczej symbolem ni\u017c rozwi\u0105zaniem. Trump pokazuje swoim wyborcom, \u017ce potrafi zaprowadzi\u0107 pok\u00f3j tam, gdzie inni zawiedli. Asz-Szara chce udowodni\u0107 \u015bwiatu \u2014 a przede wszystkim swojemu narodowi \u2014 \u017ce jest kim\u015b wi\u0119cej ni\u017c tylko liderem boj\u00f3wki, a mianowicie g\u0142ow\u0105 pa\u0144stwa o mi\u0119dzynarodowym znaczeniu.<\/p>\n<p class=\"ods-c-paragraph \">Ale za tym show kryje si\u0119 niebezpieczna gra: ka\u017cdy, kto zabiega o wzgl\u0119dy by\u0142ego terrorysty, traci moraln\u0105 wiarygodno\u015b\u0107. Ka\u017cdy, kto zbli\u017ca si\u0119 do Zachodu, ryzykuje nienawi\u015b\u0107 w\u0142asnych twardog\u0142owych. A ka\u017cdy, kto obiecuje stabilno\u015b\u0107, musi j\u0105 r\u00f3wnie\u017c zapewni\u0107 \u2014 w kraju, kt\u00f3ry wci\u0105\u017c tkwi mi\u0119dzy ruinami, boj\u00f3wkami i nieufno\u015bci\u0105.<\/p>\n","protected":false},"excerpt":{"rendered":"Ahmad asz-Szara, prezydent Syrii, jak nikt inny symbolizuje p\u0119kni\u0119cia w porz\u0105dku na Bliskim Wschodzie. Walczy\u0142 przeciwko wojskom USA&hellip;\n","protected":false},"author":2,"featured_media":96661,"comment_status":"","ping_status":"","sticky":false,"template":"","format":"standard","meta":{"footnotes":""},"categories":[14],"tags":[56,32,33,44,20645,27,91,34,35,28,31,48,25,46,40,41,47,80,8468,29,30,71,26,82,83,84],"class_list":{"0":"post-96660","1":"post","2":"type-post","3":"status-publish","4":"format-standard","5":"has-post-thumbnail","7":"category-swiat","8":"tag-article_premium","9":"tag-breaking-news","10":"tag-breakingnews","11":"tag-donald_trump","12":"tag-fp2_tst0","13":"tag-headlines","14":"tag-izrael","15":"tag-latest-news","16":"tag-latestnews","17":"tag-naglowki","18":"tag-najwazniejsze-artykuly","19":"tag-nat_styl","20":"tag-news","21":"tag-omp","22":"tag-polish","23":"tag-polski","24":"tag-screening_general","25":"tag-swiat","26":"tag-syria","27":"tag-top-stories","28":"tag-topstories","29":"tag-usa","30":"tag-wiadomosci","31":"tag-world","32":"tag-world-news","33":"tag-worldnews"},"share_on_mastodon":{"url":"https:\/\/pubeurope.com\/@pl\/115533471094398378","error":""},"_links":{"self":[{"href":"https:\/\/www.europesays.com\/pl\/wp-json\/wp\/v2\/posts\/96660","targetHints":{"allow":["GET"]}}],"collection":[{"href":"https:\/\/www.europesays.com\/pl\/wp-json\/wp\/v2\/posts"}],"about":[{"href":"https:\/\/www.europesays.com\/pl\/wp-json\/wp\/v2\/types\/post"}],"author":[{"embeddable":true,"href":"https:\/\/www.europesays.com\/pl\/wp-json\/wp\/v2\/users\/2"}],"replies":[{"embeddable":true,"href":"https:\/\/www.europesays.com\/pl\/wp-json\/wp\/v2\/comments?post=96660"}],"version-history":[{"count":0,"href":"https:\/\/www.europesays.com\/pl\/wp-json\/wp\/v2\/posts\/96660\/revisions"}],"wp:featuredmedia":[{"embeddable":true,"href":"https:\/\/www.europesays.com\/pl\/wp-json\/wp\/v2\/media\/96661"}],"wp:attachment":[{"href":"https:\/\/www.europesays.com\/pl\/wp-json\/wp\/v2\/media?parent=96660"}],"wp:term":[{"taxonomy":"category","embeddable":true,"href":"https:\/\/www.europesays.com\/pl\/wp-json\/wp\/v2\/categories?post=96660"},{"taxonomy":"post_tag","embeddable":true,"href":"https:\/\/www.europesays.com\/pl\/wp-json\/wp\/v2\/tags?post=96660"}],"curies":[{"name":"wp","href":"https:\/\/api.w.org\/{rel}","templated":true}]}}