{"id":96666,"date":"2025-11-11T22:46:10","date_gmt":"2025-11-11T22:46:10","guid":{"rendered":"https:\/\/www.europesays.com\/pl\/96666\/"},"modified":"2025-11-11T22:46:10","modified_gmt":"2025-11-11T22:46:10","slug":"ukraincy-traca-czasowa-ochrone-w-portugalii-otrzymuja-wezwania","status":"publish","type":"post","link":"https:\/\/www.europesays.com\/pl\/96666\/","title":{"rendered":"Ukrai\u0144cy trac\u0105 &#8222;czasow\u0105 ochron\u0119&#8221; w Portugalii. Otrzymuj\u0105 wezwania"},"content":{"rendered":"<p>Portugalska Agencja ds. Integracji Migrant\u00f3w i\u00a0Azylu (AIMA), podleg\u0142a MSW, wezwa\u0142a osoby, kt\u00f3re przyjecha\u0142y z\u00a0Ukrainy, do uzupe\u0142nienia danych i\u00a0wyja\u015bnienia statusu pobytowego. Uruchomiono specjalny kana\u0142 kontaktu online, przez kt\u00f3ry uchod\u017acy mog\u0105 przes\u0142a\u0107 dokumenty potwierdzaj\u0105ce brak mo\u017cliwo\u015bci powrotu do Ukrainy lub kraju pochodzenia. <\/p>\n<p>Agencja ds. Integracji Migrant\u00f3w i\u00a0Azylu podkre\u015bla, \u017ce ka\u017cdy przypadek b\u0119dzie oceniany indywidualnie, z\u00a0uwzgl\u0119dnieniem ewentualnego ryzyka po powrocie. Z\u00a0elektronicznego kana\u0142u mog\u0105 korzysta\u0107 tak\u017ce osoby innych narodowo\u015bci, kt\u00f3re wyjecha\u0142y z\u00a0Ukrainy po wybuchu wojny. <\/p>\n<p>Szacunki m\u00f3wi\u0105 o\u00a0ponad 65 tys. os\u00f3b, z\u00a0czego ponad 60 tys. to Ukrai\u0144cy, a\u00a0ok. 5\u00a0tys. to uchod\u017acy innych narodowo\u015bci, w\u00a0tym Bia\u0142orusini.<\/p>\n<p>Zobacz te\u017c: Kowalski w\u00a0Sejmie uderzy\u0142 w\u00a0Doma\u0144skiego: &#8222;b\u0119dzie si\u0119 pan sma\u017cy\u0142 w\u00a0piekle&#8221;<\/p>\n<p>Portugalia porz\u0105dkuje statusy uchod\u017ac\u00f3w. Cze\u015b\u0107 z\u00a0nich b\u0119dzie musia\u0142a wyjecha\u0107 <\/p>\n<p>Sprawa ma r\u00f3wnie\u017c wymiar polityczny. Bia\u0142oruscy opozycjoni\u015bci, na kt\u00f3rych powo\u0142uje si\u0119 SIC, twierdz\u0105, \u017ce ju\u017c w\u00a0sierpniu otrzymali pisma wzywaj\u0105ce do opuszczenia kraju. W\u00a0dokumentach znalaz\u0142 si\u0119 termin 20 dni na dobrowolny wyjazd. Po nag\u0142o\u015bnieniu sprawy, urz\u0119dnicy zadeklarowali, \u017ce ponownie przyjrz\u0105 si\u0119 tym przypadkom.<\/p>\n<p>Bia\u0142oruscy opozycjoni\u015bci obawiaj\u0105 si\u0119 konsekwencji wobec siebie i\u00a0najbli\u017cszych po ewentualnym powrocie do kraju rz\u0105dzonego przez Aleksandra \u0141ukaszenk\u0119.<\/p>\n<p>Agencja ds. Integracji Migrant\u00f3w i\u00a0Azylu deklaruje, \u017ce nowe dzia\u0142ania maj\u0105 uporz\u0105dkowa\u0107 sytuacj\u0119 prawn\u0105 uchod\u017ac\u00f3w po zako\u0144czeniu okresu czasowej ochrony.<\/p>\n","protected":false},"excerpt":{"rendered":"Portugalska Agencja ds. Integracji Migrant\u00f3w i\u00a0Azylu (AIMA), podleg\u0142a MSW, wezwa\u0142a osoby, kt\u00f3re przyjecha\u0142y z\u00a0Ukrainy, do uzupe\u0142nienia danych i\u00a0wyja\u015bnienia&hellip;\n","protected":false},"author":2,"featured_media":96667,"comment_status":"","ping_status":"","sticky":false,"template":"","format":"standard","meta":{"footnotes":""},"categories":[14],"tags":[32,33,27,34,35,28,31,25,40,41,80,29,30,26,82,83,84],"class_list":{"0":"post-96666","1":"post","2":"type-post","3":"status-publish","4":"format-standard","5":"has-post-thumbnail","7":"category-swiat","8":"tag-breaking-news","9":"tag-breakingnews","10":"tag-headlines","11":"tag-latest-news","12":"tag-latestnews","13":"tag-naglowki","14":"tag-najwazniejsze-artykuly","15":"tag-news","16":"tag-polish","17":"tag-polski","18":"tag-swiat","19":"tag-top-stories","20":"tag-topstories","21":"tag-wiadomosci","22":"tag-world","23":"tag-world-news","24":"tag-worldnews"},"share_on_mastodon":{"url":"https:\/\/pubeurope.com\/@pl\/115533498498548344","error":""},"_links":{"self":[{"href":"https:\/\/www.europesays.com\/pl\/wp-json\/wp\/v2\/posts\/96666","targetHints":{"allow":["GET"]}}],"collection":[{"href":"https:\/\/www.europesays.com\/pl\/wp-json\/wp\/v2\/posts"}],"about":[{"href":"https:\/\/www.europesays.com\/pl\/wp-json\/wp\/v2\/types\/post"}],"author":[{"embeddable":true,"href":"https:\/\/www.europesays.com\/pl\/wp-json\/wp\/v2\/users\/2"}],"replies":[{"embeddable":true,"href":"https:\/\/www.europesays.com\/pl\/wp-json\/wp\/v2\/comments?post=96666"}],"version-history":[{"count":0,"href":"https:\/\/www.europesays.com\/pl\/wp-json\/wp\/v2\/posts\/96666\/revisions"}],"wp:featuredmedia":[{"embeddable":true,"href":"https:\/\/www.europesays.com\/pl\/wp-json\/wp\/v2\/media\/96667"}],"wp:attachment":[{"href":"https:\/\/www.europesays.com\/pl\/wp-json\/wp\/v2\/media?parent=96666"}],"wp:term":[{"taxonomy":"category","embeddable":true,"href":"https:\/\/www.europesays.com\/pl\/wp-json\/wp\/v2\/categories?post=96666"},{"taxonomy":"post_tag","embeddable":true,"href":"https:\/\/www.europesays.com\/pl\/wp-json\/wp\/v2\/tags?post=96666"}],"curies":[{"name":"wp","href":"https:\/\/api.w.org\/{rel}","templated":true}]}}