{"id":96692,"date":"2025-11-11T23:36:09","date_gmt":"2025-11-11T23:36:09","guid":{"rendered":"https:\/\/www.europesays.com\/pl\/96692\/"},"modified":"2025-11-11T23:36:09","modified_gmt":"2025-11-11T23:36:09","slug":"w-srode-przesluchanie-daniela-obajtka-stawi-sie-w-prokuraturze-nigdy-nie-bylem-tchorzem","status":"publish","type":"post","link":"https:\/\/www.europesays.com\/pl\/96692\/","title":{"rendered":"W \u015brod\u0119 przes\u0142uchanie Daniela Obajtka. Stawi si\u0119 w prokuraturze? &#8222;Nigdy nie by\u0142em tch\u00f3rzem&#8221;"},"content":{"rendered":"<p class=\"Paragraph_desktopParagraph__U31Gm\">By\u0142y prezes Orlenu, obecnie europose\u0142 PiS Daniel Obajtek powiedzia\u0142, \u017ce &#8222;nigdy nie by\u0142 tch\u00f3rzem&#8221;, natomiast nie z\u0142o\u017cy\u0142 jasnej deklaracji, \u017ce przyb\u0119dzie na \u015brodowe przes\u0142uchanie. Dopytywany o to przez Bogdana Rymanowskiego, powiedzia\u0142 w &#8222;Go\u015bciu Wydarze\u0144&#8221;: \u2014 Jutro pan zobaczy.<\/p>\n<p class=\"VideoPlayerText_videoPlayerText__iDwyz\">Dalszy ci\u0105g materia\u0142u pod wideo<\/p>\n<p class=\"Paragraph_desktopParagraph__U31Gm\">Obajtek stwierdzi\u0142 te\u017c, \u017ce nie zas\u0142ania si\u0119 swoj\u0105 chorob\u0105, czyli zespo\u0142em Tourette&#8217;a (polityk po raz pierwszy ujawni\u0142, \u017ce cierpi na t\u0119 przypad\u0142o\u015b\u0107, gdy <a href=\"https:\/\/wiadomosci.onet.pl\/kraj\/daniel-obajtek-na-tasmach-jako-wojt-pcimia-klamal-pod-przysiega-w-sadzie\/yn6cl2n\" id=\"37044afc-a885-4471-a7fa-4a91ca18ea0a\" rel=\"nofollow noopener\" target=\"_blank\">wyciek\u0142y tzw. ta\u015bmy Obajtka<\/a>). \u2014 Jestem zdrowy na ciele i umy\u015ble i zawsze staram si\u0119 dotrzymywa\u0107 s\u0142owa i reagowa\u0107 na organy pa\u0144stwa, kt\u00f3re w r\u00f3\u017cnych sprawach mnie wzywaj\u0105. Nigdy w \u017cyciu nie gram, nie gra\u0142bym swoj\u0105 chorob\u0105 \u2014 m\u00f3wi\u0142 Obajtek.<\/p>\n<ul class=\"OchatFollowUps_wrapper__1ry7X\">\n<li class=\"OchatFollowUps_item__Dhyly OchatFollowUps_itemDesktop__R6aBv\">Czy Daniel Obajtek stawi si\u0119 na przes\u0142uchaniu w \u015brod\u0119?<\/li>\n<li class=\"OchatFollowUps_item__Dhyly OchatFollowUps_itemDesktop__R6aBv\">Gdzie obecnie przebywa Daniel Obajtek?<\/li>\n<li class=\"OchatFollowUps_item__Dhyly OchatFollowUps_itemDesktop__R6aBv\">Jakie zarzuty stawiane s\u0105 Danielowi Obajtkowi?<\/li>\n<li class=\"OchatFollowUps_item__Dhyly OchatFollowUps_itemDesktop__R6aBv\">Kiedy Daniel Obajtek by\u0142 prezesem Orlenu?<\/li>\n<\/ul>\n<p class=\"Paragraph_desktopParagraph__U31Gm\">Europose\u0142 powiedzia\u0142 te\u017c, \u017ce nigdy si\u0119 nigdzie nie ukrywa\u0142 i nie zamierza tego robi\u0107. Przypomnijmy, w czasie kampanii do Parlamentu Europejskiego Daniel Obajtek, zanim uzyska\u0142 immunitet europos\u0142a, by\u0142 nieuchwytny dla prokuratury i komisji \u015bledczych. <a href=\"https:\/\/wiadomosci.onet.pl\/kraj\/namierzyli-obajtka-w-luksusowym-apartamencie-oto-co-go-zdradzilo\/kq0bs9d\" id=\"e11618c1-e173-4015-b3a7-a58ad6a5d45a\" rel=\"nofollow noopener\" target=\"_blank\">Polscy i w\u0119gierscy dziennikarze ustalili, \u017ce pomieszkuje w luksusowym apartamencie w Budapeszcie.<\/a><\/p>\n<p class=\"Paragraph_desktopParagraph__U31Gm\">W \u015brod\u0119, 12 listopada, Daniel Obajtek ma stawi\u0107 si\u0119 w Prokuraturze Regionalnej w Warszawie. <a href=\"https:\/\/wiadomosci.onet.pl\/warszawa\/nieoficjalnie-daniel-obajtek-wezwany-do-prokuratury-moze-uslyszec-zarzuty\/5vltmfq\" id=\"da8798bd-f7c0-4ba1-9f44-88dea46caf56\" rel=\"nofollow noopener\" target=\"_blank\">Chodzi o spraw\u0119 korzystania z us\u0142ug detektyw\u00f3w przez Orlen w czasie, kiedy Daniel Obajtek by\u0142 jego prezesem. <\/a>Detektywi, wed\u0142ug s\u0142\u00f3w m.in. premiera Tuska, <a href=\"https:\/\/wiadomosci.onet.pl\/kraj\/daniel-obajtek-zatrudnil-detektywow-wysoka-kwota-na-fakturze\/bdzkqyd\" id=\"6e708b4c-a588-4a9b-bfbb-98d0249a492e\" rel=\"nofollow noopener\" target=\"_blank\">mieli szuka\u0107 hak\u00f3w na polityk\u00f3w \u00f3wczesnej opozycji. <\/a><\/p>\n<p class=\"Paragraph_desktopParagraph__U31Gm\">Obajtek w rozmowie z Polsat News stwierdzi\u0142, \u017ce Orlen mia\u0142 prawo wynaj\u0105\u0107 firm\u0119 detektywistyczn\u0105, a premier Tusk nie wie, o czym m\u00f3wi.<\/p>\n<p class=\"Paragraph_desktopParagraph__U31Gm\">W grudniu zesz\u0142ego roku, gdy wniosek o uchylenie immunitetu trafia\u0142 do Parlamentu Europejskiego, rzeczniczka PG prok. Anna Adamiak informowa\u0142a, \u017ce Prokuratura Regionalna w Warszawie zajmuje si\u0119 spraw\u0105 niedope\u0142nienia obowi\u0105zk\u00f3w przez osoby zobowi\u0105zane do zajmowania si\u0119 sprawami maj\u0105tkowymi i dzia\u0142alno\u015bci\u0105 gospodarcz\u0105 Orlenu. &#8211; W post\u0119powaniu tym zgromadzono materia\u0142 dowodowy w postaci zezna\u0144 \u015bwiadk\u00f3w, wyja\u015bnie\u0144 podejrzanych, dokumentacji, w tym um\u00f3w, raport\u00f3w i faktury VAT, uzasadniaj\u0105cy dostatecznie podejrzenie pope\u0142nienia przez Daniela Obajtka przest\u0119pstwa wyrz\u0105dzenia szkody w obrocie gospodarczym w ramach sprawstwa polecaj\u0105cego \u2014 przekaza\u0142a rzeczniczka PG.<\/p>\n<p class=\"Paragraph_desktopParagraph__U31Gm\">Wyja\u015bni\u0142a, \u017ce zachowanie Obajtka mia\u0142o polega\u0107 na tym, i\u017c pe\u0142ni\u0105c funkcj\u0119 prezesa Orlenu i &#8222;sprawuj\u0105c bezpo\u015bredni nadz\u00f3r nad dzia\u0142alno\u015bci\u0105 Biura Kontroli i Bezpiecze\u0144stwa oraz wykorzystuj\u0105c zale\u017cno\u015b\u0107 s\u0142u\u017cbow\u0105 dyrektora tego Biura Zbigniewa L. poleci\u0142 mu zawarcie (&#8230;) dw\u00f3ch um\u00f3w na \u0142\u0105czn\u0105 kwot\u0119 393,6 tys. z\u0142 dotycz\u0105cych realizacji us\u0142ug detektywistycznych polegaj\u0105cych na identyfikacji oraz udokumentowaniu dzia\u0142a\u0144 nieuczciwej konkurencji wobec PKN Orlen&#8221;.<\/p>\n<p class=\"Paragraph_desktopParagraph__U31Gm\">Jak w\u00f3wczas m\u00f3wi\u0142a, wed\u0142ug prokuratury, umowy te jednak &#8222;mia\u0142y s\u0142u\u017cy\u0107 realizacji prywatnego interesu polecaj\u0105cego Daniela Obajtka i nie mia\u0142y znaczenia ekonomicznego oraz nie dotyczy\u0142y bezpiecze\u0144stwa fizycznego i gospodarczego sp\u00f3\u0142ki&#8221;. \u2014 S\u0142u\u017cy\u0142y gromadzeniu informacji na temat stanu maj\u0105tkowego, danych osobowych, \u017cycia prywatnego polityk\u00f3w opozycji parlamentarnej, co stanowi\u0142o nadu\u017cycie uprawnie\u0144 w zakresie prawid\u0142owego zarz\u0105dzania mieniem sp\u00f3\u0142ki \u2014 zaznaczy\u0142a.<\/p>\n<p class=\"Paragraph_desktopParagraph__U31Gm\">Wed\u0142ug poniedzia\u0142kowych doniesie\u0144 Radia Zet, jeden z prywatnych detektyw\u00f3w &#8222;w raportach z inwigilacji polityk\u00f3w prowadzonej na zlecenie Orlenu mia\u0142 przedstawia\u0107 Marcina Kierwi\u0144skiego jako kieruj\u0105cego grup\u0105, odpowiedzialn\u0105 za ataki medialne na Daniela Obajtka&#8221;. Wed\u0142ug tych doniesie\u0144 Orlen mia\u0142 zap\u0142aci\u0107 za wsp\u00f3\u0142prac\u0119 z detektywem &#8222;dwa razy po 196 tysi\u0119cy z\u0142otych&#8221;. Doniesienia Kierwi\u0144ski skomentowa\u0142 na Platformie X. &#8222;Nawet Orlen wykorzystywali do zbierania hak\u00f3w na oponent\u00f3w politycznych&#8221; \u2014 napisa\u0142.<\/p>\n","protected":false},"excerpt":{"rendered":"By\u0142y prezes Orlenu, obecnie europose\u0142 PiS Daniel Obajtek powiedzia\u0142, \u017ce &#8222;nigdy nie by\u0142 tch\u00f3rzem&#8221;, natomiast nie z\u0142o\u017cy\u0142 jasnej&hellip;\n","protected":false},"author":2,"featured_media":96693,"comment_status":"","ping_status":"","sticky":false,"template":"","format":"standard","meta":{"footnotes":"","_share_on_mastodon":"0"},"categories":[12],"tags":[32,33,4470,36,37,27,1674,67,34,35,28,31,53,25,52,68,51,10771,2179,8190,55,42,38,40,39,41,868,349,47,29,30,65,50,26],"class_list":["post-96692","post","type-post","status-publish","format-standard","has-post-thumbnail","category-polska","tag-breaking-news","tag-breakingnews","tag-daniel_obajtek_manager_polityk","tag-featured-news","tag-featurednews","tag-headlines","tag-immunitet","tag-intextvideo_splayer","tag-latest-news","tag-latestnews","tag-naglowki","tag-najwazniejsze-artykuly","tag-new_header","tag-news","tag-onet3","tag-onet3d","tag-onet3d_2i","tag-orlen_firma_pkn_orlen","tag-parlament_europejski","tag-parlament_europejski_pe_europarlament","tag-phx","tag-pl","tag-poland","tag-polish","tag-polska","tag-polski","tag-prawo_i_sprawiedliwosc_pis","tag-prokuratura_prokurator_prokuratorzy","tag-screening_general","tag-top-stories","tag-topstories","tag-update_me","tag-v2021","tag-wiadomosci"],"share_on_mastodon":{"url":"","error":"Validation failed: Text character limit of 500 exceeded"},"_links":{"self":[{"href":"https:\/\/www.europesays.com\/pl\/wp-json\/wp\/v2\/posts\/96692","targetHints":{"allow":["GET"]}}],"collection":[{"href":"https:\/\/www.europesays.com\/pl\/wp-json\/wp\/v2\/posts"}],"about":[{"href":"https:\/\/www.europesays.com\/pl\/wp-json\/wp\/v2\/types\/post"}],"author":[{"embeddable":true,"href":"https:\/\/www.europesays.com\/pl\/wp-json\/wp\/v2\/users\/2"}],"replies":[{"embeddable":true,"href":"https:\/\/www.europesays.com\/pl\/wp-json\/wp\/v2\/comments?post=96692"}],"version-history":[{"count":0,"href":"https:\/\/www.europesays.com\/pl\/wp-json\/wp\/v2\/posts\/96692\/revisions"}],"wp:featuredmedia":[{"embeddable":true,"href":"https:\/\/www.europesays.com\/pl\/wp-json\/wp\/v2\/media\/96693"}],"wp:attachment":[{"href":"https:\/\/www.europesays.com\/pl\/wp-json\/wp\/v2\/media?parent=96692"}],"wp:term":[{"taxonomy":"category","embeddable":true,"href":"https:\/\/www.europesays.com\/pl\/wp-json\/wp\/v2\/categories?post=96692"},{"taxonomy":"post_tag","embeddable":true,"href":"https:\/\/www.europesays.com\/pl\/wp-json\/wp\/v2\/tags?post=96692"}],"curies":[{"name":"wp","href":"https:\/\/api.w.org\/{rel}","templated":true}]}}