{"id":96710,"date":"2025-11-12T00:33:06","date_gmt":"2025-11-12T00:33:06","guid":{"rendered":"https:\/\/www.europesays.com\/pl\/96710\/"},"modified":"2025-11-12T00:33:06","modified_gmt":"2025-11-12T00:33:06","slug":"zarzuty-tak-aresztowanie-nie-zbigniew-ziobro-sklada-propozycje-prokuraturze","status":"publish","type":"post","link":"https:\/\/www.europesays.com\/pl\/96710\/","title":{"rendered":"Zarzuty tak, aresztowanie &#8211; nie. Zbigniew Ziobro sk\u0142ada propozycj\u0119 prokuraturze"},"content":{"rendered":"<p>                <a data-gtm-trigger=\"image\" href=\"https:\/\/www.rp.pl\/polityka\/art43311001-romanowski-radzi-ziobrze-skorzystalbym-z-mozliwosci-ochrony-prawnej\" class=\"contentLink\" rel=\"nofollow noopener\" target=\"_blank\"><\/p>\n<p>            <img loading=\"lazy\" decoding=\"async\" src=\"https:\/\/www.europesays.com\/pl\/wp-content\/uploads\/2025\/11\/1762907586_722_\"  alt=\"Marcin Romanowski podczas konferencji prasowej w Budapeszcie\" class=\"has--dimensions  lazyLoad\" width=\"108\" height=\"108\"\/><\/p>\n<p>                <\/a><\/p>\n<p class=\"articleBodyBlock article--paragraph\" id=\"block-id-DVlCW9RhKy\">\n    Dlaczego Ziobro z\u0142o\u017cy\u0142 tak\u0105 propozycj\u0119 prokuraturze? Pozwoli\u0142oby mu to unikn\u0105\u0107 tymczasowego aresztowania, o kt\u00f3re mo\u017ce wyst\u0105pi\u0107 do s\u0105du prokuratura, je\u015bli uzna, \u017ce by\u0142y minister ukrywa si\u0119 przed wymiarem sprawiedliwo\u015bci.\n<\/p>\n<p>    Mieszka w Brukseli czy ukrywa si\u0119 na W\u0119grzech? Jak ten fakt oceni polski s\u0105d<\/p>\n<p class=\"articleBodyBlock article--paragraph\" id=\"block-id-GhRLYjaxYv\">\n    Czy oferta przes\u0142uchania na odleg\u0142o\u015b\u0107 mo\u017ce wchodzi\u0107 w gr\u0119? <a href=\"https:\/\/www.rp.pl\/prawo-karne\/art43170531-prokuratura-nie-chce-przesluchac-michala-kuczmierowskiego-wola-gonic-kroliczka\" target=\"_blank\" rel=\"follow nofollow noopener\">Prokuratura nie zgodzi\u0142a si\u0119 na taki uk\u0142ad zaproponowany przez Micha\u0142a K., by\u0142ego prezesa RARS ukrywaj\u0105cego si\u0119 w Londynie (trwa jego proces ekstradycyjny<\/a>)\n<\/p>\n<p class=\"articleBodyBlock article--paragraph\" id=\"block-id-7fISLmsVZP\">\n    W przypadku Zbigniewa Ziobry sytuacja jest nieco inna. O ile Ziobro wyst\u0105pi o azyl polityczny na W\u0119grzech i je\u015bli go otrzyma, mo\u017ce na d\u0142ugo by\u0107 poza zasi\u0119giem polskiej prokuratury \u2013 tak jak Marcin Romanowski, wiceminister sprawiedliwo\u015bci, kt\u00f3ry odpowiada\u0142 za Fundusz Sprawiedliwo\u015bci i ma podobne zarzuty. Do tego wcale nie jest pewne, czy s\u0105d zastosuje wobec Ziobry tymczasowy areszt, konieczny do wydania za nim Europejskiego Nakazu Aresztowania.\n<\/p>\n<p>\n        Prokuratura przyznaje, \u017ce odst\u0105pi od tymczasowego aresztowania gdyby \u201espowodowa\u0142oby dla jego \u017cycia lub zdrowia powa\u017cne niebezpiecze\u0144stwo\u201d\n    <\/p>\n<p class=\"articleBodyBlock article--paragraph\" id=\"block-id-eMX5NLABKC\">\n    \u201e(&#8230;) wyra\u017cenie przez Sejm zgody na zatrzymanie pos\u0142a Zbigniewa Ziobry i jego <a href=\"https:\/\/pro.rp.pl\/sady-i-prokuratura\/art41593911-jakie-sa-przeslanki-do-tymczasowego-aresztowania\" rel=\"nofollow noopener\" target=\"_blank\">tymczasowe aresztowanie<\/a>\u00a0 nie jest r\u00f3wnoznaczne z obowi\u0105zkiem skierowania do s\u0105du wniosku o jego tymczasowe aresztowanie\u201d &#8211; wskazuje we wniosku o uchyleniu immunitetu Ziobrze prok. Piotr Wo\u017aniak, szef zespo\u0142u \u015bledczego w Prokuraturze Krajowej, dodaj\u0105c w pi\u015bmie, \u017ce b\u0119dzie ona \u201eostatecznie uzale\u017cniona od wyniku czynno\u015bci przeprowadzonych z jego udzia\u0142em w charakterze podejrzanego, w tym ewentualnie przedstawionej aktualnej dokumentacji lekarskiej obrazuj\u0105cej obecny stan zdrowia Zbigniewa Ziobry i jej oceny dokonanej przez bieg\u0142ego\/bieg\u0142ych medycyny stosownej specjalizacji\u201d. Prokuratura przyznaje, \u017ce odst\u0105pi od tymczasowego aresztowania gdyby \u201espowodowa\u0142o dla jego \u017cycia lub zdrowia powa\u017cne niebezpiecze\u0144stwo\u201d.<\/p>\n","protected":false},"excerpt":{"rendered":"Dlaczego Ziobro z\u0142o\u017cy\u0142 tak\u0105 propozycj\u0119 prokuraturze? Pozwoli\u0142oby mu to unikn\u0105\u0107 tymczasowego aresztowania, o kt\u00f3re mo\u017ce wyst\u0105pi\u0107 do s\u0105du&hellip;\n","protected":false},"author":2,"featured_media":96711,"comment_status":"","ping_status":"","sticky":false,"template":"","format":"standard","meta":{"footnotes":""},"categories":[5],"tags":[32,33,36,37,27,34,35,28,31,25,42,38,40,39,41,29,30,26],"class_list":{"0":"post-96710","1":"post","2":"type-post","3":"status-publish","4":"format-standard","5":"has-post-thumbnail","7":"category-naglowki","8":"tag-breaking-news","9":"tag-breakingnews","10":"tag-featured-news","11":"tag-featurednews","12":"tag-headlines","13":"tag-latest-news","14":"tag-latestnews","15":"tag-naglowki","16":"tag-najwazniejsze-artykuly","17":"tag-news","18":"tag-pl","19":"tag-poland","20":"tag-polish","21":"tag-polska","22":"tag-polski","23":"tag-top-stories","24":"tag-topstories","25":"tag-wiadomosci"},"share_on_mastodon":{"url":"https:\/\/pubeurope.com\/@pl\/115533919371327848","error":""},"_links":{"self":[{"href":"https:\/\/www.europesays.com\/pl\/wp-json\/wp\/v2\/posts\/96710","targetHints":{"allow":["GET"]}}],"collection":[{"href":"https:\/\/www.europesays.com\/pl\/wp-json\/wp\/v2\/posts"}],"about":[{"href":"https:\/\/www.europesays.com\/pl\/wp-json\/wp\/v2\/types\/post"}],"author":[{"embeddable":true,"href":"https:\/\/www.europesays.com\/pl\/wp-json\/wp\/v2\/users\/2"}],"replies":[{"embeddable":true,"href":"https:\/\/www.europesays.com\/pl\/wp-json\/wp\/v2\/comments?post=96710"}],"version-history":[{"count":0,"href":"https:\/\/www.europesays.com\/pl\/wp-json\/wp\/v2\/posts\/96710\/revisions"}],"wp:featuredmedia":[{"embeddable":true,"href":"https:\/\/www.europesays.com\/pl\/wp-json\/wp\/v2\/media\/96711"}],"wp:attachment":[{"href":"https:\/\/www.europesays.com\/pl\/wp-json\/wp\/v2\/media?parent=96710"}],"wp:term":[{"taxonomy":"category","embeddable":true,"href":"https:\/\/www.europesays.com\/pl\/wp-json\/wp\/v2\/categories?post=96710"},{"taxonomy":"post_tag","embeddable":true,"href":"https:\/\/www.europesays.com\/pl\/wp-json\/wp\/v2\/tags?post=96710"}],"curies":[{"name":"wp","href":"https:\/\/api.w.org\/{rel}","templated":true}]}}