{"id":96721,"date":"2025-11-12T00:47:13","date_gmt":"2025-11-12T00:47:13","guid":{"rendered":"https:\/\/www.europesays.com\/pl\/96721\/"},"modified":"2025-11-12T00:47:13","modified_gmt":"2025-11-12T00:47:13","slug":"piec-zarzutow-po-bojce-w-szczecinku-w-ktorej-zginal-23-latek","status":"publish","type":"post","link":"https:\/\/www.europesays.com\/pl\/96721\/","title":{"rendered":"Pi\u0119\u0107 zarzut\u00f3w po b\u00f3jce w Szczecinku, w kt\u00f3rej zgin\u0105\u0142 23-latek"},"content":{"rendered":"<p>Prokurator przedstawi\u0142 w poniedzia\u0142ek zarzuty pi\u0119ciu osobom zatrzymanym w zwi\u0105zku z tragiczn\u0105 b\u00f3jk\u0105, do kt\u00f3rej dosz\u0142o w nocy z soboty na niedziel\u0119 w centrum Szczecinka. W wyniku tego zdarzenia zmar\u0142 23-letni m\u0119\u017cczyzna \u2013 poinformowa\u0142a Prokuratura Okr\u0119gowa w Koszalinie, cytowana przez PAP.<\/p>\n<blockquote><p>&#13;<\/p>\n<p>\u2013 Pi\u0119ciu zatrzymanym przedstawiono zarzut udzia\u0142u w b\u00f3jce. Dodatkowo jedna z tych os\u00f3b, kt\u00f3ra u\u017cywa\u0142a pa\u0142ki, us\u0142ysza\u0142a zarzut udzia\u0142u w pobiciu z u\u017cyciem niebezpiecznego narz\u0119dzia. Skierowano te\u017c wniosek o zastosowanie wobec nich tymczasowego aresztu \u2013 przekaza\u0142a PAP prok. Ewa Dziadczyk z Prokuratury Okr\u0119gowej w Koszalinie. \u2013 Zatrzymane s\u0105 te\u017c trzy osoby, z kt\u00f3rymi nie dokonano jeszcze czynno\u015bci procesowych.\u00a0<\/p>\n<p>&#13;\n<\/p><\/blockquote>\n<p>\u015aledczy potwierdzaj\u0105, \u017ce zatrzymano tak\u017ce jedn\u0105 z dw\u00f3ch poszukiwanych os\u00f3b, jednak \u2013 jak podkre\u015blono \u2013 nie jest to osoba podejrzewana o \u015bmiertelne ugodzenie no\u017cem. Policja zna jej to\u017csamo\u015b\u0107 i prowadzi dalsze dzia\u0142ania w celu jej zatrzymania.<\/p>\n<p>Do b\u00f3jki z udzia\u0142em co najmniej kilkunastu os\u00f3b dosz\u0142o w nocy z soboty na niedziel\u0119 w centrum Szczecinka, w rejonie ulicy Lelewela. Oko\u0142o p\u00f3\u0142nocy do szpitala trafi\u0142o trzech m\u0142odych m\u0119\u017cczyzn. Dw\u00f3ch z nich, po udzieleniu pomocy, opu\u015bci\u0142o plac\u00f3wk\u0119. 23-latek zmar\u0142 w wyniku obra\u017ce\u0144 powsta\u0142ych po ugodzeniu no\u017cem.<\/p>\n<p>Prokuratura Rejonowa w Szczecinku wszcz\u0119\u0142a \u015bledztwo w kierunku udzia\u0142u w b\u00f3jce z u\u017cyciem niebezpiecznego narz\u0119dzia, kt\u00f3rej skutkiem by\u0142a \u015bmier\u0107 jednego z uczestnik\u00f3w.<\/p>\n<p>Jak ju\u017c wcze\u015bniej informowano, b\u00f3jka by\u0142a konsekwencj\u0105 wcze\u015bniejszych zdarze\u0144. W jednej z miejscowo\u015bci pod Szczecinkiem mia\u0142o doj\u015b\u0107 do pobicia dw\u00f3ch os\u00f3b. \u2013 Te zebra\u0142y wi\u0119ksz\u0105 grup\u0119 i pojecha\u0142y do Szczecinka wyr\u00f3wna\u0107 rachunki \u2013 ustalili \u015bledczy. W efekcie dosz\u0142o do starcia dw\u00f3ch grup m\u0142odych m\u0119\u017cczyzn, kt\u00f3re zako\u0144czy\u0142o si\u0119 tragedi\u0105.<\/p>\n<p>Zatrzymani to m\u0119\u017cczy\u017ani w wieku oko\u0142o 20 lat.<\/p>\n","protected":false},"excerpt":{"rendered":"Prokurator przedstawi\u0142 w poniedzia\u0142ek zarzuty pi\u0119ciu osobom zatrzymanym w zwi\u0105zku z tragiczn\u0105 b\u00f3jk\u0105, do kt\u00f3rej dosz\u0142o w nocy&hellip;\n","protected":false},"author":2,"featured_media":96722,"comment_status":"","ping_status":"","sticky":false,"template":"","format":"standard","meta":{"footnotes":""},"categories":[5],"tags":[2451,21574,32,33,36,37,27,34,35,22198,28,31,25,22197,42,38,17581,40,39,41,22196,1389,22195,29,30,21577,26,604],"class_list":{"0":"post-96721","1":"post","2":"type-post","3":"status-publish","4":"format-standard","5":"has-post-thumbnail","7":"category-naglowki","8":"tag-areszt","9":"tag-bojka-szczecinek","10":"tag-breaking-news","11":"tag-breakingnews","12":"tag-featured-news","13":"tag-featurednews","14":"tag-headlines","15":"tag-latest-news","16":"tag-latestnews","17":"tag-mlodzi-mezczyzni","18":"tag-naglowki","19":"tag-najwazniejsze-artykuly","20":"tag-news","21":"tag-nozownik-szczecinek","22":"tag-pl","23":"tag-poland","24":"tag-policja-szczecinek","25":"tag-polish","26":"tag-polska","27":"tag-polski","28":"tag-prokuratura-koszalin","29":"tag-sledztwo","30":"tag-smierc-23-latka","31":"tag-top-stories","32":"tag-topstories","33":"tag-tragedia-szczecinek","34":"tag-wiadomosci","35":"tag-zarzuty"},"share_on_mastodon":{"url":"https:\/\/pubeurope.com\/@pl\/115533974253446929","error":""},"_links":{"self":[{"href":"https:\/\/www.europesays.com\/pl\/wp-json\/wp\/v2\/posts\/96721","targetHints":{"allow":["GET"]}}],"collection":[{"href":"https:\/\/www.europesays.com\/pl\/wp-json\/wp\/v2\/posts"}],"about":[{"href":"https:\/\/www.europesays.com\/pl\/wp-json\/wp\/v2\/types\/post"}],"author":[{"embeddable":true,"href":"https:\/\/www.europesays.com\/pl\/wp-json\/wp\/v2\/users\/2"}],"replies":[{"embeddable":true,"href":"https:\/\/www.europesays.com\/pl\/wp-json\/wp\/v2\/comments?post=96721"}],"version-history":[{"count":0,"href":"https:\/\/www.europesays.com\/pl\/wp-json\/wp\/v2\/posts\/96721\/revisions"}],"wp:featuredmedia":[{"embeddable":true,"href":"https:\/\/www.europesays.com\/pl\/wp-json\/wp\/v2\/media\/96722"}],"wp:attachment":[{"href":"https:\/\/www.europesays.com\/pl\/wp-json\/wp\/v2\/media?parent=96721"}],"wp:term":[{"taxonomy":"category","embeddable":true,"href":"https:\/\/www.europesays.com\/pl\/wp-json\/wp\/v2\/categories?post=96721"},{"taxonomy":"post_tag","embeddable":true,"href":"https:\/\/www.europesays.com\/pl\/wp-json\/wp\/v2\/tags?post=96721"}],"curies":[{"name":"wp","href":"https:\/\/api.w.org\/{rel}","templated":true}]}}