{"id":96781,"date":"2025-11-12T03:01:13","date_gmt":"2025-11-12T03:01:13","guid":{"rendered":"https:\/\/www.europesays.com\/pl\/96781\/"},"modified":"2025-11-12T03:01:13","modified_gmt":"2025-11-12T03:01:13","slug":"kadrowicz-chcial-pozyczyc-od-lewego-pieniadze-tak-mial-odpowiedziec","status":"publish","type":"post","link":"https:\/\/www.europesays.com\/pl\/96781\/","title":{"rendered":"Kadrowicz chcia\u0142 po\u017cyczy\u0107 od &#8222;Lewego&#8221; pieni\u0105dze. Tak mia\u0142 odpowiedzie\u0107"},"content":{"rendered":"\n<p class=\"contentpart contentpart--default contentpart--text\" data-position=\"0\">Ksi\u0105\u017cka autorstwa Sebastiana Staszewskiego pt. &#8222;Lewandowski prawdziwy&#8221; robi prawdziw\u0105 furor\u0119. Tw\u00f3rca spotka\u0142 si\u0119 z 250 rozm\u00f3wcami, dzi\u0119ki czemu dotar\u0142 do zakulisowych informacji, kt\u00f3re nigdy wcze\u015bniej nie ujrza\u0142y \u015bwiat\u0142a dziennego.<\/p>\n<p class=\"contentpart contentpart--default contentpart--text\" data-position=\"1\">Staszewski o swojej ksi\u0105\u017cce opowiada\u0142 w programie &#8222;Dwa Fotele&#8221;. Dziennikarz zdradzi\u0142 widzom histori\u0119 dotycz\u0105c\u0105 pro\u015bby jednego z reprezentant\u00f3w Polski. Kadrowicz chcia\u0142 bowiem po\u017cyczy\u0107 od <a href=\"https:\/\/sportowefakty.wp.pl\/pilka-nozna\/robert-lewandowski\" rel=\"nofollow noopener\" target=\"_blank\">Roberta Lewandowskiego<\/a>\u00a0pieni\u0105dze.<\/p>\n<p> <img role=\"presentation\" src=\"https:\/\/std.wpcdn.pl\/images\/adv\/placeholder_wp.svg\" loading=\"lazy\" alt=\"\" decoding=\"async\"\/>  <\/p>\n<p class=\"contentpart contentpart--default contentpart--text\" data-position=\"2\">ZOBACZ WIDEO: #dziejesiewsporcie: mecz przerwany. Trudno uwierzy\u0107, co zrobili pi\u0142karze<\/p>\n<p class=\"contentpart contentpart--default contentpart--text\" data-position=\"4\">&#8211; Opisuj\u0119, jak jeden z kadrowicz\u00f3w przychodzi do niego i prosi o po\u017cyczk\u0119. A Robert odpowiada mu: &#8222;ja ci nie po\u017cycz\u0119 tych pieni\u0119dzy, bo nie chc\u0119, by twoje problemy sta\u0142y si\u0119 moimi&#8221;.\u00a0Nie powiedzia\u0142, \u017ce nie ma, \u017ce boi si\u0119, \u017ce nie odda &#8211; zaznaczy\u0142 Staszewski.<\/p>\n<p class=\"contentpart contentpart--default contentpart--text\" data-position=\"5\">Dziennikarz dotar\u0142 do innego rozm\u00f3wcy, kt\u00f3ry powiedzia\u0142, \u017ce takie zachowanie Lewandowskiego go nie dziwi i wyja\u015bni\u0142, dlaczego obecny kapitan reprezentacji odm\u00f3wi\u0142 pomocy finansowej.<\/p>\n<p class=\"contentpart contentpart--default contentpart--text\" data-position=\"6\">&#8211;\u00a0To nie jest go\u015b\u0107, do kt\u00f3rego przyjdziesz, po\u017calisz si\u0119, on ci\u0119 wys\u0142ucha i przytuli. On jest skupiony na wygrywaniu. Kluczem do zrozumienia Roberta Lewandowskiego jest \u015bmier\u0107 taty i wszystko to, co wp\u0142ywa\u0142o p\u00f3\u017aniej na niego, czyli d\u0105\u017cenie do sukcesu i ta obsesja wygrywani &#8211; przekaza\u0142 rozm\u00f3wca, kt\u00f3ry prosi\u0142 o zachowanie anonimowo\u015bci.<\/p>\n<p> <img role=\"presentation\" src=\"https:\/\/std.wpcdn.pl\/images\/adv\/placeholder_wp.svg\" loading=\"lazy\" alt=\"\" decoding=\"async\"\/>  <\/p>\n<p class=\"contentpart contentpart--default contentpart--text\" data-position=\"7\">Premiera ksi\u0105\u017cki &#8222;Lewandowski prawdziwy&#8221; mia\u0142a miejsce 7 listopada.<\/p>\n","protected":false},"excerpt":{"rendered":"Ksi\u0105\u017cka autorstwa Sebastiana Staszewskiego pt. &#8222;Lewandowski prawdziwy&#8221; robi prawdziw\u0105 furor\u0119. Tw\u00f3rca spotka\u0142 si\u0119 z 250 rozm\u00f3wcami, dzi\u0119ki czemu&hellip;\n","protected":false},"author":2,"featured_media":96782,"comment_status":"","ping_status":"","sticky":false,"template":"","format":"standard","meta":{"footnotes":""},"categories":[24],"tags":[541,269,42,38,40,39,41,537,539,273,127,268,126],"class_list":{"0":"post-96781","1":"post","2":"type-post","3":"status-publish","4":"format-standard","5":"has-post-thumbnail","7":"category-sport","8":"tag-kadra-polski","9":"tag-pilka-nozna","10":"tag-pl","11":"tag-poland","12":"tag-polish","13":"tag-polska","14":"tag-polski","15":"tag-reprezentacja-polski","16":"tag-reprezentacje","17":"tag-robert-lewandowski","18":"tag-sport","19":"tag-sportowybar","20":"tag-sports"},"share_on_mastodon":{"url":"https:\/\/pubeurope.com\/@pl\/115534501391114923","error":""},"_links":{"self":[{"href":"https:\/\/www.europesays.com\/pl\/wp-json\/wp\/v2\/posts\/96781","targetHints":{"allow":["GET"]}}],"collection":[{"href":"https:\/\/www.europesays.com\/pl\/wp-json\/wp\/v2\/posts"}],"about":[{"href":"https:\/\/www.europesays.com\/pl\/wp-json\/wp\/v2\/types\/post"}],"author":[{"embeddable":true,"href":"https:\/\/www.europesays.com\/pl\/wp-json\/wp\/v2\/users\/2"}],"replies":[{"embeddable":true,"href":"https:\/\/www.europesays.com\/pl\/wp-json\/wp\/v2\/comments?post=96781"}],"version-history":[{"count":0,"href":"https:\/\/www.europesays.com\/pl\/wp-json\/wp\/v2\/posts\/96781\/revisions"}],"wp:featuredmedia":[{"embeddable":true,"href":"https:\/\/www.europesays.com\/pl\/wp-json\/wp\/v2\/media\/96782"}],"wp:attachment":[{"href":"https:\/\/www.europesays.com\/pl\/wp-json\/wp\/v2\/media?parent=96781"}],"wp:term":[{"taxonomy":"category","embeddable":true,"href":"https:\/\/www.europesays.com\/pl\/wp-json\/wp\/v2\/categories?post=96781"},{"taxonomy":"post_tag","embeddable":true,"href":"https:\/\/www.europesays.com\/pl\/wp-json\/wp\/v2\/tags?post=96781"}],"curies":[{"name":"wp","href":"https:\/\/api.w.org\/{rel}","templated":true}]}}